{"id":1084,"date":"2019-10-11T14:27:25","date_gmt":"2019-10-11T11:27:25","guid":{"rendered":"https:\/\/annelertoplandik.com\/blog\/?p=1084"},"modified":"2022-08-16T11:42:48","modified_gmt":"2022-08-16T08:42:48","slug":"asermek-nedir-ve-gercekten-var-midir","status":"publish","type":"post","link":"https:\/\/annelertoplandik.com\/blog\/asermek-nedir-ve-gercekten-var-midir\/","title":{"rendered":"A\u015fermek Nedir ve Ger\u00e7ekten Var M\u0131d\u0131r?"},"content":{"rendered":"\n<p>Hamileli\u011fin ilk\naylar\u0131nda anne adaylar\u0131n\u0131n bir \u015feyi yemeyi a\u015f\u0131r\u0131 istemesi durumu <strong>a\u015fermek <\/strong>olarak\nadland\u0131r\u0131lmaktad\u0131r. Bu a\u015f\u0131r\u0131 derecede yeme iste\u011fi g\u00f6sterilen \u00fcr\u00fcn herhangi bir\nyiyecek maddesi ya da alakas\u0131z gelebilecek toprak, limontuzu, kil gibi \u015feyler\nde olabilir. A\u015fermenin bilimsel olarak kesin bir a\u00e7\u0131klamas\u0131 yap\u0131lamamakla\nbirlikte \u00e7o\u011fu doktorun ortak g\u00f6r\u00fc\u015f\u00fc hamileli\u011fin ilk aylar\u0131 dolay\u0131s\u0131yla de\u011fi\u015fen\nhormon seviyelerinin bir sonucu oldu\u011fu y\u00f6n\u00fcndedir. <\/p>\n\n\n\n<h2 class=\"wp-block-heading\">A\u015fermek Nas\u0131l Olur?<\/h2>\n\n\n\n<p>Hamileli\u011fin ilk aylar\u0131yla birlikte de\u011fi\u015fen hormon seviyeleri kad\u0131nlardaki baz\u0131 tat ve koku duyular\u0131nda da de\u011fi\u015fikliklere ve hassasiyetlere yol a\u00e7ar. Kim hamilelerde bulant\u0131yla birlikte seyreden bu hassasiyet baz\u0131 hamileliklerde de a\u015fermeyle kendini g\u00f6sterebilmektedir. Hamilelikte a\u015ferme \u00e7o\u011funlukla en ge\u00e7 son \u00fc\u00e7 ayl\u0131k periyota ula\u015fmadan bitmi\u015f olur. <\/p>\n\n\n\n<figure class=\"wp-block-image\"><img loading=\"lazy\" decoding=\"async\" width=\"870\" height=\"490\" src=\"https:\/\/annelertoplandik.com\/blog\/wp-content\/uploads\/2019\/10\/a\u015ferme-2.jpg\" alt=\"a\u015ferme-2\" class=\"wp-image-1086\" srcset=\"https:\/\/annelertoplandik.com\/blog\/wp-content\/uploads\/2019\/10\/a\u015ferme-2.jpg 870w, https:\/\/annelertoplandik.com\/blog\/wp-content\/uploads\/2019\/10\/a\u015ferme-2-300x169.jpg 300w, https:\/\/annelertoplandik.com\/blog\/wp-content\/uploads\/2019\/10\/a\u015ferme-2-768x433.jpg 768w, https:\/\/annelertoplandik.com\/blog\/wp-content\/uploads\/2019\/10\/a\u015ferme-2-696x392.jpg 696w, https:\/\/annelertoplandik.com\/blog\/wp-content\/uploads\/2019\/10\/a\u015ferme-2-746x420.jpg 746w\" sizes=\"(max-width: 870px) 100vw, 870px\" \/><\/figure>\n\n\n\n<p>Baz\u0131 uzmanlar\u0131n a\u00e7\u0131klamas\u0131na g\u00f6re hamilelikte a\u015ferme anne ve bebe\u011fin zararl\u0131 maddelere kar\u015f\u0131 geli\u015ftirdi\u011fi bir koruma sistemidir. Bebe\u011fin ve annenin ihtiya\u00e7lar\u0131 do\u011frultusunda annenin a\u015ferme olarak adland\u0131rd\u0131\u011f\u0131 eylem ger\u00e7ekle\u015fir. Mesela fazlas\u0131yla protein a\u011f\u0131rl\u0131kl\u0131 besleniyorsan\u0131z karbonhidrat a\u015ferebilirsiniz ya da tah\u0131l a\u011f\u0131rl\u0131kl\u0131 beslenenlerin tatl\u0131 g\u0131dalar a\u015fermesi olabilmektedir. Ayr\u0131ca bir anda yo\u011fun olarak s\u00fct i\u00e7me ihtiyac\u0131 duyman\u0131z, kalsiyum ihtiyac\u0131n\u0131zdan kaynaklan\u0131yor olabilir. Ayn\u0131 \u015fekilde anne aday\u0131n\u0131n hamilelikte g\u0131da d\u0131\u015f\u0131ndan \u00fcr\u00fcnlerden toprak, kum, kil, sabun t\u00fcketmeyi a\u015fermesi de pika sendromu olarak adland\u0131r\u0131lmaktad\u0131r ve bu durumdan doktorunuzun mutlaka haberdar edilmesi gerekmektedir. Bu tarz \u00fcr\u00fcnlerin a\u015ferilmesi annede yeme bozuklu\u011funun oldu\u011fu ya da kans\u0131zl\u0131k oldu\u011funun i\u015fareti olabilir. <\/p>\n\n\n\n<h2 class=\"wp-block-heading\">A\u015fermek Ger\u00e7ekten Var M\u0131?<\/h2>\n\n\n\n<figure class=\"wp-block-image\"><img loading=\"lazy\" decoding=\"async\" width=\"833\" height=\"555\" src=\"https:\/\/annelertoplandik.com\/blog\/wp-content\/uploads\/2019\/10\/hamile-a\u015ferme.jpg\" alt=\"hamile-a\u015ferme\" class=\"wp-image-1087\" srcset=\"https:\/\/annelertoplandik.com\/blog\/wp-content\/uploads\/2019\/10\/hamile-a\u015ferme.jpg 833w, https:\/\/annelertoplandik.com\/blog\/wp-content\/uploads\/2019\/10\/hamile-a\u015ferme-300x200.jpg 300w, https:\/\/annelertoplandik.com\/blog\/wp-content\/uploads\/2019\/10\/hamile-a\u015ferme-768x512.jpg 768w, https:\/\/annelertoplandik.com\/blog\/wp-content\/uploads\/2019\/10\/hamile-a\u015ferme-696x464.jpg 696w, https:\/\/annelertoplandik.com\/blog\/wp-content\/uploads\/2019\/10\/hamile-a\u015ferme-630x420.jpg 630w\" sizes=\"(max-width: 833px) 100vw, 833px\" \/><\/figure>\n\n\n\n<p>Ger\u00e7ekli\u011finin bilimsel bir kan\u0131t\u0131 olmasa da hamilelikte a\u015ferme bir\u00e7ok anne aday\u0131n\u0131n ya\u015fad\u0131\u011f\u0131n\u0131 s\u00f6yledi\u011fi bir olayd\u0131r. Doktorlar da baz\u0131 hormon de\u011fi\u015fikli\u011finden dolay\u0131 v\u00fccudun farkl\u0131 \u015feyleri isteyebilece\u011fini s\u00f6yl\u00fcyor. Anne aday\u0131n\u0131n <a href=\"https:\/\/annelertoplandik.com\/blog\/hamilelik-doneminde-olusan-ruhsal-degisimler\/\">de\u011fi\u015fen hormonlar <\/a>dolay\u0131s\u0131yla koku ve tat hassasiyetiyle her zaman yedi\u011fi yiyecekleri bile zaman zaman yemekte zorlanabilir ya da mide bulant\u0131s\u0131 ya\u015fayabilir. A\u015fermek de t\u0131pk\u0131 bunun gibi bir g\u0131da ya da g\u0131da d\u0131\u015f\u0131 bir \u00fcr\u00fcne kar\u015f\u0131 hissedilen a\u015f\u0131r\u0131 istektir. Bu y\u00fczden de ger\u00e7ekli\u011fi daha normal bir durum gibi gelmektedir. <\/p>\n\n\n\n<p>Hamilelikte a\u015ferme durumunu anne aday\u0131n\u0131n duygusal durumu da etkileyebilmektedir. \u00d6zellikle zor bir hamilelik ge\u00e7iren ya da kalabal\u0131k bir ortamda ya\u015fayan ilgiden uzak annenin ilgi \u00e7ekebilmek i\u00e7in de <strong>a\u015ferme<\/strong> gibi \u015feyleri biraz daha yo\u011fun ya\u015fad\u0131\u011f\u0131n\u0131 iddia etmesi de muhtemeldir. Hamilelik d\u00f6neminde de\u011fi\u015fen hormon seviyelerinin de etkisiyle ilgiye daha \u00e7ok ihtiya\u00e7 duymalar\u0131 da tabii ki normaldir. Hamilelikte birlikte ortaya \u00e7\u0131kan hormonel ve duygusal de\u011fi\u015fimler her kad\u0131nda farkl\u0131 \u015fekilde g\u00f6zlemlendi\u011finde hamilelikte <strong>a\u015ferme <\/strong>durumu da olduk\u00e7a ki\u015fisel bir deneyimdir. Dilerseniz di\u011fer anne adaylar\u0131n\u0131 <a href=\"https:\/\/hamilesorucevap.annelertoplandik.com\">buradan <\/a>sorular sorabilirsiniz.<\/p>\n","protected":false},"excerpt":{"rendered":"<p>Hamileli\u011fin ilk aylar\u0131nda anne adaylar\u0131n\u0131n bir \u015feyi yemeyi a\u015f\u0131r\u0131 istemesi durumu a\u015fermek olarak adland\u0131r\u0131lmaktad\u0131r. Bu a\u015f\u0131r\u0131 derecede yeme iste\u011fi g\u00f6sterilen \u00fcr\u00fcn herhangi bir yiyecek maddesi ya da alakas\u0131z gelebilecek toprak, limontuzu, kil gibi \u015feyler de olabilir. A\u015fermenin bilimsel olarak kesin bir a\u00e7\u0131klamas\u0131 yap\u0131lamamakla birlikte \u00e7o\u011fu doktorun ortak g\u00f6r\u00fc\u015f\u00fc hamileli\u011fin ilk aylar\u0131 dolay\u0131s\u0131yla de\u011fi\u015fen hormon seviyelerinin [&hellip;]<\/p>\n","protected":false},"author":8,"featured_media":1088,"comment_status":"open","ping_status":"open","sticky":false,"template":"","format":"standard","meta":{"tdm_status":"","tdm_grid_status":"","footnotes":""},"categories":[839,26],"tags":[],"yoast_head":"<!-- This site is optimized with the Yoast SEO plugin v24.5 - https:\/\/yoast.com\/wordpress\/plugins\/seo\/ -->\n<title>A\u015fermek Nedir ve Ger\u00e7ekten Var M\u0131d\u0131r? | Anneler Topland\u0131k<\/title>\n<meta name=\"description\" content=\"Hamileli\u011fin ilk aylar\u0131nda anne adaylar\u0131n\u0131n bir \u015feyi yemeyi a\u015f\u0131r\u0131 istemesi durumu a\u015fermek olarak adland\u0131r\u0131lmaktad\u0131r.\" \/>\n<meta name=\"robots\" content=\"index, follow, max-snippet:-1, max-image-preview:large, max-video-preview:-1\" \/>\n<link rel=\"canonical\" href=\"https:\/\/annelertoplandik.com\/blog\/asermek-nedir-ve-gercekten-var-midir\/\" \/>\n<meta property=\"og:locale\" content=\"tr_TR\" \/>\n<meta property=\"og:type\" content=\"article\" \/>\n<meta property=\"og:title\" content=\"A\u015fermek Nedir ve Ger\u00e7ekten Var M\u0131d\u0131r? | Anneler Topland\u0131k\" \/>\n<meta property=\"og:description\" content=\"Hamileli\u011fin ilk aylar\u0131nda anne adaylar\u0131n\u0131n bir \u015feyi yemeyi a\u015f\u0131r\u0131 istemesi durumu a\u015fermek olarak adland\u0131r\u0131lmaktad\u0131r.\" \/>\n<meta property=\"og:url\" content=\"https:\/\/annelertoplandik.com\/blog\/asermek-nedir-ve-gercekten-var-midir\/\" \/>\n<meta property=\"og:site_name\" content=\"Anneler Topland\u0131k\" \/>\n<meta property=\"article:published_time\" content=\"2019-10-11T11:27:25+00:00\" \/>\n<meta property=\"article:modified_time\" content=\"2022-08-16T08:42:48+00:00\" \/>\n<meta property=\"og:image\" content=\"https:\/\/annelertoplandik.com\/blog\/wp-content\/uploads\/2019\/10\/a\u015ferme.jpeg\" \/>\n\t<meta property=\"og:image:width\" content=\"750\" \/>\n\t<meta property=\"og:image:height\" content=\"422\" \/>\n\t<meta property=\"og:image:type\" content=\"image\/jpeg\" \/>\n<meta name=\"author\" content=\"Mustafa Bey\" \/>\n<meta name=\"twitter:card\" content=\"summary_large_image\" \/>\n<meta name=\"twitter:label1\" content=\"Yazan:\" \/>\n\t<meta name=\"twitter:data1\" content=\"Mustafa Bey\" \/>\n\t<meta name=\"twitter:label2\" content=\"Tahmini okuma s\u00fcresi\" \/>\n\t<meta name=\"twitter:data2\" content=\"3 dakika\" \/>\n<script type=\"application\/ld+json\" class=\"yoast-schema-graph\">{\"@context\":\"https:\/\/schema.org\",\"@graph\":[{\"@type\":\"Article\",\"@id\":\"https:\/\/annelertoplandik.com\/blog\/asermek-nedir-ve-gercekten-var-midir\/#article\",\"isPartOf\":{\"@id\":\"https:\/\/annelertoplandik.com\/blog\/asermek-nedir-ve-gercekten-var-midir\/\"},\"author\":{\"name\":\"Mustafa Bey\",\"@id\":\"https:\/\/annelertoplandik.com\/blog\/#\/schema\/person\/c987e95ce53ea5595abaf48a67c47ddc\"},\"headline\":\"A\u015fermek Nedir ve Ger\u00e7ekten Var M\u0131d\u0131r?\",\"datePublished\":\"2019-10-11T11:27:25+00:00\",\"dateModified\":\"2022-08-16T08:42:48+00:00\",\"mainEntityOfPage\":{\"@id\":\"https:\/\/annelertoplandik.com\/blog\/asermek-nedir-ve-gercekten-var-midir\/\"},\"wordCount\":533,\"commentCount\":0,\"publisher\":{\"@id\":\"https:\/\/annelertoplandik.com\/blog\/#\/schema\/person\/1fe572fbbce7ca9b1429e03f3fc0d0a8\"},\"image\":{\"@id\":\"https:\/\/annelertoplandik.com\/blog\/asermek-nedir-ve-gercekten-var-midir\/#primaryimage\"},\"thumbnailUrl\":\"https:\/\/annelertoplandik.com\/blog\/wp-content\/uploads\/2019\/10\/a\u015ferme.jpeg\",\"articleSection\":[\"15. Hafta Gebelik\",\"Hamilelikte Beslenme\"],\"inLanguage\":\"tr\",\"potentialAction\":[{\"@type\":\"CommentAction\",\"name\":\"Comment\",\"target\":[\"https:\/\/annelertoplandik.com\/blog\/asermek-nedir-ve-gercekten-var-midir\/#respond\"]}]},{\"@type\":\"WebPage\",\"@id\":\"https:\/\/annelertoplandik.com\/blog\/asermek-nedir-ve-gercekten-var-midir\/\",\"url\":\"https:\/\/annelertoplandik.com\/blog\/asermek-nedir-ve-gercekten-var-midir\/\",\"name\":\"A\u015fermek Nedir ve Ger\u00e7ekten Var M\u0131d\u0131r? | Anneler Topland\u0131k\",\"isPartOf\":{\"@id\":\"https:\/\/annelertoplandik.com\/blog\/#website\"},\"primaryImageOfPage\":{\"@id\":\"https:\/\/annelertoplandik.com\/blog\/asermek-nedir-ve-gercekten-var-midir\/#primaryimage\"},\"image\":{\"@id\":\"https:\/\/annelertoplandik.com\/blog\/asermek-nedir-ve-gercekten-var-midir\/#primaryimage\"},\"thumbnailUrl\":\"https:\/\/annelertoplandik.com\/blog\/wp-content\/uploads\/2019\/10\/a\u015ferme.jpeg\",\"datePublished\":\"2019-10-11T11:27:25+00:00\",\"dateModified\":\"2022-08-16T08:42:48+00:00\",\"description\":\"Hamileli\u011fin ilk aylar\u0131nda anne adaylar\u0131n\u0131n bir \u015feyi yemeyi a\u015f\u0131r\u0131 istemesi durumu a\u015fermek olarak adland\u0131r\u0131lmaktad\u0131r.\",\"breadcrumb\":{\"@id\":\"https:\/\/annelertoplandik.com\/blog\/asermek-nedir-ve-gercekten-var-midir\/#breadcrumb\"},\"inLanguage\":\"tr\",\"potentialAction\":[{\"@type\":\"ReadAction\",\"target\":[\"https:\/\/annelertoplandik.com\/blog\/asermek-nedir-ve-gercekten-var-midir\/\"]}]},{\"@type\":\"ImageObject\",\"inLanguage\":\"tr\",\"@id\":\"https:\/\/annelertoplandik.com\/blog\/asermek-nedir-ve-gercekten-var-midir\/#primaryimage\",\"url\":\"https:\/\/annelertoplandik.com\/blog\/wp-content\/uploads\/2019\/10\/a\u015ferme.jpeg\",\"contentUrl\":\"https:\/\/annelertoplandik.com\/blog\/wp-content\/uploads\/2019\/10\/a\u015ferme.jpeg\",\"width\":750,\"height\":422,\"caption\":\"a\u015ferme\"},{\"@type\":\"BreadcrumbList\",\"@id\":\"https:\/\/annelertoplandik.com\/blog\/asermek-nedir-ve-gercekten-var-midir\/#breadcrumb\",\"itemListElement\":[{\"@type\":\"ListItem\",\"position\":1,\"name\":\"Ana sayfa\",\"item\":\"https:\/\/annelertoplandik.com\/blog\/\"},{\"@type\":\"ListItem\",\"position\":2,\"name\":\"A\u015fermek Nedir ve Ger\u00e7ekten Var M\u0131d\u0131r?\"}]},{\"@type\":\"WebSite\",\"@id\":\"https:\/\/annelertoplandik.com\/blog\/#website\",\"url\":\"https:\/\/annelertoplandik.com\/blog\/\",\"name\":\"Anneler Topland\u0131k\",\"description\":\"Annelerin sanal payla\u015f\u0131m merkezi\",\"publisher\":{\"@id\":\"https:\/\/annelertoplandik.com\/blog\/#\/schema\/person\/1fe572fbbce7ca9b1429e03f3fc0d0a8\"},\"potentialAction\":[{\"@type\":\"SearchAction\",\"target\":{\"@type\":\"EntryPoint\",\"urlTemplate\":\"https:\/\/annelertoplandik.com\/blog\/?s={search_term_string}\"},\"query-input\":{\"@type\":\"PropertyValueSpecification\",\"valueRequired\":true,\"valueName\":\"search_term_string\"}}],\"inLanguage\":\"tr\"},{\"@type\":[\"Person\",\"Organization\"],\"@id\":\"https:\/\/annelertoplandik.com\/blog\/#\/schema\/person\/1fe572fbbce7ca9b1429e03f3fc0d0a8\",\"name\":\"Admin\",\"image\":{\"@type\":\"ImageObject\",\"inLanguage\":\"tr\",\"@id\":\"https:\/\/annelertoplandik.com\/blog\/#\/schema\/person\/image\/\",\"url\":\"https:\/\/annelertoplandik.com\/blog\/wp-content\/litespeed\/avatar\/b11040300c1fe933a5185741d40560b6.jpg?ver=1777032257\",\"contentUrl\":\"https:\/\/annelertoplandik.com\/blog\/wp-content\/litespeed\/avatar\/b11040300c1fe933a5185741d40560b6.jpg?ver=1777032257\",\"caption\":\"Admin\"},\"logo\":{\"@id\":\"https:\/\/annelertoplandik.com\/blog\/#\/schema\/person\/image\/\"}},{\"@type\":\"Person\",\"@id\":\"https:\/\/annelertoplandik.com\/blog\/#\/schema\/person\/c987e95ce53ea5595abaf48a67c47ddc\",\"name\":\"Mustafa Bey\",\"image\":{\"@type\":\"ImageObject\",\"inLanguage\":\"tr\",\"@id\":\"https:\/\/annelertoplandik.com\/blog\/#\/schema\/person\/image\/\",\"url\":\"https:\/\/annelertoplandik.com\/blog\/wp-content\/litespeed\/avatar\/8a4bf6fdf8a981f79ce9fa6f45b3c378.jpg?ver=1777042340\",\"contentUrl\":\"https:\/\/annelertoplandik.com\/blog\/wp-content\/litespeed\/avatar\/8a4bf6fdf8a981f79ce9fa6f45b3c378.jpg?ver=1777042340\",\"caption\":\"Mustafa Bey\"}}]}<\/script>\n<!-- \/ Yoast SEO plugin. -->","yoast_head_json":{"title":"A\u015fermek Nedir ve Ger\u00e7ekten Var M\u0131d\u0131r? | Anneler Topland\u0131k","description":"Hamileli\u011fin ilk aylar\u0131nda anne adaylar\u0131n\u0131n bir \u015feyi yemeyi a\u015f\u0131r\u0131 istemesi durumu a\u015fermek olarak adland\u0131r\u0131lmaktad\u0131r.","robots":{"index":"index","follow":"follow","max-snippet":"max-snippet:-1","max-image-preview":"max-image-preview:large","max-video-preview":"max-video-preview:-1"},"canonical":"https:\/\/annelertoplandik.com\/blog\/asermek-nedir-ve-gercekten-var-midir\/","og_locale":"tr_TR","og_type":"article","og_title":"A\u015fermek Nedir ve Ger\u00e7ekten Var M\u0131d\u0131r? | Anneler Topland\u0131k","og_description":"Hamileli\u011fin ilk aylar\u0131nda anne adaylar\u0131n\u0131n bir \u015feyi yemeyi a\u015f\u0131r\u0131 istemesi durumu a\u015fermek olarak adland\u0131r\u0131lmaktad\u0131r.","og_url":"https:\/\/annelertoplandik.com\/blog\/asermek-nedir-ve-gercekten-var-midir\/","og_site_name":"Anneler Topland\u0131k","article_published_time":"2019-10-11T11:27:25+00:00","article_modified_time":"2022-08-16T08:42:48+00:00","og_image":[{"width":750,"height":422,"url":"https:\/\/annelertoplandik.com\/blog\/wp-content\/uploads\/2019\/10\/a\u015ferme.jpeg","type":"image\/jpeg"}],"author":"Mustafa Bey","twitter_card":"summary_large_image","twitter_misc":{"Yazan:":"Mustafa Bey","Tahmini okuma s\u00fcresi":"3 dakika"},"schema":{"@context":"https:\/\/schema.org","@graph":[{"@type":"Article","@id":"https:\/\/annelertoplandik.com\/blog\/asermek-nedir-ve-gercekten-var-midir\/#article","isPartOf":{"@id":"https:\/\/annelertoplandik.com\/blog\/asermek-nedir-ve-gercekten-var-midir\/"},"author":{"name":"Mustafa Bey","@id":"https:\/\/annelertoplandik.com\/blog\/#\/schema\/person\/c987e95ce53ea5595abaf48a67c47ddc"},"headline":"A\u015fermek Nedir ve Ger\u00e7ekten Var M\u0131d\u0131r?","datePublished":"2019-10-11T11:27:25+00:00","dateModified":"2022-08-16T08:42:48+00:00","mainEntityOfPage":{"@id":"https:\/\/annelertoplandik.com\/blog\/asermek-nedir-ve-gercekten-var-midir\/"},"wordCount":533,"commentCount":0,"publisher":{"@id":"https:\/\/annelertoplandik.com\/blog\/#\/schema\/person\/1fe572fbbce7ca9b1429e03f3fc0d0a8"},"image":{"@id":"https:\/\/annelertoplandik.com\/blog\/asermek-nedir-ve-gercekten-var-midir\/#primaryimage"},"thumbnailUrl":"https:\/\/annelertoplandik.com\/blog\/wp-content\/uploads\/2019\/10\/a\u015ferme.jpeg","articleSection":["15. Hafta Gebelik","Hamilelikte Beslenme"],"inLanguage":"tr","potentialAction":[{"@type":"CommentAction","name":"Comment","target":["https:\/\/annelertoplandik.com\/blog\/asermek-nedir-ve-gercekten-var-midir\/#respond"]}]},{"@type":"WebPage","@id":"https:\/\/annelertoplandik.com\/blog\/asermek-nedir-ve-gercekten-var-midir\/","url":"https:\/\/annelertoplandik.com\/blog\/asermek-nedir-ve-gercekten-var-midir\/","name":"A\u015fermek Nedir ve Ger\u00e7ekten Var M\u0131d\u0131r? | Anneler Topland\u0131k","isPartOf":{"@id":"https:\/\/annelertoplandik.com\/blog\/#website"},"primaryImageOfPage":{"@id":"https:\/\/annelertoplandik.com\/blog\/asermek-nedir-ve-gercekten-var-midir\/#primaryimage"},"image":{"@id":"https:\/\/annelertoplandik.com\/blog\/asermek-nedir-ve-gercekten-var-midir\/#primaryimage"},"thumbnailUrl":"https:\/\/annelertoplandik.com\/blog\/wp-content\/uploads\/2019\/10\/a\u015ferme.jpeg","datePublished":"2019-10-11T11:27:25+00:00","dateModified":"2022-08-16T08:42:48+00:00","description":"Hamileli\u011fin ilk aylar\u0131nda anne adaylar\u0131n\u0131n bir \u015feyi yemeyi a\u015f\u0131r\u0131 istemesi durumu a\u015fermek olarak adland\u0131r\u0131lmaktad\u0131r.","breadcrumb":{"@id":"https:\/\/annelertoplandik.com\/blog\/asermek-nedir-ve-gercekten-var-midir\/#breadcrumb"},"inLanguage":"tr","potentialAction":[{"@type":"ReadAction","target":["https:\/\/annelertoplandik.com\/blog\/asermek-nedir-ve-gercekten-var-midir\/"]}]},{"@type":"ImageObject","inLanguage":"tr","@id":"https:\/\/annelertoplandik.com\/blog\/asermek-nedir-ve-gercekten-var-midir\/#primaryimage","url":"https:\/\/annelertoplandik.com\/blog\/wp-content\/uploads\/2019\/10\/a\u015ferme.jpeg","contentUrl":"https:\/\/annelertoplandik.com\/blog\/wp-content\/uploads\/2019\/10\/a\u015ferme.jpeg","width":750,"height":422,"caption":"a\u015ferme"},{"@type":"BreadcrumbList","@id":"https:\/\/annelertoplandik.com\/blog\/asermek-nedir-ve-gercekten-var-midir\/#breadcrumb","itemListElement":[{"@type":"ListItem","position":1,"name":"Ana sayfa","item":"https:\/\/annelertoplandik.com\/blog\/"},{"@type":"ListItem","position":2,"name":"A\u015fermek Nedir ve Ger\u00e7ekten Var M\u0131d\u0131r?"}]},{"@type":"WebSite","@id":"https:\/\/annelertoplandik.com\/blog\/#website","url":"https:\/\/annelertoplandik.com\/blog\/","name":"Anneler Topland\u0131k","description":"Annelerin sanal payla\u015f\u0131m merkezi","publisher":{"@id":"https:\/\/annelertoplandik.com\/blog\/#\/schema\/person\/1fe572fbbce7ca9b1429e03f3fc0d0a8"},"potentialAction":[{"@type":"SearchAction","target":{"@type":"EntryPoint","urlTemplate":"https:\/\/annelertoplandik.com\/blog\/?s={search_term_string}"},"query-input":{"@type":"PropertyValueSpecification","valueRequired":true,"valueName":"search_term_string"}}],"inLanguage":"tr"},{"@type":["Person","Organization"],"@id":"https:\/\/annelertoplandik.com\/blog\/#\/schema\/person\/1fe572fbbce7ca9b1429e03f3fc0d0a8","name":"Admin","image":{"@type":"ImageObject","inLanguage":"tr","@id":"https:\/\/annelertoplandik.com\/blog\/#\/schema\/person\/image\/","url":"https:\/\/annelertoplandik.com\/blog\/wp-content\/litespeed\/avatar\/b11040300c1fe933a5185741d40560b6.jpg?ver=1777032257","contentUrl":"https:\/\/annelertoplandik.com\/blog\/wp-content\/litespeed\/avatar\/b11040300c1fe933a5185741d40560b6.jpg?ver=1777032257","caption":"Admin"},"logo":{"@id":"https:\/\/annelertoplandik.com\/blog\/#\/schema\/person\/image\/"}},{"@type":"Person","@id":"https:\/\/annelertoplandik.com\/blog\/#\/schema\/person\/c987e95ce53ea5595abaf48a67c47ddc","name":"Mustafa Bey","image":{"@type":"ImageObject","inLanguage":"tr","@id":"https:\/\/annelertoplandik.com\/blog\/#\/schema\/person\/image\/","url":"https:\/\/annelertoplandik.com\/blog\/wp-content\/litespeed\/avatar\/8a4bf6fdf8a981f79ce9fa6f45b3c378.jpg?ver=1777042340","contentUrl":"https:\/\/annelertoplandik.com\/blog\/wp-content\/litespeed\/avatar\/8a4bf6fdf8a981f79ce9fa6f45b3c378.jpg?ver=1777042340","caption":"Mustafa Bey"}}]}},"amp_enabled":true,"_links":{"self":[{"href":"https:\/\/annelertoplandik.com\/blog\/wp-json\/wp\/v2\/posts\/1084"}],"collection":[{"href":"https:\/\/annelertoplandik.com\/blog\/wp-json\/wp\/v2\/posts"}],"about":[{"href":"https:\/\/annelertoplandik.com\/blog\/wp-json\/wp\/v2\/types\/post"}],"author":[{"embeddable":true,"href":"https:\/\/annelertoplandik.com\/blog\/wp-json\/wp\/v2\/users\/8"}],"replies":[{"embeddable":true,"href":"https:\/\/annelertoplandik.com\/blog\/wp-json\/wp\/v2\/comments?post=1084"}],"version-history":[{"count":0,"href":"https:\/\/annelertoplandik.com\/blog\/wp-json\/wp\/v2\/posts\/1084\/revisions"}],"wp:featuredmedia":[{"embeddable":true,"href":"https:\/\/annelertoplandik.com\/blog\/wp-json\/wp\/v2\/media\/1088"}],"wp:attachment":[{"href":"https:\/\/annelertoplandik.com\/blog\/wp-json\/wp\/v2\/media?parent=1084"}],"wp:term":[{"taxonomy":"category","embeddable":true,"href":"https:\/\/annelertoplandik.com\/blog\/wp-json\/wp\/v2\/categories?post=1084"},{"taxonomy":"post_tag","embeddable":true,"href":"https:\/\/annelertoplandik.com\/blog\/wp-json\/wp\/v2\/tags?post=1084"}],"curies":[{"name":"wp","href":"https:\/\/api.w.org\/{rel}","templated":true}]}}