{"id":1891,"date":"2020-02-27T14:57:52","date_gmt":"2020-02-27T11:57:52","guid":{"rendered":"https:\/\/annelertoplandik.com\/blog\/?p=1891"},"modified":"2020-02-27T15:12:22","modified_gmt":"2020-02-27T12:12:22","slug":"2-haftalik-gebelik-anne-ve-bebek","status":"publish","type":"post","link":"https:\/\/annelertoplandik.com\/blog\/2-haftalik-gebelik-anne-ve-bebek\/","title":{"rendered":"2 Haftal\u0131k Gebelik &#8211; Anne ve Bebek"},"content":{"rendered":"\n<p>Hamileli\u011finizin ikinci haftas\u0131ndaysan\u0131z, bu b\u00fcy\u00fcl\u00fc yolculu\u011fu tamamlamaya ve biricik bebe\u011finizi kuca\u011f\u0131n\u0131za alman\u0131za tam 259 g\u00fcn kalm\u0131\u015f demektir. 2 haftal\u0131k gebelikte hen\u00fcz bebek d\u00f6llenmi\u015f yumurta ve h\u00fccre \u015feklinde olaca\u011f\u0131ndan boyut, boy ve hareketlerinden s\u00f6z edilecek durumda de\u011fildir ama anne ve bebekte bir \u00e7ok de\u011fi\u015fim ya\u015fanmaya ba\u015flam\u0131\u015ft\u0131r.<\/p>\n\n\n\n<h2 class=\"wp-block-heading\">2 Haftal\u0131k Bebekte Annedeki De\u011fi\u015fiklikler<\/h2>\n\n\n\n<p>Bu d\u00f6nemde art\u0131k adet d\u00f6ng\u00fcs\u00fcne ara verilmi\u015f ve v\u00fccudunuzda\nfizyolojik &#8211; hormonal de\u011fi\u015fikliklere kap\u0131 aralanm\u0131\u015f demektir. Yumurtalar\u0131n\u0131z &nbsp;ise en aktif d\u00f6nemi ya\u015far. 2. Haftada yumurta\nh\u00fccresi geli\u015fimi&nbsp;devam ederken \u2018endometrium\u2019&nbsp;adl\u0131&nbsp;rahim zar\u0131&nbsp;kal\u0131nla\u015fmas\u0131\nda ya\u015fan\u0131r. Bu kal\u0131nla\u015fma,&nbsp; d\u00f6llenmenin\nard\u0131ndan olu\u015facak&nbsp;embriyonun rahime rahatl\u0131kla tutunmas\u0131 i\u00e7in gereklidir.\nAyr\u0131ca bebe\u011fin ihtiya\u00e7lar\u0131 i\u00e7in v\u00fccudun bu k\u0131sm\u0131nda kanlanma artar. Gebeli\u011fin\n2. haftas\u0131nda bebe\u011fin boyu b\u00fcy\u00fcmeye devam eder buna ek olarak endometrium denen\nrahim a\u011fz\u0131 kal\u0131nla\u015fmaya ba\u015flar ki embriyo b\u00f6ylelikle rahimde rahatl\u0131kla\ntutunabilmektedir. Gebelikte 2. haftada yumurta \u00e7atlayarak yumurtal\u0131ktan\nat\u0131l\u0131r, bu yumurtlaman\u0131n olu\u015fumuna delalettir. Birle\u015fme s\u0131ras\u0131nda say\u0131s\u0131z sperm\nvajinaya, rahime ve t\u00fcplere do\u011fru yola \u00e7\u0131kar. Burada spermlerden yaln\u0131zca bir\ntanesi yumurtan\u0131n d\u0131\u015f k\u0131sm\u0131na yap\u0131\u015farak yumurtada salg\u0131lanan baz\u0131 enzimler\nsayesinde i\u00e7eri girebilir. <\/p>\n\n\n\n<h2 class=\"wp-block-heading\"><strong>2 Haftal\u0131k Gebelikte\nBebek Geli\u015fimi<\/strong><\/h2>\n\n\n\n<p>\u0130kinci hafta sonunda geli\u015fen yumurta \u00e7atlar ve yumurtal\u0131ktan\nat\u0131l\u0131r b\u00f6ylelikle yumurtlama fenomeni olu\u015fur. \u00c7ift yumurta ikiz ve \u00fc\u00e7\u00fczlerinde\nise bu a\u015famada tek bir yumurta yerine birden fazla yumurta at\u0131lmaktad\u0131r. Asl\u0131nda\ngebelikte 2. hafta yumurtan\u0131n geli\u015ferek se\u00e7ildi\u011fi hafta olarak bilinir. 2.\nHaftada yumurtalardan yaln\u0131zca bir tanesi se\u00e7ilir ve geli\u015fecek bebe\u011fi olu\u015fturur.\nBu yumurtan\u0131n \u00f6mr\u00fc 24 saattir ve bu s\u00fcre\u00e7te sperm yumurtay\u0131 bularak d\u00f6ller\nsonu\u00e7ta da gebelik d\u00f6nemi start alm\u0131\u015f olur.<\/p>\n\n\n\n<div class=\"wp-block-image\"><figure class=\"aligncenter size-large\"><img loading=\"lazy\" decoding=\"async\" width=\"480\" height=\"480\" src=\"https:\/\/annelertoplandik.com\/blog\/wp-content\/uploads\/2020\/02\/zz_c2.jpg\" alt=\"2 haftal\u0131k gebelikte\" class=\"wp-image-2121\" srcset=\"https:\/\/annelertoplandik.com\/blog\/wp-content\/uploads\/2020\/02\/zz_c2.jpg 480w, https:\/\/annelertoplandik.com\/blog\/wp-content\/uploads\/2020\/02\/zz_c2-300x300.jpg 300w, https:\/\/annelertoplandik.com\/blog\/wp-content\/uploads\/2020\/02\/zz_c2-150x150.jpg 150w, https:\/\/annelertoplandik.com\/blog\/wp-content\/uploads\/2020\/02\/zz_c2-420x420.jpg 420w\" sizes=\"(max-width: 480px) 100vw, 480px\" \/><\/figure><\/div>\n\n\n\n<h3 class=\"wp-block-heading\">Bu a\u015famada Zararl\u0131 Al\u0131\u015fkanl\u0131klardan Kurtulmal\u0131s\u0131n\u0131z<\/h3>\n\n\n\n<p>Anne adaylar\u0131&nbsp;bu gibi hassas bir d\u00f6nemde \u00e7ok diren\u00e7li olamasa\nda ara\u015ft\u0131rmalara g\u00f6re zararl\u0131 al\u0131\u015fkanl\u0131klardan vazge\u00e7mek i\u00e7in en ideal d\u00f6nemi\nya\u015famaktad\u0131r. Zira hamileli\u011fin 2. haftas\u0131 ar\u0131nma konusunda \u00e7ok \u00f6nemlidir. &nbsp;Bu d\u00f6nemde halen daha kullan\u0131yorsan\u0131z\nkesinlikle alkol&nbsp;ve sigara kullan\u0131m\u0131n\u0131 keserek uygun ve&nbsp;sa\u011fl\u0131kl\u0131\nbeslenme&nbsp;al\u0131\u015fkanl\u0131klar\u0131na ge\u00e7melisiniz. Yine hen\u00fcz ba\u015flanmad\u0131ysan\u0131z&nbsp;folik\nasit&nbsp;al\u0131m\u0131na ba\u015flayarak \u2018Folik n\u00f6ral t\u00fcp defekt\u2019 riskini &nbsp;%50 oran\u0131nda \u00f6nleyebilirsiniz. Hafif\negzersizler yapabilir, pozitif d\u00fc\u015f\u00fcnerek, dinlenebilir, stresten uzak\ndurabilirsiniz. B\u00f6ylelikle d\u00fcnyaya gelecek bebe\u011finiz i\u00e7in en sa\u011fl\u0131kl\u0131 ortam\u0131\nhaz\u0131rlam\u0131\u015f olacaks\u0131n\u0131z<\/p>\n\n\n\n<h3 class=\"wp-block-heading\">2 Haftal\u0131k Bebek Hareketleri<\/h3>\n\n\n\n<p>Bu sayede d\u00f6llenme ger\u00e7ekle\u015fir ve bir hafta i\u00e7inde d\u00f6llenen\nyumurta h\u0131zl\u0131ca \u015fekil ve i\u00e7erik de\u011fi\u015ftirir. Burada ebeveyn kromozomlar\u0131, yumurta\nh\u00fccresinde birle\u015ferek h\u0131zl\u0131ca b\u00f6l\u00fcn\u00fcr ve \u00e7o\u011fal\u0131r. Sonu\u00e7ta d\u00f6llenen yumurta 32\nh\u00fccreye b\u00f6l\u00fcnm\u00fc\u015f olur. Spermde bask\u0131n olan X \u2013 Y kromozonu ile de k\u0131z \u2013 erkek\nbebek cinsiyeti belirlenmi\u015f olur.<\/p>\n\n\n\n<h3 class=\"wp-block-heading\">2 Haftal\u0131k Bebek Kilosu Ve Boyu <\/h3>\n\n\n\n<p>2 haftal\u0131k gebelikte hen\u00fcz bebek d\u00f6llenmi\u015f yumurta ve h\u00fccre\n\u015feklinde olaca\u011f\u0131ndan boyut, boy ve hareketlerinden s\u00f6z edilecek durumda\nde\u011fildir. <\/p>\n\n\n\n<figure class=\"wp-block-image size-large\"><img loading=\"lazy\" decoding=\"async\" width=\"720\" height=\"480\" src=\"https:\/\/annelertoplandik.com\/blog\/wp-content\/uploads\/2019\/10\/hamilelikte-dogru-beslenmenin-onemi.jpg\" alt=\"Hamilelikte Yetersiz ve Dengesiz Beslenmenin Zararlar\u0131?\" class=\"wp-image-1277\" srcset=\"https:\/\/annelertoplandik.com\/blog\/wp-content\/uploads\/2019\/10\/hamilelikte-dogru-beslenmenin-onemi.jpg 720w, https:\/\/annelertoplandik.com\/blog\/wp-content\/uploads\/2019\/10\/hamilelikte-dogru-beslenmenin-onemi-500x333.jpg 500w, https:\/\/annelertoplandik.com\/blog\/wp-content\/uploads\/2019\/10\/hamilelikte-dogru-beslenmenin-onemi-696x464.jpg 696w, https:\/\/annelertoplandik.com\/blog\/wp-content\/uploads\/2019\/10\/hamilelikte-dogru-beslenmenin-onemi-630x420.jpg 630w, https:\/\/annelertoplandik.com\/blog\/wp-content\/uploads\/2019\/10\/hamilelikte-dogru-beslenmenin-onemi-300x200.jpg 300w\" sizes=\"(max-width: 720px) 100vw, 720px\" \/><\/figure>\n\n\n\n<h2 class=\"wp-block-heading\">2 Haftal\u0131k Gebelikte Beslenme<\/h2>\n\n\n\n<p>Gebelikten \u00f6nceki iki ay ve ard\u0131ndan gebeli\u011fin ilk \u00fc\u00e7 ay\u0131nda mutlaka folik asit alman\u0131z gerekmektedir.&nbsp; Folik asit, embriyoda daha olu\u015fmadan \u00f6nce n\u00f6ral t\u00fcp defektlerini &nbsp;%70 oran\u0131nda \u00f6nlemektedir. N\u00f6ral t\u00fcp, &nbsp;beyin dokusu ve omurilik geli\u015fimini i\u00e7erir ve d\u00f6llenmeden sonraki 2. ile 3. haftada geli\u015fir.<br><a href=\"https:\/\/annelertoplandik.com\/blog\/hamilelikte-yetersiz-ve-dengesiz-beslenmenin-zararlari\/\">Bu makalemizde hamilelikte beslenme konusunda detayl\u0131 bilgi edinebilirsiniz.<\/a><\/p>\n\n\n\n<h2 class=\"wp-block-heading\">2 Haftal\u0131k Gebelikte Annedeki \u015eikayetler Ve Fizyolojik Geli\u015fmeler<\/h2>\n\n\n\n<p>2 haftal\u0131k gebelik periyodunda hen\u00fcz anneler v\u00fccudunda neler\nolup bitti\u011finin pek de fark\u0131nda olmad\u0131klar\u0131ndan \u00f6t\u00fcr\u00fc \u015fikayet verecek durum\nya\u015famaz. \u00d6te yandan bu d\u00f6nemde d\u00fc\u015f\u00fck tehlikesine kar\u015f\u0131n a\u015f\u0131r\u0131 ve yo\u011funluk\ni\u00e7eren hareketlerden ka\u00e7\u0131nmak gerekir. Hormonlar\u0131n h\u0131zl\u0131ca \u00e7al\u0131\u015ft\u0131\u011f\u0131 bu\nhaftalarda d\u00f6llenen yumurta geli\u015fmeye devam ederken anne v\u00fccudunda da g\u00f6\u011f\u00fcs hassasiyeti,\nkar\u0131n \u2013 kas\u0131k a\u011fr\u0131lar\u0131, vajinal ak\u0131nt\u0131 ve v\u00fccut \u0131s\u0131s\u0131nda art\u0131\u015f\u0131\ng\u00f6r\u00fclebilmektedir.<\/p>\n\n\n\n<figure class=\"wp-block-image size-large\"><img loading=\"lazy\" decoding=\"async\" width=\"1024\" height=\"682\" src=\"https:\/\/annelertoplandik.com\/blog\/wp-content\/uploads\/2019\/09\/pregnant-2568395_1280-1024x682.jpg\" alt=\"hamilelikte egzersiz\" class=\"wp-image-545\" srcset=\"https:\/\/annelertoplandik.com\/blog\/wp-content\/uploads\/2019\/09\/pregnant-2568395_1280-1024x682.jpg 1024w, https:\/\/annelertoplandik.com\/blog\/wp-content\/uploads\/2019\/09\/pregnant-2568395_1280-300x200.jpg 300w, https:\/\/annelertoplandik.com\/blog\/wp-content\/uploads\/2019\/09\/pregnant-2568395_1280-768x512.jpg 768w, https:\/\/annelertoplandik.com\/blog\/wp-content\/uploads\/2019\/09\/pregnant-2568395_1280-696x464.jpg 696w, https:\/\/annelertoplandik.com\/blog\/wp-content\/uploads\/2019\/09\/pregnant-2568395_1280-1068x712.jpg 1068w, https:\/\/annelertoplandik.com\/blog\/wp-content\/uploads\/2019\/09\/pregnant-2568395_1280-630x420.jpg 630w, https:\/\/annelertoplandik.com\/blog\/wp-content\/uploads\/2019\/09\/pregnant-2568395_1280.jpg 1280w\" sizes=\"(max-width: 1024px) 100vw, 1024px\" \/><\/figure>\n\n\n\n<h3 class=\"wp-block-heading\">2 Haftal\u0131k Gebelikte Dikkat Edilmesi Gerekenler; &nbsp;Spor Ve Cinsellik<\/h3>\n\n\n\n<p>Gebelikte egzersiz yapmak \u00e7ok faydal\u0131d\u0131r. Elbette \u00e7ok a\u011f\u0131r olmayan yatt\u0131\u011f\u0131n\u0131z ya da oturdu\u011funuz yerde (oturarak ya da uzanarak) yapabilece\u011finiz hafif egzersizlerden ya da hafif y\u00fcr\u00fcy\u00fc\u015flerden s\u00f6z ediyoruz. B\u00f6ylelikle hem kaliteli vakit ge\u00e7irebilece\u011finiz gibi do\u011fumunuzun da kolay ge\u00e7mesini sa\u011flayabilirsiniz. Ayr\u0131ca doktorunuz aksini s\u00f6ylemedik\u00e7e ve gebeli\u011finizde herhangi sorun olmad\u0131k\u00e7a gebelik s\u00fcresinde cinsel ya\u015fam\u0131n\u0131z\u0131 s\u00fcrd\u00fcrebilirsiniz.<br><a href=\"https:\/\/annelertoplandik.com\/blog\/hamilelikte-egzersiz-yaparken-nelere-dikkat-edilmeli\/\">Bu makalemizde hamilelikte egzersiz konusunda detayl\u0131 bilgi edinebilirsiniz.<\/a><\/p>\n\n\n\n<h2 class=\"wp-block-heading\">2 Haftal\u0131k Gebelikte \u00d6neriler<\/h2>\n\n\n\n<p>Toparlayacak olursak hamileli\u011fin 2. haftas\u0131nda y\u00fcr\u00fcy\u00fc\u015f\ntarz\u0131nda &nbsp;sizi yormayan egzersizler\nyapabilece\u011finiz gibi varsa k\u00f6t\u00fc al\u0131\u015fkanl\u0131klardan ar\u0131nmal\u0131 ve hen\u00fcz\nba\u015flamad\u0131ysan\u0131z folik asit takviyesine ge\u00e7melisiniz.<\/p>\n","protected":false},"excerpt":{"rendered":"<p>Hamileli\u011finizin ikinci haftas\u0131ndaysan\u0131z, bu b\u00fcy\u00fcl\u00fc yolculu\u011fu tamamlamaya ve biricik bebe\u011finizi kuca\u011f\u0131n\u0131za alman\u0131za tam 259 g\u00fcn kalm\u0131\u015f demektir. 2 haftal\u0131k gebelikte hen\u00fcz bebek d\u00f6llenmi\u015f yumurta ve h\u00fccre \u015feklinde olaca\u011f\u0131ndan boyut, boy ve hareketlerinden s\u00f6z edilecek durumda de\u011fildir ama anne ve bebekte bir \u00e7ok de\u011fi\u015fim ya\u015fanmaya ba\u015flam\u0131\u015ft\u0131r. 2 Haftal\u0131k Bebekte Annedeki De\u011fi\u015fiklikler Bu d\u00f6nemde art\u0131k adet d\u00f6ng\u00fcs\u00fcne [&hellip;]<\/p>\n","protected":false},"author":1,"featured_media":2122,"comment_status":"open","ping_status":"open","sticky":false,"template":"","format":"standard","meta":{"tdm_status":"","tdm_grid_status":"","footnotes":""},"categories":[62],"tags":[],"yoast_head":"<!-- This site is optimized with the Yoast SEO plugin v24.5 - https:\/\/yoast.com\/wordpress\/plugins\/seo\/ -->\n<title>2 Haftal\u0131k Gebelik - Anne ve Bebek | Anneler Topland\u0131k<\/title>\n<meta name=\"description\" content=\"2 haftal\u0131k gebelikte hen\u00fcz bebek d\u00f6llenmi\u015f yumurta ve h\u00fccre \u015feklinde olaca\u011f\u0131ndan boyut, boy ve hareketlerinden s\u00f6z edilecek durumda de\u011fildir.\" \/>\n<meta name=\"robots\" content=\"index, follow, max-snippet:-1, max-image-preview:large, max-video-preview:-1\" \/>\n<link rel=\"canonical\" href=\"https:\/\/annelertoplandik.com\/blog\/2-haftalik-gebelik-anne-ve-bebek\/\" \/>\n<meta property=\"og:locale\" content=\"tr_TR\" \/>\n<meta property=\"og:type\" content=\"article\" \/>\n<meta property=\"og:title\" content=\"2 Haftal\u0131k Gebelik - Anne ve Bebek | Anneler Topland\u0131k\" \/>\n<meta property=\"og:description\" content=\"2 haftal\u0131k gebelikte hen\u00fcz bebek d\u00f6llenmi\u015f yumurta ve h\u00fccre \u015feklinde olaca\u011f\u0131ndan boyut, boy ve hareketlerinden s\u00f6z edilecek durumda de\u011fildir.\" \/>\n<meta property=\"og:url\" content=\"https:\/\/annelertoplandik.com\/blog\/2-haftalik-gebelik-anne-ve-bebek\/\" \/>\n<meta property=\"og:site_name\" content=\"Anneler Topland\u0131k\" \/>\n<meta property=\"article:published_time\" content=\"2020-02-27T11:57:52+00:00\" \/>\n<meta property=\"article:modified_time\" content=\"2020-02-27T12:12:22+00:00\" \/>\n<meta property=\"og:image\" content=\"https:\/\/annelertoplandik.com\/blog\/wp-content\/uploads\/2020\/02\/hamilehafta-2.jpg\" \/>\n\t<meta property=\"og:image:width\" content=\"1500\" \/>\n\t<meta property=\"og:image:height\" content=\"1500\" \/>\n\t<meta property=\"og:image:type\" content=\"image\/jpeg\" \/>\n<meta name=\"author\" content=\"Admin\" \/>\n<meta name=\"twitter:card\" content=\"summary_large_image\" \/>\n<meta name=\"twitter:label1\" content=\"Yazan:\" \/>\n\t<meta name=\"twitter:data1\" content=\"Admin\" \/>\n\t<meta name=\"twitter:label2\" content=\"Tahmini okuma s\u00fcresi\" \/>\n\t<meta name=\"twitter:data2\" content=\"5 dakika\" \/>\n<script type=\"application\/ld+json\" class=\"yoast-schema-graph\">{\"@context\":\"https:\/\/schema.org\",\"@graph\":[{\"@type\":\"Article\",\"@id\":\"https:\/\/annelertoplandik.com\/blog\/2-haftalik-gebelik-anne-ve-bebek\/#article\",\"isPartOf\":{\"@id\":\"https:\/\/annelertoplandik.com\/blog\/2-haftalik-gebelik-anne-ve-bebek\/\"},\"author\":{\"name\":\"Admin\",\"@id\":\"https:\/\/annelertoplandik.com\/blog\/#\/schema\/person\/1fe572fbbce7ca9b1429e03f3fc0d0a8\"},\"headline\":\"2 Haftal\u0131k Gebelik &#8211; Anne ve Bebek\",\"datePublished\":\"2020-02-27T11:57:52+00:00\",\"dateModified\":\"2020-02-27T12:12:22+00:00\",\"mainEntityOfPage\":{\"@id\":\"https:\/\/annelertoplandik.com\/blog\/2-haftalik-gebelik-anne-ve-bebek\/\"},\"wordCount\":918,\"commentCount\":0,\"publisher\":{\"@id\":\"https:\/\/annelertoplandik.com\/blog\/#\/schema\/person\/1fe572fbbce7ca9b1429e03f3fc0d0a8\"},\"image\":{\"@id\":\"https:\/\/annelertoplandik.com\/blog\/2-haftalik-gebelik-anne-ve-bebek\/#primaryimage\"},\"thumbnailUrl\":\"https:\/\/annelertoplandik.com\/blog\/wp-content\/uploads\/2020\/02\/hamilehafta-2.jpg\",\"articleSection\":[\"Hafta Hafta Gebelik\"],\"inLanguage\":\"tr\",\"potentialAction\":[{\"@type\":\"CommentAction\",\"name\":\"Comment\",\"target\":[\"https:\/\/annelertoplandik.com\/blog\/2-haftalik-gebelik-anne-ve-bebek\/#respond\"]}]},{\"@type\":\"WebPage\",\"@id\":\"https:\/\/annelertoplandik.com\/blog\/2-haftalik-gebelik-anne-ve-bebek\/\",\"url\":\"https:\/\/annelertoplandik.com\/blog\/2-haftalik-gebelik-anne-ve-bebek\/\",\"name\":\"2 Haftal\u0131k Gebelik - Anne ve Bebek | Anneler Topland\u0131k\",\"isPartOf\":{\"@id\":\"https:\/\/annelertoplandik.com\/blog\/#website\"},\"primaryImageOfPage\":{\"@id\":\"https:\/\/annelertoplandik.com\/blog\/2-haftalik-gebelik-anne-ve-bebek\/#primaryimage\"},\"image\":{\"@id\":\"https:\/\/annelertoplandik.com\/blog\/2-haftalik-gebelik-anne-ve-bebek\/#primaryimage\"},\"thumbnailUrl\":\"https:\/\/annelertoplandik.com\/blog\/wp-content\/uploads\/2020\/02\/hamilehafta-2.jpg\",\"datePublished\":\"2020-02-27T11:57:52+00:00\",\"dateModified\":\"2020-02-27T12:12:22+00:00\",\"description\":\"2 haftal\u0131k gebelikte hen\u00fcz bebek d\u00f6llenmi\u015f yumurta ve h\u00fccre \u015feklinde olaca\u011f\u0131ndan boyut, boy ve hareketlerinden s\u00f6z edilecek durumda de\u011fildir.\",\"breadcrumb\":{\"@id\":\"https:\/\/annelertoplandik.com\/blog\/2-haftalik-gebelik-anne-ve-bebek\/#breadcrumb\"},\"inLanguage\":\"tr\",\"potentialAction\":[{\"@type\":\"ReadAction\",\"target\":[\"https:\/\/annelertoplandik.com\/blog\/2-haftalik-gebelik-anne-ve-bebek\/\"]}]},{\"@type\":\"ImageObject\",\"inLanguage\":\"tr\",\"@id\":\"https:\/\/annelertoplandik.com\/blog\/2-haftalik-gebelik-anne-ve-bebek\/#primaryimage\",\"url\":\"https:\/\/annelertoplandik.com\/blog\/wp-content\/uploads\/2020\/02\/hamilehafta-2.jpg\",\"contentUrl\":\"https:\/\/annelertoplandik.com\/blog\/wp-content\/uploads\/2020\/02\/hamilehafta-2.jpg\",\"width\":1500,\"height\":1500},{\"@type\":\"BreadcrumbList\",\"@id\":\"https:\/\/annelertoplandik.com\/blog\/2-haftalik-gebelik-anne-ve-bebek\/#breadcrumb\",\"itemListElement\":[{\"@type\":\"ListItem\",\"position\":1,\"name\":\"Ana sayfa\",\"item\":\"https:\/\/annelertoplandik.com\/blog\/\"},{\"@type\":\"ListItem\",\"position\":2,\"name\":\"2 Haftal\u0131k Gebelik &#8211; Anne ve Bebek\"}]},{\"@type\":\"WebSite\",\"@id\":\"https:\/\/annelertoplandik.com\/blog\/#website\",\"url\":\"https:\/\/annelertoplandik.com\/blog\/\",\"name\":\"Anneler Topland\u0131k\",\"description\":\"Annelerin sanal payla\u015f\u0131m merkezi\",\"publisher\":{\"@id\":\"https:\/\/annelertoplandik.com\/blog\/#\/schema\/person\/1fe572fbbce7ca9b1429e03f3fc0d0a8\"},\"potentialAction\":[{\"@type\":\"SearchAction\",\"target\":{\"@type\":\"EntryPoint\",\"urlTemplate\":\"https:\/\/annelertoplandik.com\/blog\/?s={search_term_string}\"},\"query-input\":{\"@type\":\"PropertyValueSpecification\",\"valueRequired\":true,\"valueName\":\"search_term_string\"}}],\"inLanguage\":\"tr\"},{\"@type\":[\"Person\",\"Organization\"],\"@id\":\"https:\/\/annelertoplandik.com\/blog\/#\/schema\/person\/1fe572fbbce7ca9b1429e03f3fc0d0a8\",\"name\":\"Admin\",\"image\":{\"@type\":\"ImageObject\",\"inLanguage\":\"tr\",\"@id\":\"https:\/\/annelertoplandik.com\/blog\/#\/schema\/person\/image\/\",\"url\":\"https:\/\/annelertoplandik.com\/blog\/wp-content\/litespeed\/avatar\/b11040300c1fe933a5185741d40560b6.jpg?ver=1777032257\",\"contentUrl\":\"https:\/\/annelertoplandik.com\/blog\/wp-content\/litespeed\/avatar\/b11040300c1fe933a5185741d40560b6.jpg?ver=1777032257\",\"caption\":\"Admin\"},\"logo\":{\"@id\":\"https:\/\/annelertoplandik.com\/blog\/#\/schema\/person\/image\/\"}}]}<\/script>\n<!-- \/ Yoast SEO plugin. -->","yoast_head_json":{"title":"2 Haftal\u0131k Gebelik - Anne ve Bebek | Anneler Topland\u0131k","description":"2 haftal\u0131k gebelikte hen\u00fcz bebek d\u00f6llenmi\u015f yumurta ve h\u00fccre \u015feklinde olaca\u011f\u0131ndan boyut, boy ve hareketlerinden s\u00f6z edilecek durumda de\u011fildir.","robots":{"index":"index","follow":"follow","max-snippet":"max-snippet:-1","max-image-preview":"max-image-preview:large","max-video-preview":"max-video-preview:-1"},"canonical":"https:\/\/annelertoplandik.com\/blog\/2-haftalik-gebelik-anne-ve-bebek\/","og_locale":"tr_TR","og_type":"article","og_title":"2 Haftal\u0131k Gebelik - Anne ve Bebek | Anneler Topland\u0131k","og_description":"2 haftal\u0131k gebelikte hen\u00fcz bebek d\u00f6llenmi\u015f yumurta ve h\u00fccre \u015feklinde olaca\u011f\u0131ndan boyut, boy ve hareketlerinden s\u00f6z edilecek durumda de\u011fildir.","og_url":"https:\/\/annelertoplandik.com\/blog\/2-haftalik-gebelik-anne-ve-bebek\/","og_site_name":"Anneler Topland\u0131k","article_published_time":"2020-02-27T11:57:52+00:00","article_modified_time":"2020-02-27T12:12:22+00:00","og_image":[{"width":1500,"height":1500,"url":"https:\/\/annelertoplandik.com\/blog\/wp-content\/uploads\/2020\/02\/hamilehafta-2.jpg","type":"image\/jpeg"}],"author":"Admin","twitter_card":"summary_large_image","twitter_misc":{"Yazan:":"Admin","Tahmini okuma s\u00fcresi":"5 dakika"},"schema":{"@context":"https:\/\/schema.org","@graph":[{"@type":"Article","@id":"https:\/\/annelertoplandik.com\/blog\/2-haftalik-gebelik-anne-ve-bebek\/#article","isPartOf":{"@id":"https:\/\/annelertoplandik.com\/blog\/2-haftalik-gebelik-anne-ve-bebek\/"},"author":{"name":"Admin","@id":"https:\/\/annelertoplandik.com\/blog\/#\/schema\/person\/1fe572fbbce7ca9b1429e03f3fc0d0a8"},"headline":"2 Haftal\u0131k Gebelik &#8211; Anne ve Bebek","datePublished":"2020-02-27T11:57:52+00:00","dateModified":"2020-02-27T12:12:22+00:00","mainEntityOfPage":{"@id":"https:\/\/annelertoplandik.com\/blog\/2-haftalik-gebelik-anne-ve-bebek\/"},"wordCount":918,"commentCount":0,"publisher":{"@id":"https:\/\/annelertoplandik.com\/blog\/#\/schema\/person\/1fe572fbbce7ca9b1429e03f3fc0d0a8"},"image":{"@id":"https:\/\/annelertoplandik.com\/blog\/2-haftalik-gebelik-anne-ve-bebek\/#primaryimage"},"thumbnailUrl":"https:\/\/annelertoplandik.com\/blog\/wp-content\/uploads\/2020\/02\/hamilehafta-2.jpg","articleSection":["Hafta Hafta Gebelik"],"inLanguage":"tr","potentialAction":[{"@type":"CommentAction","name":"Comment","target":["https:\/\/annelertoplandik.com\/blog\/2-haftalik-gebelik-anne-ve-bebek\/#respond"]}]},{"@type":"WebPage","@id":"https:\/\/annelertoplandik.com\/blog\/2-haftalik-gebelik-anne-ve-bebek\/","url":"https:\/\/annelertoplandik.com\/blog\/2-haftalik-gebelik-anne-ve-bebek\/","name":"2 Haftal\u0131k Gebelik - Anne ve Bebek | Anneler Topland\u0131k","isPartOf":{"@id":"https:\/\/annelertoplandik.com\/blog\/#website"},"primaryImageOfPage":{"@id":"https:\/\/annelertoplandik.com\/blog\/2-haftalik-gebelik-anne-ve-bebek\/#primaryimage"},"image":{"@id":"https:\/\/annelertoplandik.com\/blog\/2-haftalik-gebelik-anne-ve-bebek\/#primaryimage"},"thumbnailUrl":"https:\/\/annelertoplandik.com\/blog\/wp-content\/uploads\/2020\/02\/hamilehafta-2.jpg","datePublished":"2020-02-27T11:57:52+00:00","dateModified":"2020-02-27T12:12:22+00:00","description":"2 haftal\u0131k gebelikte hen\u00fcz bebek d\u00f6llenmi\u015f yumurta ve h\u00fccre \u015feklinde olaca\u011f\u0131ndan boyut, boy ve hareketlerinden s\u00f6z edilecek durumda de\u011fildir.","breadcrumb":{"@id":"https:\/\/annelertoplandik.com\/blog\/2-haftalik-gebelik-anne-ve-bebek\/#breadcrumb"},"inLanguage":"tr","potentialAction":[{"@type":"ReadAction","target":["https:\/\/annelertoplandik.com\/blog\/2-haftalik-gebelik-anne-ve-bebek\/"]}]},{"@type":"ImageObject","inLanguage":"tr","@id":"https:\/\/annelertoplandik.com\/blog\/2-haftalik-gebelik-anne-ve-bebek\/#primaryimage","url":"https:\/\/annelertoplandik.com\/blog\/wp-content\/uploads\/2020\/02\/hamilehafta-2.jpg","contentUrl":"https:\/\/annelertoplandik.com\/blog\/wp-content\/uploads\/2020\/02\/hamilehafta-2.jpg","width":1500,"height":1500},{"@type":"BreadcrumbList","@id":"https:\/\/annelertoplandik.com\/blog\/2-haftalik-gebelik-anne-ve-bebek\/#breadcrumb","itemListElement":[{"@type":"ListItem","position":1,"name":"Ana sayfa","item":"https:\/\/annelertoplandik.com\/blog\/"},{"@type":"ListItem","position":2,"name":"2 Haftal\u0131k Gebelik &#8211; Anne ve Bebek"}]},{"@type":"WebSite","@id":"https:\/\/annelertoplandik.com\/blog\/#website","url":"https:\/\/annelertoplandik.com\/blog\/","name":"Anneler Topland\u0131k","description":"Annelerin sanal payla\u015f\u0131m merkezi","publisher":{"@id":"https:\/\/annelertoplandik.com\/blog\/#\/schema\/person\/1fe572fbbce7ca9b1429e03f3fc0d0a8"},"potentialAction":[{"@type":"SearchAction","target":{"@type":"EntryPoint","urlTemplate":"https:\/\/annelertoplandik.com\/blog\/?s={search_term_string}"},"query-input":{"@type":"PropertyValueSpecification","valueRequired":true,"valueName":"search_term_string"}}],"inLanguage":"tr"},{"@type":["Person","Organization"],"@id":"https:\/\/annelertoplandik.com\/blog\/#\/schema\/person\/1fe572fbbce7ca9b1429e03f3fc0d0a8","name":"Admin","image":{"@type":"ImageObject","inLanguage":"tr","@id":"https:\/\/annelertoplandik.com\/blog\/#\/schema\/person\/image\/","url":"https:\/\/annelertoplandik.com\/blog\/wp-content\/litespeed\/avatar\/b11040300c1fe933a5185741d40560b6.jpg?ver=1777032257","contentUrl":"https:\/\/annelertoplandik.com\/blog\/wp-content\/litespeed\/avatar\/b11040300c1fe933a5185741d40560b6.jpg?ver=1777032257","caption":"Admin"},"logo":{"@id":"https:\/\/annelertoplandik.com\/blog\/#\/schema\/person\/image\/"}}]}},"amp_enabled":true,"_links":{"self":[{"href":"https:\/\/annelertoplandik.com\/blog\/wp-json\/wp\/v2\/posts\/1891"}],"collection":[{"href":"https:\/\/annelertoplandik.com\/blog\/wp-json\/wp\/v2\/posts"}],"about":[{"href":"https:\/\/annelertoplandik.com\/blog\/wp-json\/wp\/v2\/types\/post"}],"author":[{"embeddable":true,"href":"https:\/\/annelertoplandik.com\/blog\/wp-json\/wp\/v2\/users\/1"}],"replies":[{"embeddable":true,"href":"https:\/\/annelertoplandik.com\/blog\/wp-json\/wp\/v2\/comments?post=1891"}],"version-history":[{"count":0,"href":"https:\/\/annelertoplandik.com\/blog\/wp-json\/wp\/v2\/posts\/1891\/revisions"}],"wp:featuredmedia":[{"embeddable":true,"href":"https:\/\/annelertoplandik.com\/blog\/wp-json\/wp\/v2\/media\/2122"}],"wp:attachment":[{"href":"https:\/\/annelertoplandik.com\/blog\/wp-json\/wp\/v2\/media?parent=1891"}],"wp:term":[{"taxonomy":"category","embeddable":true,"href":"https:\/\/annelertoplandik.com\/blog\/wp-json\/wp\/v2\/categories?post=1891"},{"taxonomy":"post_tag","embeddable":true,"href":"https:\/\/annelertoplandik.com\/blog\/wp-json\/wp\/v2\/tags?post=1891"}],"curies":[{"name":"wp","href":"https:\/\/api.w.org\/{rel}","templated":true}]}}