{"id":1916,"date":"2020-07-29T21:18:05","date_gmt":"2020-07-29T18:18:05","guid":{"rendered":"https:\/\/annelertoplandik.com\/blog\/?p=1916"},"modified":"2020-07-30T12:52:18","modified_gmt":"2020-07-30T09:52:18","slug":"14-haftalik-gebelik-anne-ve-bebek","status":"publish","type":"post","link":"https:\/\/annelertoplandik.com\/blog\/14-haftalik-gebelik-anne-ve-bebek\/","title":{"rendered":"14 Haftal\u0131k Gebelik &#8211; Anne ve Bebek"},"content":{"rendered":"\n<p>14 haftal\u0131k gebelik d\u00f6nemi hamileli\u011fin ikinci trimester d\u00f6nemi olarak tan\u0131mlanmaktad\u0131r. Art\u0131k bebe\u011finizin parmak izleri bile olu\u015fmu\u015f durumdad\u0131r.&nbsp; \u0130kinci trimester d\u00f6nemi, hamileli\u011fin 13 &#8211; 17. hafta aral\u0131\u011f\u0131n\u0131 kapsar. Art\u0131k bulant\u0131 ve bitkinlik halinin azalaca\u011f\u0131 bir d\u00f6neme girmi\u015f bulunuyorsunuz. Bu a\u015famada bebe\u011finizin beyin ve g\u00f6z geli\u015fimi ise \u00f6nemli \u00f6l\u00e7\u00fcde geli\u015fecektir.<\/p>\n\n\n\n<h3 class=\"wp-block-heading\">14 Haftal\u0131k Gebelikte Bebek Geli\u015fimi<\/h3>\n\n\n\n<p>Art\u0131k bebe\u011finizin <a href=\"https:\/\/annelertoplandik.com\/blog\/gobek-bagi-bakimi-nasil-olmali\/\">ba\u011f<\/a> \u00e7at\u0131s\u0131 olu\u015fur ve yanak geli\u015fimi ile emme refleksi desteklenir.\u00a0 Bu d\u00f6nemde erkek bebeklerin prostat\u0131, k\u0131z bebeklerin ise yumurtal\u0131k pelvisleri geli\u015fir. Yine bebe\u011finizin y\u00fcz kaslar\u0131 geli\u015fme a\u015famas\u0131ndad\u0131r. \u0130nce ba\u011f\u0131rsaklar\u0131 geli\u015firken karaci\u011feri ise safra \u00fcretimine ge\u00e7er.\u00a0 Pankreas ise ins\u00fclin hormonu \u00fcretimine ba\u015flar. \u015eu a\u015famada bebe\u011fin kollar\u0131 orant\u0131s\u0131z durumdad\u0131r. Bacaklar, b\u00fcy\u00fcme e\u011filimindedir. Sa\u00e7 ve ka\u015f t\u00fcyleri ile birlikte parmak izleri de olu\u015fmaya ba\u015flam\u0131\u015ft\u0131r. \u00a0Bebe\u011finiz b\u00fct\u00fcn v\u00fccuduna yay\u0131lan lanugo adl\u0131 ince t\u00fcyler geli\u015fmeye ba\u015flamaktad\u0131r. Yine 14. Haftada dalak, k\u0131rm\u0131z\u0131 kan h\u00fccresi \u00fcretir. Ayr\u0131ca bebe\u011fin ince ba\u011f\u0131rsaklar\u0131 bir at\u0131k t\u00fcr\u00fc olan \u201cmekonyum\u201d \u00fcretir. \u00a0<\/p>\n\n\n\n<h3 class=\"wp-block-heading\">14 Haftal\u0131k Bebek Kilosu Ve Boyu<\/h3>\n\n\n\n<p>14. haftada bebe\u011finizin boyu 51 mm ila 102 mm civar\u0131ndad\u0131r.\nKilosu ise 42 gramd\u0131r. Ba\u015f\u0131 90 cm kadar yani bir limon boyutlar\u0131ndad\u0131r. Ba\u015f\u0131n\u0131n\na\u011f\u0131rl\u0131\u011f\u0131 ise 14 gramd\u0131r. &nbsp;<\/p>\n\n\n\n<h3 class=\"wp-block-heading\"><strong>14 Haftal\u0131k <\/strong>Bebek <strong>Hareketleri<\/strong><\/h3>\n\n\n\n<p>Art\u0131k bebe\u011finiz ka\u015flar\u0131n\u0131 \u00e7atabilir, g\u00f6zlerini \u015fa\u015f\u0131\nyapabilir, y\u00fcz\u00fcn\u00fc buru\u015fturabilir, \u00e7i\u015fini yapabilir ve ba\u015fparma\u011f\u0131n\u0131 emebilmektedir.\n&nbsp;B\u00f6brekleri idrar \u00fcretebilir, etraf\u0131ndaki\namniyotik s\u0131v\u0131n\u0131n i\u00e7ine idrar bo\u015faltmaktad\u0131r. &nbsp;&nbsp;<\/p>\n\n\n\n<h2 class=\"wp-block-heading\">14 Haftal\u0131k Bebekte Annedeki De\u011fi\u015fiklikler<\/h2>\n\n\n\n<p>14. haftal\u0131k ikinci trimesterda ilk trimesterda ya\u015fad\u0131\u011f\u0131n\u0131z\nbir\u00e7ok sorun art\u0131k son bulacakt\u0131r. \u00d6te yandan bu a\u015famada; burun kanamas\u0131 ve\nhorlama gibi durumlar ya\u015fanabilir. Bununu sebebi kan\u0131n v\u00fccudun her yan\u0131na pompalanmas\u0131d\u0131r.&nbsp; Yine bu d\u00f6nemde \u2018ound ligament\u2019 denen keskin\nhamilelik a\u011fr\u0131lar\u0131 ise kendini g\u00f6sterebilir. Gebeli\u011fin 14. haftas\u0131nda \u00e7amur,\nk\u00f6p\u00fck, kire\u00e7 ve k\u00f6m\u00fcr a\u015ferilmesi tuhafl\u0131klar\u0131 g\u00f6r\u00fclebilir. 14. Haftada art\u0131k\nsabah bulant\u0131lar\u0131 ve yorgunluklar hissedilmez. Tersine sa\u011fl\u0131kl\u0131, enerjik\nhissedebilece\u011finiz bir d\u00f6nemdesinizdir. Ruh haliniz sakin bir konumdad\u0131r. Yine g\u00f6\u011f\u00fcslerde\nb\u00fcy\u00fcme devam ederken, hassasiyet hissi azal\u0131r. Bulant\u0131 ve kusmalar bu d\u00f6nemde\nkesilir.<\/p>\n\n\n\n<h3 class=\"wp-block-heading\">14 Haftal\u0131k Gebelikte Annedeki \u015eikayetler<\/h3>\n\n\n\n<p>\u0130\u015ftah art\u0131\u015f\u0131, varis olu\u015fumu, burun t\u0131kan\u0131kl\u0131\u011f\u0131 gibi durumlar\nbu haftada olas\u0131 geli\u015fmeler aras\u0131nda yer al\u0131r.<\/p>\n\n\n\n<h3 class=\"wp-block-heading\">Hamileli\u011fin 14. Haftas\u0131nda Yapt\u0131r\u0131lmas\u0131 Gereken Testler<\/h3>\n\n\n\n<p>Gebeli\u011fin 14. haftas\u0131 ila 20. hafta aras\u0131nda yapt\u0131r\u0131lmalar\u0131 uygun\nolan baz\u0131 testler vard\u0131r ki bunlardan baz\u0131lar\u0131 Down sendromu testidir ( %80 ila\n85 oran\u0131nda do\u011fru sonu\u00e7lar vermektedir). Bunun i\u00e7in taramal\u0131 kan testi gerekir.\nYine Trizomi 18, spina bifida ve n\u00f6ral t\u00fcp defektleri (NTD) gibi testleri\nyapt\u0131rman\u0131z da istenebilir.<\/p>\n\n\n\n<h3 class=\"wp-block-heading\">14 Haftal\u0131k Gebelikte Dikkat Edilmesi Gerekenler Ve \u00d6neriler<\/h3>\n\n\n\n<p>Bu d\u00f6nemlerde grip, nezle ve di\u011fer baz\u0131 sorunlara daha\nmeyilli olabilirsiniz. Bunun nedeni fetusun gebelik s\u00fcresince t\u00fcm v\u00fccut\nkorumas\u0131n\u0131 kendine ay\u0131rm\u0131\u015f olmas\u0131ndan kaynaklan\u0131r. Bu da v\u00fccudun ba\u011f\u0131\u015f\u0131kl\u0131k\nsistemini bask\u0131layabilir. Sa\u011fl\u0131kl\u0131 ya\u015faman\u0131n \u015fifresi, biyolojik sava\u015f ile\nba\u011flant\u0131l\u0131 oldu\u011fundan bu d\u00f6nemde; s\u0131k s\u0131k ellerinizi y\u0131kamal\u0131, hasta insanlarla\nayn\u0131 ortamlarda bulunmamal\u0131 ve onlardan uzak durmal\u0131s\u0131n\u0131z. Yine bakteriyel bir\nenfeksiyondan dolay\u0131 antibiyotik kullanman\u0131z gerekiyorsa hamileler i\u00e7in uygun\nolan ila\u00e7klar konusunda doktorunuza dan\u0131\u015fman\u0131z gerekir.<\/p>\n\n\n\n<h3 class=\"wp-block-heading\">14 Haftal\u0131k Gebelik \u00d6nerileri<\/h3>\n\n\n\n<p>\u015eu a\u015famada hala daha d\u00fczenli olarak egzersize ba\u015flamad\u0131ysan\u0131z\nbu konuda 14. haftay\u0131 iyi bir ba\u015flang\u0131\u00e7 olarak de\u011ferlendirebilirsiniz. \u00d6rne\u011fin\ntoplu bir egzersiz s\u0131n\u0131f\u0131na dahil olabilirsiniz. Bir\u00e7ok hamile kad\u0131n, do\u011fum\n\u00f6ncesi egzersiz yaparak iyi vakit ge\u00e7irir ve di\u011fer hamile kad\u0131nlarla keyifli\npayla\u015f\u0131mlar ya\u015fayabilir. Hamilelik s\u0131ras\u0131nda su egzersizlerinden, do\u011fum \u00f6ncesi\nyoga \u00e7al\u0131\u015fmalar\u0131ndan, pilates k\u00fcrlerinden yararlanabilirsiniz. Yan\u0131 s\u0131ra hamile\nkad\u0131nlardan olu\u015fan y\u00fcr\u00fcy\u00fc\u015f gruplar\u0131yla ve dans s\u0131n\u0131flar\u0131 ile yepyeni\naktivitelere dahil olabilirsiniz.<\/p>\n\n\n\n<h2 class=\"wp-block-heading\">14 Haftal\u0131k Gebelik : Beslenme<\/h2>\n\n\n\n<p>14 haftal\u0131k gebelik s\u0131ras\u0131nda iyi pi\u015fmi\u015f et \u2013 bal\u0131k \u00fcr\u00fcnlerinden t\u00fcketebilir ve protein depolar\u0131n\u0131z\u0131 sa\u011flam tutabilirsiniz. Yine mineral ve vitamin a\u00e7\u0131s\u0131ndan sebze \u2013 meyve deste\u011fi alabilirsiniz. Zira gebelikte fetusun t\u00fcm v\u00fccut korumas\u0131n\u0131 kendine ay\u0131rm\u0131\u015f olmas\u0131ndan \u00f6t\u00fcr\u00fc vitamin ve mineral depolar\u0131n\u0131z\u0131n her zaman dolu olmas\u0131 gerekti\u011fini unutmamal\u0131s\u0131n\u0131z.<\/p>\n","protected":false},"excerpt":{"rendered":"<p>14 haftal\u0131k gebelik d\u00f6nemi hamileli\u011fin ikinci trimester d\u00f6nemi olarak tan\u0131mlanmaktad\u0131r. Art\u0131k bebe\u011finizin parmak izleri bile olu\u015fmu\u015f durumdad\u0131r.&nbsp; \u0130kinci trimester d\u00f6nemi, hamileli\u011fin 13 &#8211; 17. hafta aral\u0131\u011f\u0131n\u0131 kapsar. Art\u0131k bulant\u0131 ve bitkinlik halinin azalaca\u011f\u0131 bir d\u00f6neme girmi\u015f bulunuyorsunuz. Bu a\u015famada bebe\u011finizin beyin ve g\u00f6z geli\u015fimi ise \u00f6nemli \u00f6l\u00e7\u00fcde geli\u015fecektir. 14 Haftal\u0131k Gebelikte Bebek Geli\u015fimi Art\u0131k bebe\u011finizin [&hellip;]<\/p>\n","protected":false},"author":1,"featured_media":2821,"comment_status":"open","ping_status":"open","sticky":false,"template":"","format":"standard","meta":{"tdm_status":"","tdm_grid_status":"","footnotes":""},"categories":[1,62],"tags":[],"yoast_head":"<!-- This site is optimized with the Yoast SEO plugin v24.5 - https:\/\/yoast.com\/wordpress\/plugins\/seo\/ -->\n<title>14 Haftal\u0131k Gebelik - Anne ve Bebek | Anneler Topland\u0131k<\/title>\n<meta name=\"description\" content=\"14 haftal\u0131k gebelik d\u00f6nemi hamileli\u011fin ikinci trimester d\u00f6nemi olarak tan\u0131mlanmaktad\u0131r.\" \/>\n<meta name=\"robots\" content=\"index, follow, max-snippet:-1, max-image-preview:large, max-video-preview:-1\" \/>\n<link rel=\"canonical\" href=\"https:\/\/annelertoplandik.com\/blog\/14-haftalik-gebelik-anne-ve-bebek\/\" \/>\n<meta property=\"og:locale\" content=\"tr_TR\" \/>\n<meta property=\"og:type\" content=\"article\" \/>\n<meta property=\"og:title\" content=\"14 Haftal\u0131k Gebelik - Anne ve Bebek | Anneler Topland\u0131k\" \/>\n<meta property=\"og:description\" content=\"14 haftal\u0131k gebelik d\u00f6nemi hamileli\u011fin ikinci trimester d\u00f6nemi olarak tan\u0131mlanmaktad\u0131r.\" \/>\n<meta property=\"og:url\" content=\"https:\/\/annelertoplandik.com\/blog\/14-haftalik-gebelik-anne-ve-bebek\/\" \/>\n<meta property=\"og:site_name\" content=\"Anneler Topland\u0131k\" \/>\n<meta property=\"article:published_time\" content=\"2020-07-29T18:18:05+00:00\" \/>\n<meta property=\"article:modified_time\" content=\"2020-07-30T09:52:18+00:00\" \/>\n<meta property=\"og:image\" content=\"https:\/\/annelertoplandik.com\/blog\/wp-content\/uploads\/2020\/01\/14-haftal\u0131k-gebelik-scaled.jpg\" \/>\n\t<meta property=\"og:image:width\" content=\"2560\" \/>\n\t<meta property=\"og:image:height\" content=\"1750\" \/>\n\t<meta property=\"og:image:type\" content=\"image\/jpeg\" \/>\n<meta name=\"author\" content=\"Admin\" \/>\n<meta name=\"twitter:card\" content=\"summary_large_image\" \/>\n<meta name=\"twitter:label1\" content=\"Yazan:\" \/>\n\t<meta name=\"twitter:data1\" content=\"Admin\" \/>\n\t<meta name=\"twitter:label2\" content=\"Tahmini okuma s\u00fcresi\" \/>\n\t<meta name=\"twitter:data2\" content=\"4 dakika\" \/>\n<script type=\"application\/ld+json\" class=\"yoast-schema-graph\">{\"@context\":\"https:\/\/schema.org\",\"@graph\":[{\"@type\":\"Article\",\"@id\":\"https:\/\/annelertoplandik.com\/blog\/14-haftalik-gebelik-anne-ve-bebek\/#article\",\"isPartOf\":{\"@id\":\"https:\/\/annelertoplandik.com\/blog\/14-haftalik-gebelik-anne-ve-bebek\/\"},\"author\":{\"name\":\"Admin\",\"@id\":\"https:\/\/annelertoplandik.com\/blog\/#\/schema\/person\/1fe572fbbce7ca9b1429e03f3fc0d0a8\"},\"headline\":\"14 Haftal\u0131k Gebelik &#8211; Anne ve Bebek\",\"datePublished\":\"2020-07-29T18:18:05+00:00\",\"dateModified\":\"2020-07-30T09:52:18+00:00\",\"mainEntityOfPage\":{\"@id\":\"https:\/\/annelertoplandik.com\/blog\/14-haftalik-gebelik-anne-ve-bebek\/\"},\"wordCount\":815,\"commentCount\":0,\"publisher\":{\"@id\":\"https:\/\/annelertoplandik.com\/blog\/#\/schema\/person\/1fe572fbbce7ca9b1429e03f3fc0d0a8\"},\"image\":{\"@id\":\"https:\/\/annelertoplandik.com\/blog\/14-haftalik-gebelik-anne-ve-bebek\/#primaryimage\"},\"thumbnailUrl\":\"https:\/\/annelertoplandik.com\/blog\/wp-content\/uploads\/2020\/01\/14-haftal\u0131k-gebelik-scaled.jpg\",\"articleSection\":{\"1\":\"Hafta Hafta Gebelik\"},\"inLanguage\":\"tr\",\"potentialAction\":[{\"@type\":\"CommentAction\",\"name\":\"Comment\",\"target\":[\"https:\/\/annelertoplandik.com\/blog\/14-haftalik-gebelik-anne-ve-bebek\/#respond\"]}]},{\"@type\":\"WebPage\",\"@id\":\"https:\/\/annelertoplandik.com\/blog\/14-haftalik-gebelik-anne-ve-bebek\/\",\"url\":\"https:\/\/annelertoplandik.com\/blog\/14-haftalik-gebelik-anne-ve-bebek\/\",\"name\":\"14 Haftal\u0131k Gebelik - Anne ve Bebek | Anneler Topland\u0131k\",\"isPartOf\":{\"@id\":\"https:\/\/annelertoplandik.com\/blog\/#website\"},\"primaryImageOfPage\":{\"@id\":\"https:\/\/annelertoplandik.com\/blog\/14-haftalik-gebelik-anne-ve-bebek\/#primaryimage\"},\"image\":{\"@id\":\"https:\/\/annelertoplandik.com\/blog\/14-haftalik-gebelik-anne-ve-bebek\/#primaryimage\"},\"thumbnailUrl\":\"https:\/\/annelertoplandik.com\/blog\/wp-content\/uploads\/2020\/01\/14-haftal\u0131k-gebelik-scaled.jpg\",\"datePublished\":\"2020-07-29T18:18:05+00:00\",\"dateModified\":\"2020-07-30T09:52:18+00:00\",\"description\":\"14 haftal\u0131k gebelik d\u00f6nemi hamileli\u011fin ikinci trimester d\u00f6nemi olarak tan\u0131mlanmaktad\u0131r.\",\"breadcrumb\":{\"@id\":\"https:\/\/annelertoplandik.com\/blog\/14-haftalik-gebelik-anne-ve-bebek\/#breadcrumb\"},\"inLanguage\":\"tr\",\"potentialAction\":[{\"@type\":\"ReadAction\",\"target\":[\"https:\/\/annelertoplandik.com\/blog\/14-haftalik-gebelik-anne-ve-bebek\/\"]}]},{\"@type\":\"ImageObject\",\"inLanguage\":\"tr\",\"@id\":\"https:\/\/annelertoplandik.com\/blog\/14-haftalik-gebelik-anne-ve-bebek\/#primaryimage\",\"url\":\"https:\/\/annelertoplandik.com\/blog\/wp-content\/uploads\/2020\/01\/14-haftal\u0131k-gebelik-scaled.jpg\",\"contentUrl\":\"https:\/\/annelertoplandik.com\/blog\/wp-content\/uploads\/2020\/01\/14-haftal\u0131k-gebelik-scaled.jpg\",\"width\":2560,\"height\":1750,\"caption\":\"14 haftal\u0131k gebelik\"},{\"@type\":\"BreadcrumbList\",\"@id\":\"https:\/\/annelertoplandik.com\/blog\/14-haftalik-gebelik-anne-ve-bebek\/#breadcrumb\",\"itemListElement\":[{\"@type\":\"ListItem\",\"position\":1,\"name\":\"Ana sayfa\",\"item\":\"https:\/\/annelertoplandik.com\/blog\/\"},{\"@type\":\"ListItem\",\"position\":2,\"name\":\"14 Haftal\u0131k Gebelik &#8211; Anne ve Bebek\"}]},{\"@type\":\"WebSite\",\"@id\":\"https:\/\/annelertoplandik.com\/blog\/#website\",\"url\":\"https:\/\/annelertoplandik.com\/blog\/\",\"name\":\"Anneler Topland\u0131k\",\"description\":\"Annelerin sanal payla\u015f\u0131m merkezi\",\"publisher\":{\"@id\":\"https:\/\/annelertoplandik.com\/blog\/#\/schema\/person\/1fe572fbbce7ca9b1429e03f3fc0d0a8\"},\"potentialAction\":[{\"@type\":\"SearchAction\",\"target\":{\"@type\":\"EntryPoint\",\"urlTemplate\":\"https:\/\/annelertoplandik.com\/blog\/?s={search_term_string}\"},\"query-input\":{\"@type\":\"PropertyValueSpecification\",\"valueRequired\":true,\"valueName\":\"search_term_string\"}}],\"inLanguage\":\"tr\"},{\"@type\":[\"Person\",\"Organization\"],\"@id\":\"https:\/\/annelertoplandik.com\/blog\/#\/schema\/person\/1fe572fbbce7ca9b1429e03f3fc0d0a8\",\"name\":\"Admin\",\"image\":{\"@type\":\"ImageObject\",\"inLanguage\":\"tr\",\"@id\":\"https:\/\/annelertoplandik.com\/blog\/#\/schema\/person\/image\/\",\"url\":\"https:\/\/annelertoplandik.com\/blog\/wp-content\/litespeed\/avatar\/b11040300c1fe933a5185741d40560b6.jpg?ver=1777032257\",\"contentUrl\":\"https:\/\/annelertoplandik.com\/blog\/wp-content\/litespeed\/avatar\/b11040300c1fe933a5185741d40560b6.jpg?ver=1777032257\",\"caption\":\"Admin\"},\"logo\":{\"@id\":\"https:\/\/annelertoplandik.com\/blog\/#\/schema\/person\/image\/\"}}]}<\/script>\n<!-- \/ Yoast SEO plugin. -->","yoast_head_json":{"title":"14 Haftal\u0131k Gebelik - Anne ve Bebek | Anneler Topland\u0131k","description":"14 haftal\u0131k gebelik d\u00f6nemi hamileli\u011fin ikinci trimester d\u00f6nemi olarak tan\u0131mlanmaktad\u0131r.","robots":{"index":"index","follow":"follow","max-snippet":"max-snippet:-1","max-image-preview":"max-image-preview:large","max-video-preview":"max-video-preview:-1"},"canonical":"https:\/\/annelertoplandik.com\/blog\/14-haftalik-gebelik-anne-ve-bebek\/","og_locale":"tr_TR","og_type":"article","og_title":"14 Haftal\u0131k Gebelik - Anne ve Bebek | Anneler Topland\u0131k","og_description":"14 haftal\u0131k gebelik d\u00f6nemi hamileli\u011fin ikinci trimester d\u00f6nemi olarak tan\u0131mlanmaktad\u0131r.","og_url":"https:\/\/annelertoplandik.com\/blog\/14-haftalik-gebelik-anne-ve-bebek\/","og_site_name":"Anneler Topland\u0131k","article_published_time":"2020-07-29T18:18:05+00:00","article_modified_time":"2020-07-30T09:52:18+00:00","og_image":[{"width":2560,"height":1750,"url":"https:\/\/annelertoplandik.com\/blog\/wp-content\/uploads\/2020\/01\/14-haftal\u0131k-gebelik-scaled.jpg","type":"image\/jpeg"}],"author":"Admin","twitter_card":"summary_large_image","twitter_misc":{"Yazan:":"Admin","Tahmini okuma s\u00fcresi":"4 dakika"},"schema":{"@context":"https:\/\/schema.org","@graph":[{"@type":"Article","@id":"https:\/\/annelertoplandik.com\/blog\/14-haftalik-gebelik-anne-ve-bebek\/#article","isPartOf":{"@id":"https:\/\/annelertoplandik.com\/blog\/14-haftalik-gebelik-anne-ve-bebek\/"},"author":{"name":"Admin","@id":"https:\/\/annelertoplandik.com\/blog\/#\/schema\/person\/1fe572fbbce7ca9b1429e03f3fc0d0a8"},"headline":"14 Haftal\u0131k Gebelik &#8211; Anne ve Bebek","datePublished":"2020-07-29T18:18:05+00:00","dateModified":"2020-07-30T09:52:18+00:00","mainEntityOfPage":{"@id":"https:\/\/annelertoplandik.com\/blog\/14-haftalik-gebelik-anne-ve-bebek\/"},"wordCount":815,"commentCount":0,"publisher":{"@id":"https:\/\/annelertoplandik.com\/blog\/#\/schema\/person\/1fe572fbbce7ca9b1429e03f3fc0d0a8"},"image":{"@id":"https:\/\/annelertoplandik.com\/blog\/14-haftalik-gebelik-anne-ve-bebek\/#primaryimage"},"thumbnailUrl":"https:\/\/annelertoplandik.com\/blog\/wp-content\/uploads\/2020\/01\/14-haftal\u0131k-gebelik-scaled.jpg","articleSection":{"1":"Hafta Hafta Gebelik"},"inLanguage":"tr","potentialAction":[{"@type":"CommentAction","name":"Comment","target":["https:\/\/annelertoplandik.com\/blog\/14-haftalik-gebelik-anne-ve-bebek\/#respond"]}]},{"@type":"WebPage","@id":"https:\/\/annelertoplandik.com\/blog\/14-haftalik-gebelik-anne-ve-bebek\/","url":"https:\/\/annelertoplandik.com\/blog\/14-haftalik-gebelik-anne-ve-bebek\/","name":"14 Haftal\u0131k Gebelik - Anne ve Bebek | Anneler Topland\u0131k","isPartOf":{"@id":"https:\/\/annelertoplandik.com\/blog\/#website"},"primaryImageOfPage":{"@id":"https:\/\/annelertoplandik.com\/blog\/14-haftalik-gebelik-anne-ve-bebek\/#primaryimage"},"image":{"@id":"https:\/\/annelertoplandik.com\/blog\/14-haftalik-gebelik-anne-ve-bebek\/#primaryimage"},"thumbnailUrl":"https:\/\/annelertoplandik.com\/blog\/wp-content\/uploads\/2020\/01\/14-haftal\u0131k-gebelik-scaled.jpg","datePublished":"2020-07-29T18:18:05+00:00","dateModified":"2020-07-30T09:52:18+00:00","description":"14 haftal\u0131k gebelik d\u00f6nemi hamileli\u011fin ikinci trimester d\u00f6nemi olarak tan\u0131mlanmaktad\u0131r.","breadcrumb":{"@id":"https:\/\/annelertoplandik.com\/blog\/14-haftalik-gebelik-anne-ve-bebek\/#breadcrumb"},"inLanguage":"tr","potentialAction":[{"@type":"ReadAction","target":["https:\/\/annelertoplandik.com\/blog\/14-haftalik-gebelik-anne-ve-bebek\/"]}]},{"@type":"ImageObject","inLanguage":"tr","@id":"https:\/\/annelertoplandik.com\/blog\/14-haftalik-gebelik-anne-ve-bebek\/#primaryimage","url":"https:\/\/annelertoplandik.com\/blog\/wp-content\/uploads\/2020\/01\/14-haftal\u0131k-gebelik-scaled.jpg","contentUrl":"https:\/\/annelertoplandik.com\/blog\/wp-content\/uploads\/2020\/01\/14-haftal\u0131k-gebelik-scaled.jpg","width":2560,"height":1750,"caption":"14 haftal\u0131k gebelik"},{"@type":"BreadcrumbList","@id":"https:\/\/annelertoplandik.com\/blog\/14-haftalik-gebelik-anne-ve-bebek\/#breadcrumb","itemListElement":[{"@type":"ListItem","position":1,"name":"Ana sayfa","item":"https:\/\/annelertoplandik.com\/blog\/"},{"@type":"ListItem","position":2,"name":"14 Haftal\u0131k Gebelik &#8211; Anne ve Bebek"}]},{"@type":"WebSite","@id":"https:\/\/annelertoplandik.com\/blog\/#website","url":"https:\/\/annelertoplandik.com\/blog\/","name":"Anneler Topland\u0131k","description":"Annelerin sanal payla\u015f\u0131m merkezi","publisher":{"@id":"https:\/\/annelertoplandik.com\/blog\/#\/schema\/person\/1fe572fbbce7ca9b1429e03f3fc0d0a8"},"potentialAction":[{"@type":"SearchAction","target":{"@type":"EntryPoint","urlTemplate":"https:\/\/annelertoplandik.com\/blog\/?s={search_term_string}"},"query-input":{"@type":"PropertyValueSpecification","valueRequired":true,"valueName":"search_term_string"}}],"inLanguage":"tr"},{"@type":["Person","Organization"],"@id":"https:\/\/annelertoplandik.com\/blog\/#\/schema\/person\/1fe572fbbce7ca9b1429e03f3fc0d0a8","name":"Admin","image":{"@type":"ImageObject","inLanguage":"tr","@id":"https:\/\/annelertoplandik.com\/blog\/#\/schema\/person\/image\/","url":"https:\/\/annelertoplandik.com\/blog\/wp-content\/litespeed\/avatar\/b11040300c1fe933a5185741d40560b6.jpg?ver=1777032257","contentUrl":"https:\/\/annelertoplandik.com\/blog\/wp-content\/litespeed\/avatar\/b11040300c1fe933a5185741d40560b6.jpg?ver=1777032257","caption":"Admin"},"logo":{"@id":"https:\/\/annelertoplandik.com\/blog\/#\/schema\/person\/image\/"}}]}},"amp_enabled":true,"_links":{"self":[{"href":"https:\/\/annelertoplandik.com\/blog\/wp-json\/wp\/v2\/posts\/1916"}],"collection":[{"href":"https:\/\/annelertoplandik.com\/blog\/wp-json\/wp\/v2\/posts"}],"about":[{"href":"https:\/\/annelertoplandik.com\/blog\/wp-json\/wp\/v2\/types\/post"}],"author":[{"embeddable":true,"href":"https:\/\/annelertoplandik.com\/blog\/wp-json\/wp\/v2\/users\/1"}],"replies":[{"embeddable":true,"href":"https:\/\/annelertoplandik.com\/blog\/wp-json\/wp\/v2\/comments?post=1916"}],"version-history":[{"count":0,"href":"https:\/\/annelertoplandik.com\/blog\/wp-json\/wp\/v2\/posts\/1916\/revisions"}],"wp:featuredmedia":[{"embeddable":true,"href":"https:\/\/annelertoplandik.com\/blog\/wp-json\/wp\/v2\/media\/2821"}],"wp:attachment":[{"href":"https:\/\/annelertoplandik.com\/blog\/wp-json\/wp\/v2\/media?parent=1916"}],"wp:term":[{"taxonomy":"category","embeddable":true,"href":"https:\/\/annelertoplandik.com\/blog\/wp-json\/wp\/v2\/categories?post=1916"},{"taxonomy":"post_tag","embeddable":true,"href":"https:\/\/annelertoplandik.com\/blog\/wp-json\/wp\/v2\/tags?post=1916"}],"curies":[{"name":"wp","href":"https:\/\/api.w.org\/{rel}","templated":true}]}}