{"id":1918,"date":"2020-08-01T11:19:40","date_gmt":"2020-08-01T08:19:40","guid":{"rendered":"https:\/\/annelertoplandik.com\/blog\/?p=1918"},"modified":"2020-08-02T21:41:11","modified_gmt":"2020-08-02T18:41:11","slug":"15-haftalik-gebelik-anne-ve-bebek","status":"publish","type":"post","link":"https:\/\/annelertoplandik.com\/blog\/15-haftalik-gebelik-anne-ve-bebek\/","title":{"rendered":"15 Haftal\u0131k Gebelik &#8211; Anne ve Bebek"},"content":{"rendered":"\n<p>15 haftal\u0131k gebelik s\u0131ras\u0131nda onun tekmelerini duyabilirsiniz, elinizi karn\u0131n\u0131zda gezdirdi\u011finizde onu yumu\u015fak bir top gibi elinizin alt\u0131nda hissedebilirsiniz. Ayr\u0131ca art\u0131k kesinlikle hamileler i\u00e7in dikilmi\u015f olan hamile k\u0131yafetlerinden sat\u0131n alarak giymenin vaktidir.<\/p>\n\n\n\n<h2 class=\"wp-block-heading\">15 Haftal\u0131k Gebelik D\u00f6neminde Bebek Geli\u015fimi<\/h2>\n\n\n\n<p>Art\u0131k bebe\u011finizin pankreas\u0131 kandaki \u015feker miktar\u0131n\u0131\nd\u00fczenleyen ins\u00fclini salg\u0131layabilmektedir. Tiroid bezi \u00e7al\u0131\u015f\u0131r durumdad\u0131r.\nBebe\u011finiz \u015fimdilerde y\u00fcz kaslar\u0131n\u0131 istedi\u011fi gibi \u00e7al\u0131\u015ft\u0131rabilmektedir.\nBebe\u011finizin transparan derisi alt\u0131ndaki damarlar\u0131 ise halen daha g\u00f6r\u00fclebilir\ndurumdad\u0131r. 15. haftada t\u00fcm bebeklerin sistemleri tamamen \u00e7al\u0131\u015fmaya ba\u015flar.\nPankreas art\u0131k ins\u00fclini salg\u0131layabilir. Y\u00fcz kaslar\u0131 \u00e7al\u0131\u015f\u0131r. Bebe\u011finiz duyma\nyetene\u011fini geli\u015fmi\u015ftir. Onunla pozitif \u015feyler payla\u015fabilirsiniz. Bu haftalarda bebe\u011fin\ncinsiyetinin ne olaca\u011f\u0131 sorusuna yan\u0131t bulabilirsiniz. Ultrasonda g\u00f6r\u00fclebilecek\nbu durum tamamen bebe\u011fin anne karn\u0131ndaki pozisyonuna, kullan\u0131lan g\u00f6r\u00fcnt\u00fcleme\naletlerine ve doktorun tecr\u00fcbesine ba\u011fl\u0131d\u0131r. <\/p>\n\n\n\n<h3 class=\"wp-block-heading\">15 Haftal\u0131k Bebek Kilosu Ve Boyu<\/h3>\n\n\n\n<p>Hamileli\u011fin 15. haftas\u0131nda art\u0131k bebe\u011finiz bir elma\nboyutundad\u0131r. A\u011f\u0131rl\u0131\u011f\u0131 ise 50 gram civar\u0131ndad\u0131r. Y\u00fcz hatlar\u0131 olduk\u00e7a\nbelirgindir ve neredeyse t\u00fcm zaman\u0131n\u0131 uyku ile ge\u00e7irmektedir. Art\u0131k \u0131\u015f\u0131\u011f\u0131 fark\neden bebe\u011finiz yutma, emme gibi yeteneklere de kavu\u015fmu\u015f durumdad\u0131r. Ayr\u0131ca tat\nalma duyular\u0131 da geli\u015fmi\u015f olan bebe\u011finiz sizi rahatl\u0131kla duyabilmektedir. Bu\ny\u00fczden bu a\u015famada onunla konu\u015fabilir, ileti\u015fim kurabilir ve ona bolca \u015fark\u0131\ns\u00f6yleyebilirsiniz. <\/p>\n\n\n\n<h3 class=\"wp-block-heading\">15 Haftal\u0131k Bebek Hareketleri<\/h3>\n\n\n\n<p>Neredeyse t\u00fcm g\u00fcn uyuyan bebe\u011finiz \u0131\u015f\u0131\u011f\u0131 fark edebilir ve\nondan ka\u00e7abilir. Yutma, emme yeteneklerini ard\u0131 ard\u0131na kazanmaktad\u0131r.\nHat\u0131rlamasa da tat alma duyular\u0131 geli\u015fmi\u015ftir. Bebe\u011finiz bu a\u015famada sizi\nduyabildi\u011finden ona g\u00fczel ve yumu\u015fak t\u0131n\u0131l\u0131 \u015fark\u0131lar s\u00f6yleyebilirsiniz. &nbsp;Art\u0131k ufak ufak bebe\u011finizin tekmelerini\nduyabilirsiniz. Anne adaylar\u0131 bebeklerin hareketlerini tam olarak 16. ila 22.\nhaftalarda hissetmeye ba\u015flar. Normalde bebekler 7-8. haftadan sonra hareket\netmeye ba\u015flar ancak annenin bunu hissetmesi biraz daha zaman alabilir. T\u0131pk\u0131\nbir bal\u0131\u011f\u0131n s\u00fcz\u00fcl\u00fc\u015f\u00fcne ya da kelebe\u011fin kanat \u00e7\u0131rpmas\u0131na benzer hareketler\nyapacakt\u0131r. Yine \u0131\u015f\u0131\u011f\u0131 g\u00f6rme yetisi geli\u015fti\u011finden karn\u0131n\u0131za el feneriyle \u0131\u015f\u0131k\ntuttu\u011funuzda yer de\u011fi\u015ftirerek \u0131\u015f\u0131\u011fa tepki verecektir. <\/p>\n\n\n\n<h2 class=\"wp-block-heading\">15 Haftal\u0131k Bebekte Annedeki De\u011fi\u015fiklikler<\/h2>\n\n\n\n<p>Bu haftalarda karn\u0131n\u0131z iyiden iyiye belirginle\u015fir. Yine\nv\u00fccudunuz anne s\u00fct\u00fc \u00fcretebilecek hale gelmek \u00fczeredir.&nbsp; Bu y\u00fczden meme u\u00e7lar\u0131nda \u0131slakl\u0131klar\nolu\u015fabilir. <\/p>\n\n\n\n<h3 class=\"wp-block-heading\">15 Haftal\u0131k Gebelik S\u0131ras\u0131nda Annedeki \u015eikayetler<\/h3>\n\n\n\n<p>Yine bu zamanlarda burun t\u0131kan\u0131kl\u0131\u011f\u0131 gibi durumlar\nya\u015fayabilirsiniz. Burun kanamas\u0131 da ayn\u0131 \u015fekilde. Bunun sebebi ise v\u00fccuttaki\nhormonal de\u011fi\u015fimlerle kan bas\u0131nc\u0131n\u0131n artmas\u0131d\u0131r. Her \u015feye ra\u011fmen 15 haftal\u0131k\ngebelik d\u00f6nemi di\u011fer trimesterlara g\u00f6re daha rahat ve sorunsuz zamanlardand\u0131r.<\/p>\n\n\n\n<h3 class=\"wp-block-heading\">15 Haftal\u0131k Gebelikte Dikkat Edilmesi Gerekenler<\/h3>\n\n\n\n<p>Gebeli\u011fin 15. haftas\u0131nda amniyosentez testi yapt\u0131rabilirsiniz.&nbsp; Hamileli\u011fin 15. &#8211; 18. hafta aral\u0131\u011f\u0131ndaki\ns\u00fcre\u00e7 bu uygulama i\u00e7in gayet uygundur. Bu uygulama sayesinde anne karn\u0131ndaki\nbebe\u011fin ileride sahip olabilece\u011fi genetik ve kromozomal hastal\u0131klar te\u015fhis\nedilebilmektedir. Bebe\u011fin etraf\u0131nda bulunan amniyonik s\u0131v\u0131dan al\u0131narak bu test\nyap\u0131labilmektedir. <\/p>\n\n\n\n<h2 class=\"wp-block-heading\">15 Haftal\u0131k Gebelik \u00d6nerileri<\/h2>\n\n\n\n<p>Yine hamileli\u011finizin 15. haftas\u0131nda bebe\u011finiz sizi duymaya ba\u015flayaca\u011f\u0131ndan\nbebe\u011finizle diyalog kurmaya ba\u015flayabilirsiniz. Onun i\u00e7in \u015fark\u0131 s\u00f6yleyebilir ya\nda ona kitap okuyabilirsiniz. Anne karn\u0131nda ki bebe\u011finizin bu sayede dil\nyetene\u011fi geli\u015febilmektedir.<\/p>\n\n\n\n<h2 class=\"wp-block-heading\">15 Haftal\u0131k Gebelikte Beslenme<\/h2>\n\n\n\n<p>15 haftal\u0131k gebelik d\u00f6neminde s\u0131k\u0131lmadan ya da rehavete kap\u0131lmadan hayat tarz\u0131n\u0131zla ilgili de\u011fi\u015fiklikleri doktorunuza dan\u0131\u015farak yapabilirsiniz.\u00a0 Bu a\u015famada diyetinize dikkat etmeye devam edebilirsiniz. Do\u011fru <a href=\"https:\/\/annelertoplandik.com\/blog\/emziren-anne-beslenmesi-nasil-olmali\/\">beslenme<\/a> doktorunuz taraf\u0131ndan size \u00f6zel haz\u0131rlanm\u0131\u015f programlarla m\u00fcmk\u00fcn olacakt\u0131r. Bebe\u011fin geli\u015fimi a\u00e7\u0131s\u0131ndan buna uyman\u0131z \u00e7ok \u00f6nemlidir. Bu d\u00f6nemde g\u0131da takviyeleri almaya devam etmelisiniz. \u00d6rne\u011fin folik asit, iyot, kalsiyum, protein depolar\u0131n\u0131z\u0131 dolu tutman\u0131z gerekir. Kuruyemi\u015flerden f\u0131nd\u0131k, ceviz, Antep f\u0131st\u0131\u011f\u0131 gibi besinleri g\u00fcnde bir avu\u00e7 t\u00fcketebilirsiniz \u00f6rne\u011fin. Yine bol bol su i\u00e7melisiniz zira uzun s\u00fcre susuz kal\u0131nd\u0131\u011f\u0131nda dehidrasyon denen durum erken do\u011fuma neden olabilir. \u00d6zellikle hamileli\u011fi yaz aylar\u0131na denk gelmi\u015f olan ki\u015filer terleme ile kaybettikleri suyu yerine koymal\u0131d\u0131r.<\/p>\n","protected":false},"excerpt":{"rendered":"<p>15 haftal\u0131k gebelik s\u0131ras\u0131nda onun tekmelerini duyabilirsiniz, elinizi karn\u0131n\u0131zda gezdirdi\u011finizde onu yumu\u015fak bir top gibi elinizin alt\u0131nda hissedebilirsiniz. Ayr\u0131ca art\u0131k kesinlikle hamileler i\u00e7in dikilmi\u015f olan hamile k\u0131yafetlerinden sat\u0131n alarak giymenin vaktidir. 15 Haftal\u0131k Gebelik D\u00f6neminde Bebek Geli\u015fimi Art\u0131k bebe\u011finizin pankreas\u0131 kandaki \u015feker miktar\u0131n\u0131 d\u00fczenleyen ins\u00fclini salg\u0131layabilmektedir. Tiroid bezi \u00e7al\u0131\u015f\u0131r durumdad\u0131r. Bebe\u011finiz \u015fimdilerde y\u00fcz kaslar\u0131n\u0131 istedi\u011fi [&hellip;]<\/p>\n","protected":false},"author":1,"featured_media":2828,"comment_status":"open","ping_status":"open","sticky":false,"template":"","format":"standard","meta":{"tdm_status":"","tdm_grid_status":"","footnotes":""},"categories":[1,62],"tags":[],"yoast_head":"<!-- This site is optimized with the Yoast SEO plugin v24.5 - https:\/\/yoast.com\/wordpress\/plugins\/seo\/ -->\n<title>15 Haftal\u0131k Gebelik - Anne ve Bebek | Anneler Topland\u0131k<\/title>\n<meta name=\"description\" content=\"15 haftal\u0131k gebelik s\u0131ras\u0131nda onun tekmelerini duyabilirsiniz, elinizi karn\u0131n\u0131zda gezdirdi\u011finizde onu yumu\u015fak bir top gibi elinizin alt\u0131nda hissedebilirsiniz.\" \/>\n<meta name=\"robots\" content=\"index, follow, max-snippet:-1, max-image-preview:large, max-video-preview:-1\" \/>\n<link rel=\"canonical\" href=\"https:\/\/annelertoplandik.com\/blog\/15-haftalik-gebelik-anne-ve-bebek\/\" \/>\n<meta property=\"og:locale\" content=\"tr_TR\" \/>\n<meta property=\"og:type\" content=\"article\" \/>\n<meta property=\"og:title\" content=\"15 Haftal\u0131k Gebelik - Anne ve Bebek | Anneler Topland\u0131k\" \/>\n<meta property=\"og:description\" content=\"15 haftal\u0131k gebelik s\u0131ras\u0131nda onun tekmelerini duyabilirsiniz, elinizi karn\u0131n\u0131zda gezdirdi\u011finizde onu yumu\u015fak bir top gibi elinizin alt\u0131nda hissedebilirsiniz.\" \/>\n<meta property=\"og:url\" content=\"https:\/\/annelertoplandik.com\/blog\/15-haftalik-gebelik-anne-ve-bebek\/\" \/>\n<meta property=\"og:site_name\" content=\"Anneler Topland\u0131k\" \/>\n<meta property=\"article:published_time\" content=\"2020-08-01T08:19:40+00:00\" \/>\n<meta property=\"article:modified_time\" content=\"2020-08-02T18:41:11+00:00\" \/>\n<meta property=\"og:image\" content=\"https:\/\/annelertoplandik.com\/blog\/wp-content\/uploads\/2020\/01\/15-haftal\u0131k-gebelik.jpg\" \/>\n\t<meta property=\"og:image:width\" content=\"1026\" \/>\n\t<meta property=\"og:image:height\" content=\"555\" \/>\n\t<meta property=\"og:image:type\" content=\"image\/jpeg\" \/>\n<meta name=\"author\" content=\"Admin\" \/>\n<meta name=\"twitter:card\" content=\"summary_large_image\" \/>\n<meta name=\"twitter:label1\" content=\"Yazan:\" \/>\n\t<meta name=\"twitter:data1\" content=\"Admin\" \/>\n\t<meta name=\"twitter:label2\" content=\"Tahmini okuma s\u00fcresi\" \/>\n\t<meta name=\"twitter:data2\" content=\"4 dakika\" \/>\n<script type=\"application\/ld+json\" class=\"yoast-schema-graph\">{\"@context\":\"https:\/\/schema.org\",\"@graph\":[{\"@type\":\"Article\",\"@id\":\"https:\/\/annelertoplandik.com\/blog\/15-haftalik-gebelik-anne-ve-bebek\/#article\",\"isPartOf\":{\"@id\":\"https:\/\/annelertoplandik.com\/blog\/15-haftalik-gebelik-anne-ve-bebek\/\"},\"author\":{\"name\":\"Admin\",\"@id\":\"https:\/\/annelertoplandik.com\/blog\/#\/schema\/person\/1fe572fbbce7ca9b1429e03f3fc0d0a8\"},\"headline\":\"15 Haftal\u0131k Gebelik &#8211; Anne ve Bebek\",\"datePublished\":\"2020-08-01T08:19:40+00:00\",\"dateModified\":\"2020-08-02T18:41:11+00:00\",\"mainEntityOfPage\":{\"@id\":\"https:\/\/annelertoplandik.com\/blog\/15-haftalik-gebelik-anne-ve-bebek\/\"},\"wordCount\":762,\"commentCount\":0,\"publisher\":{\"@id\":\"https:\/\/annelertoplandik.com\/blog\/#\/schema\/person\/1fe572fbbce7ca9b1429e03f3fc0d0a8\"},\"image\":{\"@id\":\"https:\/\/annelertoplandik.com\/blog\/15-haftalik-gebelik-anne-ve-bebek\/#primaryimage\"},\"thumbnailUrl\":\"https:\/\/annelertoplandik.com\/blog\/wp-content\/uploads\/2020\/01\/15-haftal\u0131k-gebelik.jpg\",\"articleSection\":{\"1\":\"Hafta Hafta Gebelik\"},\"inLanguage\":\"tr\",\"potentialAction\":[{\"@type\":\"CommentAction\",\"name\":\"Comment\",\"target\":[\"https:\/\/annelertoplandik.com\/blog\/15-haftalik-gebelik-anne-ve-bebek\/#respond\"]}]},{\"@type\":\"WebPage\",\"@id\":\"https:\/\/annelertoplandik.com\/blog\/15-haftalik-gebelik-anne-ve-bebek\/\",\"url\":\"https:\/\/annelertoplandik.com\/blog\/15-haftalik-gebelik-anne-ve-bebek\/\",\"name\":\"15 Haftal\u0131k Gebelik - Anne ve Bebek | Anneler Topland\u0131k\",\"isPartOf\":{\"@id\":\"https:\/\/annelertoplandik.com\/blog\/#website\"},\"primaryImageOfPage\":{\"@id\":\"https:\/\/annelertoplandik.com\/blog\/15-haftalik-gebelik-anne-ve-bebek\/#primaryimage\"},\"image\":{\"@id\":\"https:\/\/annelertoplandik.com\/blog\/15-haftalik-gebelik-anne-ve-bebek\/#primaryimage\"},\"thumbnailUrl\":\"https:\/\/annelertoplandik.com\/blog\/wp-content\/uploads\/2020\/01\/15-haftal\u0131k-gebelik.jpg\",\"datePublished\":\"2020-08-01T08:19:40+00:00\",\"dateModified\":\"2020-08-02T18:41:11+00:00\",\"description\":\"15 haftal\u0131k gebelik s\u0131ras\u0131nda onun tekmelerini duyabilirsiniz, elinizi karn\u0131n\u0131zda gezdirdi\u011finizde onu yumu\u015fak bir top gibi elinizin alt\u0131nda hissedebilirsiniz.\",\"breadcrumb\":{\"@id\":\"https:\/\/annelertoplandik.com\/blog\/15-haftalik-gebelik-anne-ve-bebek\/#breadcrumb\"},\"inLanguage\":\"tr\",\"potentialAction\":[{\"@type\":\"ReadAction\",\"target\":[\"https:\/\/annelertoplandik.com\/blog\/15-haftalik-gebelik-anne-ve-bebek\/\"]}]},{\"@type\":\"ImageObject\",\"inLanguage\":\"tr\",\"@id\":\"https:\/\/annelertoplandik.com\/blog\/15-haftalik-gebelik-anne-ve-bebek\/#primaryimage\",\"url\":\"https:\/\/annelertoplandik.com\/blog\/wp-content\/uploads\/2020\/01\/15-haftal\u0131k-gebelik.jpg\",\"contentUrl\":\"https:\/\/annelertoplandik.com\/blog\/wp-content\/uploads\/2020\/01\/15-haftal\u0131k-gebelik.jpg\",\"width\":1026,\"height\":555,\"caption\":\"15 haftal\u0131k gebelik\"},{\"@type\":\"BreadcrumbList\",\"@id\":\"https:\/\/annelertoplandik.com\/blog\/15-haftalik-gebelik-anne-ve-bebek\/#breadcrumb\",\"itemListElement\":[{\"@type\":\"ListItem\",\"position\":1,\"name\":\"Ana sayfa\",\"item\":\"https:\/\/annelertoplandik.com\/blog\/\"},{\"@type\":\"ListItem\",\"position\":2,\"name\":\"15 Haftal\u0131k Gebelik &#8211; Anne ve Bebek\"}]},{\"@type\":\"WebSite\",\"@id\":\"https:\/\/annelertoplandik.com\/blog\/#website\",\"url\":\"https:\/\/annelertoplandik.com\/blog\/\",\"name\":\"Anneler Topland\u0131k\",\"description\":\"Annelerin sanal payla\u015f\u0131m merkezi\",\"publisher\":{\"@id\":\"https:\/\/annelertoplandik.com\/blog\/#\/schema\/person\/1fe572fbbce7ca9b1429e03f3fc0d0a8\"},\"potentialAction\":[{\"@type\":\"SearchAction\",\"target\":{\"@type\":\"EntryPoint\",\"urlTemplate\":\"https:\/\/annelertoplandik.com\/blog\/?s={search_term_string}\"},\"query-input\":{\"@type\":\"PropertyValueSpecification\",\"valueRequired\":true,\"valueName\":\"search_term_string\"}}],\"inLanguage\":\"tr\"},{\"@type\":[\"Person\",\"Organization\"],\"@id\":\"https:\/\/annelertoplandik.com\/blog\/#\/schema\/person\/1fe572fbbce7ca9b1429e03f3fc0d0a8\",\"name\":\"Admin\",\"image\":{\"@type\":\"ImageObject\",\"inLanguage\":\"tr\",\"@id\":\"https:\/\/annelertoplandik.com\/blog\/#\/schema\/person\/image\/\",\"url\":\"https:\/\/annelertoplandik.com\/blog\/wp-content\/litespeed\/avatar\/b11040300c1fe933a5185741d40560b6.jpg?ver=1777032257\",\"contentUrl\":\"https:\/\/annelertoplandik.com\/blog\/wp-content\/litespeed\/avatar\/b11040300c1fe933a5185741d40560b6.jpg?ver=1777032257\",\"caption\":\"Admin\"},\"logo\":{\"@id\":\"https:\/\/annelertoplandik.com\/blog\/#\/schema\/person\/image\/\"}}]}<\/script>\n<!-- \/ Yoast SEO plugin. -->","yoast_head_json":{"title":"15 Haftal\u0131k Gebelik - Anne ve Bebek | Anneler Topland\u0131k","description":"15 haftal\u0131k gebelik s\u0131ras\u0131nda onun tekmelerini duyabilirsiniz, elinizi karn\u0131n\u0131zda gezdirdi\u011finizde onu yumu\u015fak bir top gibi elinizin alt\u0131nda hissedebilirsiniz.","robots":{"index":"index","follow":"follow","max-snippet":"max-snippet:-1","max-image-preview":"max-image-preview:large","max-video-preview":"max-video-preview:-1"},"canonical":"https:\/\/annelertoplandik.com\/blog\/15-haftalik-gebelik-anne-ve-bebek\/","og_locale":"tr_TR","og_type":"article","og_title":"15 Haftal\u0131k Gebelik - Anne ve Bebek | Anneler Topland\u0131k","og_description":"15 haftal\u0131k gebelik s\u0131ras\u0131nda onun tekmelerini duyabilirsiniz, elinizi karn\u0131n\u0131zda gezdirdi\u011finizde onu yumu\u015fak bir top gibi elinizin alt\u0131nda hissedebilirsiniz.","og_url":"https:\/\/annelertoplandik.com\/blog\/15-haftalik-gebelik-anne-ve-bebek\/","og_site_name":"Anneler Topland\u0131k","article_published_time":"2020-08-01T08:19:40+00:00","article_modified_time":"2020-08-02T18:41:11+00:00","og_image":[{"width":1026,"height":555,"url":"https:\/\/annelertoplandik.com\/blog\/wp-content\/uploads\/2020\/01\/15-haftal\u0131k-gebelik.jpg","type":"image\/jpeg"}],"author":"Admin","twitter_card":"summary_large_image","twitter_misc":{"Yazan:":"Admin","Tahmini okuma s\u00fcresi":"4 dakika"},"schema":{"@context":"https:\/\/schema.org","@graph":[{"@type":"Article","@id":"https:\/\/annelertoplandik.com\/blog\/15-haftalik-gebelik-anne-ve-bebek\/#article","isPartOf":{"@id":"https:\/\/annelertoplandik.com\/blog\/15-haftalik-gebelik-anne-ve-bebek\/"},"author":{"name":"Admin","@id":"https:\/\/annelertoplandik.com\/blog\/#\/schema\/person\/1fe572fbbce7ca9b1429e03f3fc0d0a8"},"headline":"15 Haftal\u0131k Gebelik &#8211; Anne ve Bebek","datePublished":"2020-08-01T08:19:40+00:00","dateModified":"2020-08-02T18:41:11+00:00","mainEntityOfPage":{"@id":"https:\/\/annelertoplandik.com\/blog\/15-haftalik-gebelik-anne-ve-bebek\/"},"wordCount":762,"commentCount":0,"publisher":{"@id":"https:\/\/annelertoplandik.com\/blog\/#\/schema\/person\/1fe572fbbce7ca9b1429e03f3fc0d0a8"},"image":{"@id":"https:\/\/annelertoplandik.com\/blog\/15-haftalik-gebelik-anne-ve-bebek\/#primaryimage"},"thumbnailUrl":"https:\/\/annelertoplandik.com\/blog\/wp-content\/uploads\/2020\/01\/15-haftal\u0131k-gebelik.jpg","articleSection":{"1":"Hafta Hafta Gebelik"},"inLanguage":"tr","potentialAction":[{"@type":"CommentAction","name":"Comment","target":["https:\/\/annelertoplandik.com\/blog\/15-haftalik-gebelik-anne-ve-bebek\/#respond"]}]},{"@type":"WebPage","@id":"https:\/\/annelertoplandik.com\/blog\/15-haftalik-gebelik-anne-ve-bebek\/","url":"https:\/\/annelertoplandik.com\/blog\/15-haftalik-gebelik-anne-ve-bebek\/","name":"15 Haftal\u0131k Gebelik - Anne ve Bebek | Anneler Topland\u0131k","isPartOf":{"@id":"https:\/\/annelertoplandik.com\/blog\/#website"},"primaryImageOfPage":{"@id":"https:\/\/annelertoplandik.com\/blog\/15-haftalik-gebelik-anne-ve-bebek\/#primaryimage"},"image":{"@id":"https:\/\/annelertoplandik.com\/blog\/15-haftalik-gebelik-anne-ve-bebek\/#primaryimage"},"thumbnailUrl":"https:\/\/annelertoplandik.com\/blog\/wp-content\/uploads\/2020\/01\/15-haftal\u0131k-gebelik.jpg","datePublished":"2020-08-01T08:19:40+00:00","dateModified":"2020-08-02T18:41:11+00:00","description":"15 haftal\u0131k gebelik s\u0131ras\u0131nda onun tekmelerini duyabilirsiniz, elinizi karn\u0131n\u0131zda gezdirdi\u011finizde onu yumu\u015fak bir top gibi elinizin alt\u0131nda hissedebilirsiniz.","breadcrumb":{"@id":"https:\/\/annelertoplandik.com\/blog\/15-haftalik-gebelik-anne-ve-bebek\/#breadcrumb"},"inLanguage":"tr","potentialAction":[{"@type":"ReadAction","target":["https:\/\/annelertoplandik.com\/blog\/15-haftalik-gebelik-anne-ve-bebek\/"]}]},{"@type":"ImageObject","inLanguage":"tr","@id":"https:\/\/annelertoplandik.com\/blog\/15-haftalik-gebelik-anne-ve-bebek\/#primaryimage","url":"https:\/\/annelertoplandik.com\/blog\/wp-content\/uploads\/2020\/01\/15-haftal\u0131k-gebelik.jpg","contentUrl":"https:\/\/annelertoplandik.com\/blog\/wp-content\/uploads\/2020\/01\/15-haftal\u0131k-gebelik.jpg","width":1026,"height":555,"caption":"15 haftal\u0131k gebelik"},{"@type":"BreadcrumbList","@id":"https:\/\/annelertoplandik.com\/blog\/15-haftalik-gebelik-anne-ve-bebek\/#breadcrumb","itemListElement":[{"@type":"ListItem","position":1,"name":"Ana sayfa","item":"https:\/\/annelertoplandik.com\/blog\/"},{"@type":"ListItem","position":2,"name":"15 Haftal\u0131k Gebelik &#8211; Anne ve Bebek"}]},{"@type":"WebSite","@id":"https:\/\/annelertoplandik.com\/blog\/#website","url":"https:\/\/annelertoplandik.com\/blog\/","name":"Anneler Topland\u0131k","description":"Annelerin sanal payla\u015f\u0131m merkezi","publisher":{"@id":"https:\/\/annelertoplandik.com\/blog\/#\/schema\/person\/1fe572fbbce7ca9b1429e03f3fc0d0a8"},"potentialAction":[{"@type":"SearchAction","target":{"@type":"EntryPoint","urlTemplate":"https:\/\/annelertoplandik.com\/blog\/?s={search_term_string}"},"query-input":{"@type":"PropertyValueSpecification","valueRequired":true,"valueName":"search_term_string"}}],"inLanguage":"tr"},{"@type":["Person","Organization"],"@id":"https:\/\/annelertoplandik.com\/blog\/#\/schema\/person\/1fe572fbbce7ca9b1429e03f3fc0d0a8","name":"Admin","image":{"@type":"ImageObject","inLanguage":"tr","@id":"https:\/\/annelertoplandik.com\/blog\/#\/schema\/person\/image\/","url":"https:\/\/annelertoplandik.com\/blog\/wp-content\/litespeed\/avatar\/b11040300c1fe933a5185741d40560b6.jpg?ver=1777032257","contentUrl":"https:\/\/annelertoplandik.com\/blog\/wp-content\/litespeed\/avatar\/b11040300c1fe933a5185741d40560b6.jpg?ver=1777032257","caption":"Admin"},"logo":{"@id":"https:\/\/annelertoplandik.com\/blog\/#\/schema\/person\/image\/"}}]}},"amp_enabled":true,"_links":{"self":[{"href":"https:\/\/annelertoplandik.com\/blog\/wp-json\/wp\/v2\/posts\/1918"}],"collection":[{"href":"https:\/\/annelertoplandik.com\/blog\/wp-json\/wp\/v2\/posts"}],"about":[{"href":"https:\/\/annelertoplandik.com\/blog\/wp-json\/wp\/v2\/types\/post"}],"author":[{"embeddable":true,"href":"https:\/\/annelertoplandik.com\/blog\/wp-json\/wp\/v2\/users\/1"}],"replies":[{"embeddable":true,"href":"https:\/\/annelertoplandik.com\/blog\/wp-json\/wp\/v2\/comments?post=1918"}],"version-history":[{"count":0,"href":"https:\/\/annelertoplandik.com\/blog\/wp-json\/wp\/v2\/posts\/1918\/revisions"}],"wp:featuredmedia":[{"embeddable":true,"href":"https:\/\/annelertoplandik.com\/blog\/wp-json\/wp\/v2\/media\/2828"}],"wp:attachment":[{"href":"https:\/\/annelertoplandik.com\/blog\/wp-json\/wp\/v2\/media?parent=1918"}],"wp:term":[{"taxonomy":"category","embeddable":true,"href":"https:\/\/annelertoplandik.com\/blog\/wp-json\/wp\/v2\/categories?post=1918"},{"taxonomy":"post_tag","embeddable":true,"href":"https:\/\/annelertoplandik.com\/blog\/wp-json\/wp\/v2\/tags?post=1918"}],"curies":[{"name":"wp","href":"https:\/\/api.w.org\/{rel}","templated":true}]}}