{"id":2116,"date":"2023-02-03T12:42:00","date_gmt":"2023-02-03T09:42:00","guid":{"rendered":"https:\/\/annelertoplandik.com\/blog\/?p=2116"},"modified":"2023-02-05T16:29:02","modified_gmt":"2023-02-05T13:29:02","slug":"hamilelikte-dogum-korkusu","status":"publish","type":"post","link":"https:\/\/annelertoplandik.com\/blog\/hamilelikte-dogum-korkusu\/","title":{"rendered":"Hamilelikte Do\u011fum Korkusu Nas\u0131l Yenilir?"},"content":{"rendered":"\n<p>Do\u011fum korkusu, anne adaylar\u0131n\u0131n normal do\u011fum esnas\u0131nda maruz kal\u0131nacak a\u011fr\u0131 ve sanc\u0131 ile ba\u015fa \u00e7\u0131kamama korkusudur. \u00d6zellikle ilk do\u011fumunu ger\u00e7ekle\u015ftirecek anne adaylar\u0131nda durum daha karma\u015f\u0131k bir hal alabilir. Hatta do\u011fum korkusunun daha ileri bir seviyesi olan TAKAFOB\u0130 g\u00f6r\u00fclebilir. Bu konuda tecr\u00fcbe sahibi olanlar anne adaylar\u0131 do\u011fum sanc\u0131s\u0131n\u0131n neye benzedi\u011fini az \u00e7ok tahmin ettiklerinden daha az kayg\u0131l\u0131 olurlar. <\/p>\n\n\n\n<p>Do\u011fum\nkorkusu annenin sa\u011fl\u0131kl\u0131 bir hamilelik d\u00f6nemi ge\u00e7irmesini engellemektedir.\nBunun yan\u0131nda annenin ya\u015fam\u0131\u015f oldu\u011fu stres ve korkular anne karn\u0131nda bebek\ntaraf\u0131ndan sezilmektedir. Bu durum bebe\u011fi olumsuz y\u00f6nde etkilemektedir.<\/p>\n\n\n\n<h2 class=\"wp-block-heading\">Do\u011fum Korkusu Nedenleri<\/h2>\n\n\n\n<ul><li>Anne, abla, kom\u015fu, i\u015f arkada\u015flar\u0131 gibi \u00e7evrede do\u011fum yapm\u0131\u015f\nki\u015filerden dinlenilen korkutucu do\u011fum an\u0131lar\u0131<\/li><li>Televizyonlarda g\u00f6sterilen \u00e7\u0131\u011fl\u0131klarla dolu do\u011fum an\u0131 sahnelerini<\/li><li>Do\u011fum yap\u0131lacak hekime veya ekibine g\u00fcvenmeme<\/li><li>Anne aday\u0131n\u0131n utanaca\u011f\u0131 bir yapaca\u011f\u0131n\u0131, sakat kalaca\u011f\u0131n\u0131 hatta\n\u00f6lece\u011fini d\u00fc\u015f\u00fcnmesi<\/li><li>Do\u011fuma kadar olan s\u00fcre\u00e7te anne aday\u0131n\u0131n kayg\u0131 ve stres d\u00fczeyinin\nazalt\u0131lmaya \u00e7al\u0131\u015f\u0131lmamas\u0131<\/li><li>\u00d6zellikle engelli bir yak\u0131n\u0131 olan anne adaylar\u0131nda bebe\u011fin\nengelli do\u011fabilece\u011fi endi\u015fesi<\/li><li>Anne aday\u0131n\u0131n hamileli\u011fe kendini haz\u0131r hissetmeden hamile\nkalmas\u0131<\/li><li>Hamilelik d\u00f6neminin zor ve sanc\u0131l\u0131 ge\u00e7iyor olmas\u0131<\/li><li>Anne aday\u0131n\u0131n ilk do\u011fumunun \u00e7ok zor ge\u00e7mi\u015f olmas\u0131 veya bebe\u011fin\n\u00f6l\u00fc ya da sakat do\u011fmas\u0131<\/li><li>Hamilelik s\u0131ras\u0131nda anne aday\u0131n\u0131n sevdi\u011fi bir yak\u0131n\u0131n\u0131\nkaybetmesi<\/li><li>Hamilelik d\u00f6neminde ba\u015flayan e\u015fler aras\u0131 ge\u00e7imsizlik veya\nhuzursuzlu\u011fun sebebinin anne aday\u0131 taraf\u0131ndan hamile kalm\u0131\u015f olmas\u0131na ba\u011flanmas\u0131<\/li><li>Normal do\u011fumun cinselli\u011fi olumsuz y\u00f6nde etkileyece\u011fi endi\u015fesi <\/li><li>Daha \u00f6nceden herhangi bir psikolojik s\u0131k\u0131nt\u0131s\u0131 olmad\u0131\u011f\u0131 halde\nhamilelik d\u00f6neminde anne aday\u0131nda ba\u015flayan depresif ruh hali<\/li><\/ul>\n\n\n\n<h2 class=\"wp-block-heading\">Do\u011fum Korkusu ile Ba\u015f Etme Yollar\u0131<\/h2>\n\n\n\n<ul><li>Hamile kal\u0131nmadan \u00f6nce mutlaka bir uzmanla irtibata ge\u00e7ilmelidir. Hamilelik, do\u011fum ve sonras\u0131 hakk\u0131nda anne ve baba aday\u0131 mutlaka bilgi almal\u0131d\u0131r.<\/li><li>Hamilelik konusunda kulaktan dolma bilgilere itibar edilmemeli, bir ba\u015fkas\u0131n\u0131n ya\u015fam\u0131\u015f oldu\u011fu s\u0131k\u0131nt\u0131y\u0131 bizim de ya\u015famam\u0131z\u0131n \u00e7ok k\u00fc\u00e7\u00fck bir ihtimal oldu\u011fu unutulmamal\u0131d\u0131r.<\/li><li>Hamilelik \u00f6ncesi gerekirse psikolojik olarak da yard\u0131m al\u0131nabilir. Hamileli\u011fin fizyolojik, psikolojik, ekonomik vb. y\u00f6nleri iyi de\u011ferlendirilmelidir.<\/li><li>M\u00fcmk\u00fcnse do\u011fuma haz\u0131rl\u0131k kurslar\u0131na devam edilmeli, baba adaylar\u0131 hamileli\u011fin sadece anneyle ilgili bir s\u00fcre\u00e7 olmad\u0131\u011f\u0131n\u0131 iyi kavramal\u0131d\u0131r.<\/li><li>Anne aday\u0131n\u0131n endi\u015feleri \u201cyersiz endi\u015fe\u201d olarak nitelenmemeli, gerekli rehberlik bilin\u00e7li ki\u015filerce yap\u0131lmal\u0131d\u0131r.<\/li><li>Baba aday\u0131n\u0131n hamileli\u011fin her d\u00f6neminde hatta m\u00fcmk\u00fcnse do\u011fum s\u0131ras\u0131nda annenin yan\u0131nda olmas\u0131 ve onun kayg\u0131lar\u0131n\u0131 payla\u015fmas\u0131 her \u015feyden \u00f6nemlidir.<\/li><li>Sa\u011fl\u0131kl\u0131 beslenme, konforlu bir hamilelik d\u00f6nemi ve d\u00fczenli spor yapman\u0131n anne aday\u0131n\u0131n kayg\u0131lar\u0131n\u0131 azaltaca\u011f\u0131 unutulmamal\u0131d\u0131r.<\/li><li>Bebek bekleyen di\u011fer anne-baba adaylar\u0131yla zaman ge\u00e7irip onlarla kayg\u0131lar\u0131n\u0131z\u0131 payla\u015fmak kayg\u0131lar\u0131n\u0131z\u0131 azaltacakt\u0131r.<\/li><li>Do\u011fum \u00f6ncesinde anne aday\u0131n\u0131n \u00e7at\u0131 muayenesi mutlaka yap\u0131lmal\u0131d\u0131r. \u00c7at\u0131 ve \u00e7\u0131k\u0131m b\u00f6lgelerinin normal do\u011fuma elveri\u015fli olup olmad\u0131\u011f\u0131na bak\u0131lmal\u0131, do\u011fumun normal do\u011fum mu yoksa sezaryen mi olaca\u011f\u0131 hakk\u0131nda hekim g\u00f6r\u00fc\u015f\u00fc al\u0131nmal\u0131d\u0131r. <\/li><li>Do\u011fum sanc\u0131s\u0131n\u0131n do\u011fum i\u00e7in ne kadar gerekli oldu\u011fu ve do\u011fumu kolayla\u015ft\u0131rd\u0131\u011f\u0131 anne aday\u0131na anlat\u0131lmal\u0131d\u0131r.<\/li><li><a href=\"https:\/\/annelertoplandik.com\/blog\/normal-dogum-mu-sezaryen-mi-yapmaliyim\/\">Normal do\u011fumun<\/a> sezaryene g\u00f6re daha zahmetli oldu\u011fu d\u00fc\u015f\u00fcn\u00fclse de asl\u0131nda durum b\u00f6yle de\u011fildir. Normal do\u011fum sonras\u0131nda annenin birka\u00e7 saat i\u00e7inde toparlan\u0131p \u00e7ocu\u011funa rahat\u00e7a bakabilece\u011fi anne aday\u0131na anlat\u0131lmal\u0131d\u0131r.<\/li><\/ul>\n\n\n\n<figure class=\"wp-block-image size-large\"><img loading=\"lazy\" decoding=\"async\" width=\"1000\" height=\"667\" src=\"https:\/\/annelertoplandik.com\/blog\/wp-content\/uploads\/2019\/09\/dogum-sancisi-nas\u0131l-olur.jpg\" alt=\"do\u011fum sanc\u0131s\u0131 nas\u0131l anla\u015f\u0131l\u0131r\" class=\"wp-image-410\" srcset=\"https:\/\/annelertoplandik.com\/blog\/wp-content\/uploads\/2019\/09\/dogum-sancisi-nas\u0131l-olur.jpg 1000w, https:\/\/annelertoplandik.com\/blog\/wp-content\/uploads\/2019\/09\/dogum-sancisi-nas\u0131l-olur-300x200.jpg 300w, https:\/\/annelertoplandik.com\/blog\/wp-content\/uploads\/2019\/09\/dogum-sancisi-nas\u0131l-olur-768x512.jpg 768w, https:\/\/annelertoplandik.com\/blog\/wp-content\/uploads\/2019\/09\/dogum-sancisi-nas\u0131l-olur-696x464.jpg 696w, https:\/\/annelertoplandik.com\/blog\/wp-content\/uploads\/2019\/09\/dogum-sancisi-nas\u0131l-olur-630x420.jpg 630w\" sizes=\"(max-width: 1000px) 100vw, 1000px\" \/><\/figure>\n\n\n\n<p>T\u00fcm\nbu \u00e7abalara ra\u011fmen anne aday\u0131 do\u011fum korkusunu yenemiyorsa bu korkunun alt\u0131nda\nfarkl\u0131 bir neden olabilece\u011fi unutulmamal\u0131d\u0131r. Birden fazla do\u011fum ya\u011fm\u0131\u015f\nannelerde bile bir sonraki do\u011fumda farkl\u0131 bir durum g\u00f6zlenebilmektedir. Her\ndo\u011fum farkl\u0131 bir s\u00fcre\u00e7tir. Bu y\u00fczden duruma g\u00f6re hareket edilmelidir. Gerekirse\nbir psikiyatri uzman\u0131ndan yard\u0131m al\u0131nmal\u0131d\u0131r. Uzman yard\u0131m\u0131yla da sonu\u00e7\nal\u0131namazsa anne aday\u0131 normal do\u011fuma zorlanmamal\u0131d\u0131r. Normal do\u011fumu epidural\nanesteziyle ger\u00e7ekle\u015ftirmek tercih edilebilir. Bu y\u00f6ntemle anne aday\u0131 herhangi\nbir a\u011fr\u0131 hissetmeyece\u011fini bildi\u011finden do\u011fum korkusunu yenebilir. <\/p>\n","protected":false},"excerpt":{"rendered":"<p>Do\u011fum korkusu, anne adaylar\u0131n\u0131n normal do\u011fum esnas\u0131nda maruz kal\u0131nacak a\u011fr\u0131 ve sanc\u0131 ile ba\u015fa \u00e7\u0131kamama korkusudur. \u00d6zellikle ilk do\u011fumunu ger\u00e7ekle\u015ftirecek anne adaylar\u0131nda durum daha karma\u015f\u0131k bir hal alabilir. Hatta do\u011fum korkusunun daha ileri bir seviyesi olan TAKAFOB\u0130 g\u00f6r\u00fclebilir. Bu konuda tecr\u00fcbe sahibi olanlar anne adaylar\u0131 do\u011fum sanc\u0131s\u0131n\u0131n neye benzedi\u011fini az \u00e7ok tahmin ettiklerinden daha az [&hellip;]<\/p>\n","protected":false},"author":1,"featured_media":2117,"comment_status":"open","ping_status":"open","sticky":false,"template":"","format":"standard","meta":{"tdm_status":"","tdm_grid_status":"","footnotes":""},"categories":[32],"tags":[],"yoast_head":"<!-- This site is optimized with the Yoast SEO plugin v24.5 - https:\/\/yoast.com\/wordpress\/plugins\/seo\/ -->\n<title>Hamilelikte Do\u011fum Korkusu Nas\u0131l Yenilir? | Anneler Topland\u0131k<\/title>\n<meta name=\"description\" content=\"Do\u011fum korkusu, anne adaylar\u0131n\u0131n normal do\u011fum esnas\u0131nda maruz kal\u0131nacak a\u011fr\u0131 ve sanc\u0131 ile ba\u015fa \u00e7\u0131kamama korkusudur. \u00d6zellikle ilk do\u011fumunu ger\u00e7ekle\u015ftirece...\" \/>\n<meta name=\"robots\" content=\"index, follow, max-snippet:-1, max-image-preview:large, max-video-preview:-1\" \/>\n<link rel=\"canonical\" href=\"https:\/\/annelertoplandik.com\/blog\/hamilelikte-dogum-korkusu\/\" \/>\n<meta property=\"og:locale\" content=\"tr_TR\" \/>\n<meta property=\"og:type\" content=\"article\" \/>\n<meta property=\"og:title\" content=\"Hamilelikte Do\u011fum Korkusu Nas\u0131l Yenilir? | Anneler Topland\u0131k\" \/>\n<meta property=\"og:description\" content=\"Do\u011fum korkusu, anne adaylar\u0131n\u0131n normal do\u011fum esnas\u0131nda maruz kal\u0131nacak a\u011fr\u0131 ve sanc\u0131 ile ba\u015fa \u00e7\u0131kamama korkusudur. \u00d6zellikle ilk do\u011fumunu ger\u00e7ekle\u015ftirece...\" \/>\n<meta property=\"og:url\" content=\"https:\/\/annelertoplandik.com\/blog\/hamilelikte-dogum-korkusu\/\" \/>\n<meta property=\"og:site_name\" content=\"Anneler Topland\u0131k\" \/>\n<meta property=\"article:published_time\" content=\"2023-02-03T09:42:00+00:00\" \/>\n<meta property=\"article:modified_time\" content=\"2023-02-05T13:29:02+00:00\" \/>\n<meta property=\"og:image\" content=\"https:\/\/annelertoplandik.com\/blog\/wp-content\/uploads\/2020\/02\/Hamilelikte-Do\u011fum-Korkusu.jpg\" \/>\n\t<meta property=\"og:image:width\" content=\"650\" \/>\n\t<meta property=\"og:image:height\" content=\"367\" \/>\n\t<meta property=\"og:image:type\" content=\"image\/jpeg\" \/>\n<meta name=\"author\" content=\"Admin\" \/>\n<meta name=\"twitter:card\" content=\"summary_large_image\" \/>\n<meta name=\"twitter:label1\" content=\"Yazan:\" \/>\n\t<meta name=\"twitter:data1\" content=\"Admin\" \/>\n\t<meta name=\"twitter:label2\" content=\"Tahmini okuma s\u00fcresi\" \/>\n\t<meta name=\"twitter:data2\" content=\"4 dakika\" \/>\n<script type=\"application\/ld+json\" class=\"yoast-schema-graph\">{\"@context\":\"https:\/\/schema.org\",\"@graph\":[{\"@type\":\"Article\",\"@id\":\"https:\/\/annelertoplandik.com\/blog\/hamilelikte-dogum-korkusu\/#article\",\"isPartOf\":{\"@id\":\"https:\/\/annelertoplandik.com\/blog\/hamilelikte-dogum-korkusu\/\"},\"author\":{\"name\":\"Admin\",\"@id\":\"https:\/\/annelertoplandik.com\/blog\/#\/schema\/person\/1fe572fbbce7ca9b1429e03f3fc0d0a8\"},\"headline\":\"Hamilelikte Do\u011fum Korkusu Nas\u0131l Yenilir?\",\"datePublished\":\"2023-02-03T09:42:00+00:00\",\"dateModified\":\"2023-02-05T13:29:02+00:00\",\"mainEntityOfPage\":{\"@id\":\"https:\/\/annelertoplandik.com\/blog\/hamilelikte-dogum-korkusu\/\"},\"wordCount\":793,\"commentCount\":1,\"publisher\":{\"@id\":\"https:\/\/annelertoplandik.com\/blog\/#\/schema\/person\/1fe572fbbce7ca9b1429e03f3fc0d0a8\"},\"image\":{\"@id\":\"https:\/\/annelertoplandik.com\/blog\/hamilelikte-dogum-korkusu\/#primaryimage\"},\"thumbnailUrl\":\"https:\/\/annelertoplandik.com\/blog\/wp-content\/uploads\/2020\/02\/Hamilelikte-Do\u011fum-Korkusu.jpg\",\"articleSection\":[\"Do\u011fuma Haz\u0131rl\u0131k\"],\"inLanguage\":\"tr\",\"potentialAction\":[{\"@type\":\"CommentAction\",\"name\":\"Comment\",\"target\":[\"https:\/\/annelertoplandik.com\/blog\/hamilelikte-dogum-korkusu\/#respond\"]}]},{\"@type\":\"WebPage\",\"@id\":\"https:\/\/annelertoplandik.com\/blog\/hamilelikte-dogum-korkusu\/\",\"url\":\"https:\/\/annelertoplandik.com\/blog\/hamilelikte-dogum-korkusu\/\",\"name\":\"Hamilelikte Do\u011fum Korkusu Nas\u0131l Yenilir? | Anneler Topland\u0131k\",\"isPartOf\":{\"@id\":\"https:\/\/annelertoplandik.com\/blog\/#website\"},\"primaryImageOfPage\":{\"@id\":\"https:\/\/annelertoplandik.com\/blog\/hamilelikte-dogum-korkusu\/#primaryimage\"},\"image\":{\"@id\":\"https:\/\/annelertoplandik.com\/blog\/hamilelikte-dogum-korkusu\/#primaryimage\"},\"thumbnailUrl\":\"https:\/\/annelertoplandik.com\/blog\/wp-content\/uploads\/2020\/02\/Hamilelikte-Do\u011fum-Korkusu.jpg\",\"datePublished\":\"2023-02-03T09:42:00+00:00\",\"dateModified\":\"2023-02-05T13:29:02+00:00\",\"description\":\"Do\u011fum korkusu, anne adaylar\u0131n\u0131n normal do\u011fum esnas\u0131nda maruz kal\u0131nacak a\u011fr\u0131 ve sanc\u0131 ile ba\u015fa \u00e7\u0131kamama korkusudur. \u00d6zellikle ilk do\u011fumunu ger\u00e7ekle\u015ftirece...\",\"breadcrumb\":{\"@id\":\"https:\/\/annelertoplandik.com\/blog\/hamilelikte-dogum-korkusu\/#breadcrumb\"},\"inLanguage\":\"tr\",\"potentialAction\":[{\"@type\":\"ReadAction\",\"target\":[\"https:\/\/annelertoplandik.com\/blog\/hamilelikte-dogum-korkusu\/\"]}]},{\"@type\":\"ImageObject\",\"inLanguage\":\"tr\",\"@id\":\"https:\/\/annelertoplandik.com\/blog\/hamilelikte-dogum-korkusu\/#primaryimage\",\"url\":\"https:\/\/annelertoplandik.com\/blog\/wp-content\/uploads\/2020\/02\/Hamilelikte-Do\u011fum-Korkusu.jpg\",\"contentUrl\":\"https:\/\/annelertoplandik.com\/blog\/wp-content\/uploads\/2020\/02\/Hamilelikte-Do\u011fum-Korkusu.jpg\",\"width\":650,\"height\":367,\"caption\":\"Hamilelikte Do\u011fum Korkusu\"},{\"@type\":\"BreadcrumbList\",\"@id\":\"https:\/\/annelertoplandik.com\/blog\/hamilelikte-dogum-korkusu\/#breadcrumb\",\"itemListElement\":[{\"@type\":\"ListItem\",\"position\":1,\"name\":\"Ana sayfa\",\"item\":\"https:\/\/annelertoplandik.com\/blog\/\"},{\"@type\":\"ListItem\",\"position\":2,\"name\":\"Hamilelikte Do\u011fum Korkusu Nas\u0131l Yenilir?\"}]},{\"@type\":\"WebSite\",\"@id\":\"https:\/\/annelertoplandik.com\/blog\/#website\",\"url\":\"https:\/\/annelertoplandik.com\/blog\/\",\"name\":\"Anneler Topland\u0131k\",\"description\":\"Annelerin sanal payla\u015f\u0131m merkezi\",\"publisher\":{\"@id\":\"https:\/\/annelertoplandik.com\/blog\/#\/schema\/person\/1fe572fbbce7ca9b1429e03f3fc0d0a8\"},\"potentialAction\":[{\"@type\":\"SearchAction\",\"target\":{\"@type\":\"EntryPoint\",\"urlTemplate\":\"https:\/\/annelertoplandik.com\/blog\/?s={search_term_string}\"},\"query-input\":{\"@type\":\"PropertyValueSpecification\",\"valueRequired\":true,\"valueName\":\"search_term_string\"}}],\"inLanguage\":\"tr\"},{\"@type\":[\"Person\",\"Organization\"],\"@id\":\"https:\/\/annelertoplandik.com\/blog\/#\/schema\/person\/1fe572fbbce7ca9b1429e03f3fc0d0a8\",\"name\":\"Admin\",\"image\":{\"@type\":\"ImageObject\",\"inLanguage\":\"tr\",\"@id\":\"https:\/\/annelertoplandik.com\/blog\/#\/schema\/person\/image\/\",\"url\":\"https:\/\/annelertoplandik.com\/blog\/wp-content\/litespeed\/avatar\/b11040300c1fe933a5185741d40560b6.jpg?ver=1777032257\",\"contentUrl\":\"https:\/\/annelertoplandik.com\/blog\/wp-content\/litespeed\/avatar\/b11040300c1fe933a5185741d40560b6.jpg?ver=1777032257\",\"caption\":\"Admin\"},\"logo\":{\"@id\":\"https:\/\/annelertoplandik.com\/blog\/#\/schema\/person\/image\/\"}}]}<\/script>\n<!-- \/ Yoast SEO plugin. -->","yoast_head_json":{"title":"Hamilelikte Do\u011fum Korkusu Nas\u0131l Yenilir? | Anneler Topland\u0131k","description":"Do\u011fum korkusu, anne adaylar\u0131n\u0131n normal do\u011fum esnas\u0131nda maruz kal\u0131nacak a\u011fr\u0131 ve sanc\u0131 ile ba\u015fa \u00e7\u0131kamama korkusudur. \u00d6zellikle ilk do\u011fumunu ger\u00e7ekle\u015ftirece...","robots":{"index":"index","follow":"follow","max-snippet":"max-snippet:-1","max-image-preview":"max-image-preview:large","max-video-preview":"max-video-preview:-1"},"canonical":"https:\/\/annelertoplandik.com\/blog\/hamilelikte-dogum-korkusu\/","og_locale":"tr_TR","og_type":"article","og_title":"Hamilelikte Do\u011fum Korkusu Nas\u0131l Yenilir? | Anneler Topland\u0131k","og_description":"Do\u011fum korkusu, anne adaylar\u0131n\u0131n normal do\u011fum esnas\u0131nda maruz kal\u0131nacak a\u011fr\u0131 ve sanc\u0131 ile ba\u015fa \u00e7\u0131kamama korkusudur. \u00d6zellikle ilk do\u011fumunu ger\u00e7ekle\u015ftirece...","og_url":"https:\/\/annelertoplandik.com\/blog\/hamilelikte-dogum-korkusu\/","og_site_name":"Anneler Topland\u0131k","article_published_time":"2023-02-03T09:42:00+00:00","article_modified_time":"2023-02-05T13:29:02+00:00","og_image":[{"width":650,"height":367,"url":"https:\/\/annelertoplandik.com\/blog\/wp-content\/uploads\/2020\/02\/Hamilelikte-Do\u011fum-Korkusu.jpg","type":"image\/jpeg"}],"author":"Admin","twitter_card":"summary_large_image","twitter_misc":{"Yazan:":"Admin","Tahmini okuma s\u00fcresi":"4 dakika"},"schema":{"@context":"https:\/\/schema.org","@graph":[{"@type":"Article","@id":"https:\/\/annelertoplandik.com\/blog\/hamilelikte-dogum-korkusu\/#article","isPartOf":{"@id":"https:\/\/annelertoplandik.com\/blog\/hamilelikte-dogum-korkusu\/"},"author":{"name":"Admin","@id":"https:\/\/annelertoplandik.com\/blog\/#\/schema\/person\/1fe572fbbce7ca9b1429e03f3fc0d0a8"},"headline":"Hamilelikte Do\u011fum Korkusu Nas\u0131l Yenilir?","datePublished":"2023-02-03T09:42:00+00:00","dateModified":"2023-02-05T13:29:02+00:00","mainEntityOfPage":{"@id":"https:\/\/annelertoplandik.com\/blog\/hamilelikte-dogum-korkusu\/"},"wordCount":793,"commentCount":1,"publisher":{"@id":"https:\/\/annelertoplandik.com\/blog\/#\/schema\/person\/1fe572fbbce7ca9b1429e03f3fc0d0a8"},"image":{"@id":"https:\/\/annelertoplandik.com\/blog\/hamilelikte-dogum-korkusu\/#primaryimage"},"thumbnailUrl":"https:\/\/annelertoplandik.com\/blog\/wp-content\/uploads\/2020\/02\/Hamilelikte-Do\u011fum-Korkusu.jpg","articleSection":["Do\u011fuma Haz\u0131rl\u0131k"],"inLanguage":"tr","potentialAction":[{"@type":"CommentAction","name":"Comment","target":["https:\/\/annelertoplandik.com\/blog\/hamilelikte-dogum-korkusu\/#respond"]}]},{"@type":"WebPage","@id":"https:\/\/annelertoplandik.com\/blog\/hamilelikte-dogum-korkusu\/","url":"https:\/\/annelertoplandik.com\/blog\/hamilelikte-dogum-korkusu\/","name":"Hamilelikte Do\u011fum Korkusu Nas\u0131l Yenilir? | Anneler Topland\u0131k","isPartOf":{"@id":"https:\/\/annelertoplandik.com\/blog\/#website"},"primaryImageOfPage":{"@id":"https:\/\/annelertoplandik.com\/blog\/hamilelikte-dogum-korkusu\/#primaryimage"},"image":{"@id":"https:\/\/annelertoplandik.com\/blog\/hamilelikte-dogum-korkusu\/#primaryimage"},"thumbnailUrl":"https:\/\/annelertoplandik.com\/blog\/wp-content\/uploads\/2020\/02\/Hamilelikte-Do\u011fum-Korkusu.jpg","datePublished":"2023-02-03T09:42:00+00:00","dateModified":"2023-02-05T13:29:02+00:00","description":"Do\u011fum korkusu, anne adaylar\u0131n\u0131n normal do\u011fum esnas\u0131nda maruz kal\u0131nacak a\u011fr\u0131 ve sanc\u0131 ile ba\u015fa \u00e7\u0131kamama korkusudur. \u00d6zellikle ilk do\u011fumunu ger\u00e7ekle\u015ftirece...","breadcrumb":{"@id":"https:\/\/annelertoplandik.com\/blog\/hamilelikte-dogum-korkusu\/#breadcrumb"},"inLanguage":"tr","potentialAction":[{"@type":"ReadAction","target":["https:\/\/annelertoplandik.com\/blog\/hamilelikte-dogum-korkusu\/"]}]},{"@type":"ImageObject","inLanguage":"tr","@id":"https:\/\/annelertoplandik.com\/blog\/hamilelikte-dogum-korkusu\/#primaryimage","url":"https:\/\/annelertoplandik.com\/blog\/wp-content\/uploads\/2020\/02\/Hamilelikte-Do\u011fum-Korkusu.jpg","contentUrl":"https:\/\/annelertoplandik.com\/blog\/wp-content\/uploads\/2020\/02\/Hamilelikte-Do\u011fum-Korkusu.jpg","width":650,"height":367,"caption":"Hamilelikte Do\u011fum Korkusu"},{"@type":"BreadcrumbList","@id":"https:\/\/annelertoplandik.com\/blog\/hamilelikte-dogum-korkusu\/#breadcrumb","itemListElement":[{"@type":"ListItem","position":1,"name":"Ana sayfa","item":"https:\/\/annelertoplandik.com\/blog\/"},{"@type":"ListItem","position":2,"name":"Hamilelikte Do\u011fum Korkusu Nas\u0131l Yenilir?"}]},{"@type":"WebSite","@id":"https:\/\/annelertoplandik.com\/blog\/#website","url":"https:\/\/annelertoplandik.com\/blog\/","name":"Anneler Topland\u0131k","description":"Annelerin sanal payla\u015f\u0131m merkezi","publisher":{"@id":"https:\/\/annelertoplandik.com\/blog\/#\/schema\/person\/1fe572fbbce7ca9b1429e03f3fc0d0a8"},"potentialAction":[{"@type":"SearchAction","target":{"@type":"EntryPoint","urlTemplate":"https:\/\/annelertoplandik.com\/blog\/?s={search_term_string}"},"query-input":{"@type":"PropertyValueSpecification","valueRequired":true,"valueName":"search_term_string"}}],"inLanguage":"tr"},{"@type":["Person","Organization"],"@id":"https:\/\/annelertoplandik.com\/blog\/#\/schema\/person\/1fe572fbbce7ca9b1429e03f3fc0d0a8","name":"Admin","image":{"@type":"ImageObject","inLanguage":"tr","@id":"https:\/\/annelertoplandik.com\/blog\/#\/schema\/person\/image\/","url":"https:\/\/annelertoplandik.com\/blog\/wp-content\/litespeed\/avatar\/b11040300c1fe933a5185741d40560b6.jpg?ver=1777032257","contentUrl":"https:\/\/annelertoplandik.com\/blog\/wp-content\/litespeed\/avatar\/b11040300c1fe933a5185741d40560b6.jpg?ver=1777032257","caption":"Admin"},"logo":{"@id":"https:\/\/annelertoplandik.com\/blog\/#\/schema\/person\/image\/"}}]}},"amp_enabled":true,"_links":{"self":[{"href":"https:\/\/annelertoplandik.com\/blog\/wp-json\/wp\/v2\/posts\/2116"}],"collection":[{"href":"https:\/\/annelertoplandik.com\/blog\/wp-json\/wp\/v2\/posts"}],"about":[{"href":"https:\/\/annelertoplandik.com\/blog\/wp-json\/wp\/v2\/types\/post"}],"author":[{"embeddable":true,"href":"https:\/\/annelertoplandik.com\/blog\/wp-json\/wp\/v2\/users\/1"}],"replies":[{"embeddable":true,"href":"https:\/\/annelertoplandik.com\/blog\/wp-json\/wp\/v2\/comments?post=2116"}],"version-history":[{"count":0,"href":"https:\/\/annelertoplandik.com\/blog\/wp-json\/wp\/v2\/posts\/2116\/revisions"}],"wp:featuredmedia":[{"embeddable":true,"href":"https:\/\/annelertoplandik.com\/blog\/wp-json\/wp\/v2\/media\/2117"}],"wp:attachment":[{"href":"https:\/\/annelertoplandik.com\/blog\/wp-json\/wp\/v2\/media?parent=2116"}],"wp:term":[{"taxonomy":"category","embeddable":true,"href":"https:\/\/annelertoplandik.com\/blog\/wp-json\/wp\/v2\/categories?post=2116"},{"taxonomy":"post_tag","embeddable":true,"href":"https:\/\/annelertoplandik.com\/blog\/wp-json\/wp\/v2\/tags?post=2116"}],"curies":[{"name":"wp","href":"https:\/\/api.w.org\/{rel}","templated":true}]}}