{"id":2640,"date":"2020-06-15T23:59:56","date_gmt":"2020-06-15T20:59:56","guid":{"rendered":"https:\/\/annelertoplandik.com\/blog\/?p=2640"},"modified":"2020-06-16T00:00:16","modified_gmt":"2020-06-15T21:00:16","slug":"meme-reddi-nedir-cozumu-var-mi","status":"publish","type":"post","link":"https:\/\/annelertoplandik.com\/blog\/meme-reddi-nedir-cozumu-var-mi\/","title":{"rendered":"Meme reddi nedir, \u00e7\u00f6z\u00fcm\u00fc var m\u0131?"},"content":{"rendered":"\n<p>Bir bebe\u011fin meme emmeyi reddetmesi, emziren bir anne i\u00e7in en \u00fcz\u00fcc\u00fc bir sorundur.&nbsp;Bebe\u011fi \u00e7\u0131\u011fl\u0131k at\u0131p g\u00f6\u011f\u00fcsten ayr\u0131ld\u0131\u011f\u0131nda \u00fczg\u00fcn hissetmeye sebep olur. Anneler meme reddi s\u0131ras\u0131nda kendisini reddetti\u011fini, onu istemedi\u011fini, ona ihtiya\u00e7 duymad\u0131\u011f\u0131n\u0131 hatta sevmedi\u011fini hissedebilir.<\/p>\n\n\n\n<p>Bir bebek g\u00f6\u011fs\u00fcn bir tanesini veya ikisini herhangi bir ya\u015fta reddedebilir. Bunu yapma nedenleri, geli\u015fim a\u015famas\u0131na veya o zamanki sa\u011fl\u0131\u011f\u0131na g\u00f6re de\u011fi\u015fir.&nbsp;Birka\u00e7 dakika emebilir, sonra s\u0131k\u0131nt\u0131 belirtileri g\u00f6sterip devam etmeyi reddedebilir.&nbsp;A\u00e7\u0131k\u00e7a a\u00e7 olmas\u0131na ra\u011fmen emmeye ba\u015flamaz.<\/p>\n\n\n\n<p>Bazen bir <a href=\"https:\/\/annelertoplandik.com\/blog\/bebeklerin-uyuma-pozisyonu-nasil-olmalidir\/\">bebek<\/a> asl\u0131nda reddetmez, ancak \u00e7ok rahats\u0131z oldu\u011funda beslenmesi zorla\u015f\u0131r.\u00a0Emmeye ba\u015flamak i\u00e7in \u00e7ok isteksiz g\u00f6r\u00fcnen ve ba\u015flamas\u0131 uzun zaman alan bir bebek olabilir. Ancak ba\u015flad\u0131ktan sonra iyi beslenir.\u00a0Huzursuz bir bebek, beslenmeden \u00e7ok az tatmin olabilir.\u00a0K\u0131sa bir s\u00fcre emer ve sonra bir s\u00fcre durup tekrar ba\u015flad\u0131ktan sonra beslenmesini bitirir.\u00a0Besleme s\u0131ras\u0131nda kolayca dikkati da\u011f\u0131l\u0131r ve huzursuz olabilir. Bazen elleriyle veya ayaklar\u0131yla annesini uzakla\u015ft\u0131rabilir.\u00a0<\/p>\n\n\n\n<p>Huzursuz ve emmeyi reddeden bir bebe\u011fi beslerken, bebe\u011finizi nazik\u00e7e idare ederek sakin ve sab\u0131rl\u0131 kalmak \u00f6nemlidir.&nbsp;E\u011fer ikiniz de huzursuzsan\u0131z sakinle\u015fmeye \u00e7al\u0131\u015fmak i\u00e7in derin nefesler almay\u0131 deneyin.&nbsp;Derin nefes alma, kendi nefesinizi yava\u015flatman\u0131za ve daha d\u00fczenli hale getirmenize yard\u0131mc\u0131 olur, sakinle\u015ftirmeyi, rahat kalmay\u0131, konsantre olmay\u0131 sa\u011flar. Yat\u0131\u015ft\u0131r\u0131c\u0131 m\u00fczik kullanmaya, bebe\u011finizi nazik\u00e7e sallamaya veya ta\u015f\u0131maya yard\u0131mc\u0131 olabilir.&nbsp;Bu gev\u015feme, s\u00fct\u00fcn\u00fcz\u00fcn kolayca akmas\u0131na yard\u0131mc\u0131 olur, b\u00f6ylece bebe\u011finiz memenizden s\u00fct al\u0131r.<\/p>\n\n\n\n<p>Bebe\u011finiz olduk\u00e7a huzursuzsa, a\u011fl\u0131yorsa, \u00f6fkeli ve \u00fczg\u00fcn hissediyorsa, her ikiniz de daha sakin hissetti\u011finizde tekrar denemenin yard\u0131mc\u0131 oldu\u011funu g\u00f6rebilirsiniz.&nbsp;Bu arada kucaklama veya oyun bebe\u011finizin dikkatini da\u011f\u0131tabilir veya d\u0131\u015far\u0131da y\u00fcr\u00fcmek her ikinizi de rahatlatabilir.&nbsp;<\/p>\n\n\n\n<h2 class=\"wp-block-heading\"><strong>Meme reddi nedenleri<\/strong><\/h2>\n\n\n\n<p>Bazen bebekler memeyi reddeder.&nbsp;Meme reddi genellikle&nbsp;a\u015fa\u011f\u0131dakilerden biri veya daha fazlas\u0131ndan kaynaklanabilecek&nbsp;sadece bir ge\u00e7i\u015f a\u015famas\u0131d\u0131r:<\/p>\n\n\n\n<ul><li>Bebe\u011finizin&nbsp;so\u011fuk alg\u0131nl\u0131\u011f\u0131 varsa<\/li><li>Bebe\u011finiz rahats\u0131z veya ac\u0131 \u00e7ekiyorsa.<\/li><li>Bebe\u011finiz emmekte zorlan\u0131yorsa<\/li><li>Muhtemelen ila\u00e7 kulland\u0131\u011f\u0131n\u0131zdan, hormonal de\u011fi\u015fiklikler ge\u00e7irdi\u011finizden veya ola\u011fand\u0131\u015f\u0131 bir \u015fey yedi\u011finiz i\u00e7in s\u00fct\u00fcn\u00fcz\u00fcn tad\u0131 farkl\u0131ysa<\/li><li>S\u00fct ak\u0131\u015f\u0131n\u0131z normalden daha h\u0131zl\u0131 veya daha yava\u015fsa<\/li><li>Bebe\u011finiz sadece bir memeyi tercih ediyorsa meme reddi olabilir.<\/li><\/ul>\n\n\n\n<p>G\u00f6\u011f\u00fcslerin reddedilmesinin bu nedenlerinin \u00e7o\u011fu kendi ba\u015f\u0131na gider veya rutininizde birka\u00e7 basit de\u011fi\u015fiklikle \u00e7\u00f6z\u00fclebilir.&nbsp;Hi\u00e7biri emzirmeyi b\u0131rakman\u0131z gerekti\u011fi anlam\u0131na gelmez.<\/p>\n\n\n\n<h2 class=\"wp-block-heading\"><strong>Meme reddi \u00e7\u00f6z\u00fcm\u00fc<\/strong><\/h2>\n\n\n\n<figure class=\"wp-block-image size-large\"><img loading=\"lazy\" decoding=\"async\" width=\"1024\" height=\"576\" src=\"https:\/\/annelertoplandik.com\/blog\/wp-content\/uploads\/2020\/06\/meme-reddi1-1024x576.jpg\" alt=\"meme reddi\" class=\"wp-image-2641\" srcset=\"https:\/\/annelertoplandik.com\/blog\/wp-content\/uploads\/2020\/06\/meme-reddi1-1024x576.jpg 1024w, https:\/\/annelertoplandik.com\/blog\/wp-content\/uploads\/2020\/06\/meme-reddi1-300x169.jpg 300w, https:\/\/annelertoplandik.com\/blog\/wp-content\/uploads\/2020\/06\/meme-reddi1-768x432.jpg 768w, https:\/\/annelertoplandik.com\/blog\/wp-content\/uploads\/2020\/06\/meme-reddi1-696x391.jpg 696w, https:\/\/annelertoplandik.com\/blog\/wp-content\/uploads\/2020\/06\/meme-reddi1-747x420.jpg 747w, https:\/\/annelertoplandik.com\/blog\/wp-content\/uploads\/2020\/06\/meme-reddi1.jpg 1026w\" sizes=\"(max-width: 1024px) 100vw, 1024px\" \/><\/figure>\n\n\n\n<p>Bebe\u011finizi memeye al\u0131\u015ft\u0131rmaya yard\u0131mc\u0131 olmak i\u00e7in a\u015fa\u011f\u0131dakileri denemeniz faydal\u0131 olacakt\u0131r?<\/p>\n\n\n\n<ul><li>Rahatlay\u0131n ve olabildi\u011fince sab\u0131rl\u0131 olun.<\/li><li>Yeni bir besleme konumu deneyin.<\/li><li>Bebe\u011finizin a\u011fz\u0131na biraz s\u00fct verin.&nbsp;Bu onu beslemeye te\u015fvik edebilir.<\/li><li>Banyosundan sonra, s\u0131cak ve rahat oldu\u011funda emziriniz.<\/li><li>Emzirmeyi sessiz bir yerde deneyin.<\/li><li>Rahatlat\u0131c\u0131 fon m\u00fczi\u011fi \u00e7al\u0131n veya bir sallanan sandalyede besleyin.<\/li><li>Bebe\u011finizi uykudan kalkerken ya da sadece uyurken meme vermeyi deneyin.<\/li><li>Bebe\u011finiz rahatlad\u0131\u011f\u0131nda daha sonra tekrar deneyin.&nbsp;Bebe\u011fi zorlamak, meme reddini daha da k\u00f6t\u00fcle\u015ftirebilir.<\/li><li>Bebe\u011finiz rahats\u0131z g\u00f6r\u00fcn\u00fcyorsa doktorunuzu g\u00f6rmesi i\u00e7in onu hastaneye g\u00f6t\u00fcr\u00fcn.<\/li><\/ul>\n\n\n\n<p>Meme reddi genellikle ge\u00e7icidir, birka\u00e7 g\u00fcnden birka\u00e7 haftaya kadar s\u00fcrer, ancak bazen bir bebek g\u00f6\u011fse geri d\u00f6nmeye ikna edilemez.&nbsp;Bu \u00e7ok s\u0131k ger\u00e7ekle\u015fmez, ancak bazen alternatifler dikkate al\u0131nmal\u0131d\u0131r.&nbsp;K\u00fc\u00e7\u00fck bebeklere biberonla ve mama ile s\u00fct verilebilir. Ya\u015f\u0131 ilerlemi\u015f baz\u0131 b\u00fcy\u00fck bebekler bardaklardan i\u00e7ilebilir.<\/p>\n","protected":false},"excerpt":{"rendered":"<p>Bir bebe\u011fin meme emmeyi reddetmesi, emziren bir anne i\u00e7in en \u00fcz\u00fcc\u00fc bir sorundur.&nbsp;Bebe\u011fi \u00e7\u0131\u011fl\u0131k at\u0131p g\u00f6\u011f\u00fcsten ayr\u0131ld\u0131\u011f\u0131nda \u00fczg\u00fcn hissetmeye sebep olur. Anneler meme reddi s\u0131ras\u0131nda kendisini reddetti\u011fini, onu istemedi\u011fini, ona ihtiya\u00e7 duymad\u0131\u011f\u0131n\u0131 hatta sevmedi\u011fini hissedebilir. Bir bebek g\u00f6\u011fs\u00fcn bir tanesini veya ikisini herhangi bir ya\u015fta reddedebilir. Bunu yapma nedenleri, geli\u015fim a\u015famas\u0131na veya o zamanki sa\u011fl\u0131\u011f\u0131na [&hellip;]<\/p>\n","protected":false},"author":7,"featured_media":2642,"comment_status":"open","ping_status":"open","sticky":false,"template":"","format":"standard","meta":{"tdm_status":"","tdm_grid_status":"","footnotes":""},"categories":[42],"tags":[],"yoast_head":"<!-- This site is optimized with the Yoast SEO plugin v24.5 - https:\/\/yoast.com\/wordpress\/plugins\/seo\/ -->\n<title>Meme reddi nedir, \u00e7\u00f6z\u00fcm\u00fc var m\u0131? | Anneler Topland\u0131k<\/title>\n<meta name=\"description\" content=\"Anneler meme reddi s\u0131ras\u0131nda kendisini reddetti\u011fini, onu istemedi\u011fini, ona ihtiya\u00e7 duymad\u0131\u011f\u0131n\u0131 hatta sevmedi\u011fini hissedebilir.\" \/>\n<meta name=\"robots\" content=\"index, follow, max-snippet:-1, max-image-preview:large, max-video-preview:-1\" \/>\n<link rel=\"canonical\" href=\"https:\/\/annelertoplandik.com\/blog\/meme-reddi-nedir-cozumu-var-mi\/\" \/>\n<meta property=\"og:locale\" content=\"tr_TR\" \/>\n<meta property=\"og:type\" content=\"article\" \/>\n<meta property=\"og:title\" content=\"Meme reddi nedir, \u00e7\u00f6z\u00fcm\u00fc var m\u0131? | Anneler Topland\u0131k\" \/>\n<meta property=\"og:description\" content=\"Anneler meme reddi s\u0131ras\u0131nda kendisini reddetti\u011fini, onu istemedi\u011fini, ona ihtiya\u00e7 duymad\u0131\u011f\u0131n\u0131 hatta sevmedi\u011fini hissedebilir.\" \/>\n<meta property=\"og:url\" content=\"https:\/\/annelertoplandik.com\/blog\/meme-reddi-nedir-cozumu-var-mi\/\" \/>\n<meta property=\"og:site_name\" content=\"Anneler Topland\u0131k\" \/>\n<meta property=\"article:published_time\" content=\"2020-06-15T20:59:56+00:00\" \/>\n<meta property=\"article:modified_time\" content=\"2020-06-15T21:00:16+00:00\" \/>\n<meta property=\"og:image\" content=\"https:\/\/annelertoplandik.com\/blog\/wp-content\/uploads\/2020\/06\/meme-reddi-scaled.jpg\" \/>\n\t<meta property=\"og:image:width\" content=\"2560\" \/>\n\t<meta property=\"og:image:height\" content=\"1707\" \/>\n\t<meta property=\"og:image:type\" content=\"image\/jpeg\" \/>\n<meta name=\"author\" content=\"Site varsay\u0131lan\u0131\" \/>\n<meta name=\"twitter:card\" content=\"summary_large_image\" \/>\n<meta name=\"twitter:label1\" content=\"Yazan:\" \/>\n\t<meta name=\"twitter:data1\" content=\"Site varsay\u0131lan\u0131\" \/>\n\t<meta name=\"twitter:label2\" content=\"Tahmini okuma s\u00fcresi\" \/>\n\t<meta name=\"twitter:data2\" content=\"3 dakika\" \/>\n<script type=\"application\/ld+json\" class=\"yoast-schema-graph\">{\"@context\":\"https:\/\/schema.org\",\"@graph\":[{\"@type\":\"Article\",\"@id\":\"https:\/\/annelertoplandik.com\/blog\/meme-reddi-nedir-cozumu-var-mi\/#article\",\"isPartOf\":{\"@id\":\"https:\/\/annelertoplandik.com\/blog\/meme-reddi-nedir-cozumu-var-mi\/\"},\"author\":{\"name\":\"Site varsay\u0131lan\u0131\",\"@id\":\"https:\/\/annelertoplandik.com\/blog\/#\/schema\/person\/ed8c4b2b366e8fe17908065956b863be\"},\"headline\":\"Meme reddi nedir, \u00e7\u00f6z\u00fcm\u00fc var m\u0131?\",\"datePublished\":\"2020-06-15T20:59:56+00:00\",\"dateModified\":\"2020-06-15T21:00:16+00:00\",\"mainEntityOfPage\":{\"@id\":\"https:\/\/annelertoplandik.com\/blog\/meme-reddi-nedir-cozumu-var-mi\/\"},\"wordCount\":687,\"commentCount\":0,\"publisher\":{\"@id\":\"https:\/\/annelertoplandik.com\/blog\/#\/schema\/person\/1fe572fbbce7ca9b1429e03f3fc0d0a8\"},\"image\":{\"@id\":\"https:\/\/annelertoplandik.com\/blog\/meme-reddi-nedir-cozumu-var-mi\/#primaryimage\"},\"thumbnailUrl\":\"https:\/\/annelertoplandik.com\/blog\/wp-content\/uploads\/2020\/06\/meme-reddi-scaled.jpg\",\"articleSection\":[\"Emzirme\"],\"inLanguage\":\"tr\",\"potentialAction\":[{\"@type\":\"CommentAction\",\"name\":\"Comment\",\"target\":[\"https:\/\/annelertoplandik.com\/blog\/meme-reddi-nedir-cozumu-var-mi\/#respond\"]}]},{\"@type\":\"WebPage\",\"@id\":\"https:\/\/annelertoplandik.com\/blog\/meme-reddi-nedir-cozumu-var-mi\/\",\"url\":\"https:\/\/annelertoplandik.com\/blog\/meme-reddi-nedir-cozumu-var-mi\/\",\"name\":\"Meme reddi nedir, \u00e7\u00f6z\u00fcm\u00fc var m\u0131? | Anneler Topland\u0131k\",\"isPartOf\":{\"@id\":\"https:\/\/annelertoplandik.com\/blog\/#website\"},\"primaryImageOfPage\":{\"@id\":\"https:\/\/annelertoplandik.com\/blog\/meme-reddi-nedir-cozumu-var-mi\/#primaryimage\"},\"image\":{\"@id\":\"https:\/\/annelertoplandik.com\/blog\/meme-reddi-nedir-cozumu-var-mi\/#primaryimage\"},\"thumbnailUrl\":\"https:\/\/annelertoplandik.com\/blog\/wp-content\/uploads\/2020\/06\/meme-reddi-scaled.jpg\",\"datePublished\":\"2020-06-15T20:59:56+00:00\",\"dateModified\":\"2020-06-15T21:00:16+00:00\",\"description\":\"Anneler meme reddi s\u0131ras\u0131nda kendisini reddetti\u011fini, onu istemedi\u011fini, ona ihtiya\u00e7 duymad\u0131\u011f\u0131n\u0131 hatta sevmedi\u011fini hissedebilir.\",\"breadcrumb\":{\"@id\":\"https:\/\/annelertoplandik.com\/blog\/meme-reddi-nedir-cozumu-var-mi\/#breadcrumb\"},\"inLanguage\":\"tr\",\"potentialAction\":[{\"@type\":\"ReadAction\",\"target\":[\"https:\/\/annelertoplandik.com\/blog\/meme-reddi-nedir-cozumu-var-mi\/\"]}]},{\"@type\":\"ImageObject\",\"inLanguage\":\"tr\",\"@id\":\"https:\/\/annelertoplandik.com\/blog\/meme-reddi-nedir-cozumu-var-mi\/#primaryimage\",\"url\":\"https:\/\/annelertoplandik.com\/blog\/wp-content\/uploads\/2020\/06\/meme-reddi-scaled.jpg\",\"contentUrl\":\"https:\/\/annelertoplandik.com\/blog\/wp-content\/uploads\/2020\/06\/meme-reddi-scaled.jpg\",\"width\":2560,\"height\":1707,\"caption\":\"meme reddi\"},{\"@type\":\"BreadcrumbList\",\"@id\":\"https:\/\/annelertoplandik.com\/blog\/meme-reddi-nedir-cozumu-var-mi\/#breadcrumb\",\"itemListElement\":[{\"@type\":\"ListItem\",\"position\":1,\"name\":\"Ana sayfa\",\"item\":\"https:\/\/annelertoplandik.com\/blog\/\"},{\"@type\":\"ListItem\",\"position\":2,\"name\":\"Meme reddi nedir, \u00e7\u00f6z\u00fcm\u00fc var m\u0131?\"}]},{\"@type\":\"WebSite\",\"@id\":\"https:\/\/annelertoplandik.com\/blog\/#website\",\"url\":\"https:\/\/annelertoplandik.com\/blog\/\",\"name\":\"Anneler Topland\u0131k\",\"description\":\"Annelerin sanal payla\u015f\u0131m merkezi\",\"publisher\":{\"@id\":\"https:\/\/annelertoplandik.com\/blog\/#\/schema\/person\/1fe572fbbce7ca9b1429e03f3fc0d0a8\"},\"potentialAction\":[{\"@type\":\"SearchAction\",\"target\":{\"@type\":\"EntryPoint\",\"urlTemplate\":\"https:\/\/annelertoplandik.com\/blog\/?s={search_term_string}\"},\"query-input\":{\"@type\":\"PropertyValueSpecification\",\"valueRequired\":true,\"valueName\":\"search_term_string\"}}],\"inLanguage\":\"tr\"},{\"@type\":[\"Person\",\"Organization\"],\"@id\":\"https:\/\/annelertoplandik.com\/blog\/#\/schema\/person\/1fe572fbbce7ca9b1429e03f3fc0d0a8\",\"name\":\"Admin\",\"image\":{\"@type\":\"ImageObject\",\"inLanguage\":\"tr\",\"@id\":\"https:\/\/annelertoplandik.com\/blog\/#\/schema\/person\/image\/\",\"url\":\"https:\/\/annelertoplandik.com\/blog\/wp-content\/litespeed\/avatar\/b11040300c1fe933a5185741d40560b6.jpg?ver=1777032257\",\"contentUrl\":\"https:\/\/annelertoplandik.com\/blog\/wp-content\/litespeed\/avatar\/b11040300c1fe933a5185741d40560b6.jpg?ver=1777032257\",\"caption\":\"Admin\"},\"logo\":{\"@id\":\"https:\/\/annelertoplandik.com\/blog\/#\/schema\/person\/image\/\"}},{\"@type\":\"Person\",\"@id\":\"https:\/\/annelertoplandik.com\/blog\/#\/schema\/person\/ed8c4b2b366e8fe17908065956b863be\",\"name\":\"Site varsay\u0131lan\u0131\",\"image\":{\"@type\":\"ImageObject\",\"inLanguage\":\"tr\",\"@id\":\"https:\/\/annelertoplandik.com\/blog\/#\/schema\/person\/image\/\",\"url\":\"https:\/\/annelertoplandik.com\/blog\/wp-content\/litespeed\/avatar\/c00c7d963bfc23c3840923d93a738b4c.jpg?ver=1777033036\",\"contentUrl\":\"https:\/\/annelertoplandik.com\/blog\/wp-content\/litespeed\/avatar\/c00c7d963bfc23c3840923d93a738b4c.jpg?ver=1777033036\",\"caption\":\"Site varsay\u0131lan\u0131\"}}]}<\/script>\n<!-- \/ Yoast SEO plugin. -->","yoast_head_json":{"title":"Meme reddi nedir, \u00e7\u00f6z\u00fcm\u00fc var m\u0131? | Anneler Topland\u0131k","description":"Anneler meme reddi s\u0131ras\u0131nda kendisini reddetti\u011fini, onu istemedi\u011fini, ona ihtiya\u00e7 duymad\u0131\u011f\u0131n\u0131 hatta sevmedi\u011fini hissedebilir.","robots":{"index":"index","follow":"follow","max-snippet":"max-snippet:-1","max-image-preview":"max-image-preview:large","max-video-preview":"max-video-preview:-1"},"canonical":"https:\/\/annelertoplandik.com\/blog\/meme-reddi-nedir-cozumu-var-mi\/","og_locale":"tr_TR","og_type":"article","og_title":"Meme reddi nedir, \u00e7\u00f6z\u00fcm\u00fc var m\u0131? | Anneler Topland\u0131k","og_description":"Anneler meme reddi s\u0131ras\u0131nda kendisini reddetti\u011fini, onu istemedi\u011fini, ona ihtiya\u00e7 duymad\u0131\u011f\u0131n\u0131 hatta sevmedi\u011fini hissedebilir.","og_url":"https:\/\/annelertoplandik.com\/blog\/meme-reddi-nedir-cozumu-var-mi\/","og_site_name":"Anneler Topland\u0131k","article_published_time":"2020-06-15T20:59:56+00:00","article_modified_time":"2020-06-15T21:00:16+00:00","og_image":[{"width":2560,"height":1707,"url":"https:\/\/annelertoplandik.com\/blog\/wp-content\/uploads\/2020\/06\/meme-reddi-scaled.jpg","type":"image\/jpeg"}],"author":"Site varsay\u0131lan\u0131","twitter_card":"summary_large_image","twitter_misc":{"Yazan:":"Site varsay\u0131lan\u0131","Tahmini okuma s\u00fcresi":"3 dakika"},"schema":{"@context":"https:\/\/schema.org","@graph":[{"@type":"Article","@id":"https:\/\/annelertoplandik.com\/blog\/meme-reddi-nedir-cozumu-var-mi\/#article","isPartOf":{"@id":"https:\/\/annelertoplandik.com\/blog\/meme-reddi-nedir-cozumu-var-mi\/"},"author":{"name":"Site varsay\u0131lan\u0131","@id":"https:\/\/annelertoplandik.com\/blog\/#\/schema\/person\/ed8c4b2b366e8fe17908065956b863be"},"headline":"Meme reddi nedir, \u00e7\u00f6z\u00fcm\u00fc var m\u0131?","datePublished":"2020-06-15T20:59:56+00:00","dateModified":"2020-06-15T21:00:16+00:00","mainEntityOfPage":{"@id":"https:\/\/annelertoplandik.com\/blog\/meme-reddi-nedir-cozumu-var-mi\/"},"wordCount":687,"commentCount":0,"publisher":{"@id":"https:\/\/annelertoplandik.com\/blog\/#\/schema\/person\/1fe572fbbce7ca9b1429e03f3fc0d0a8"},"image":{"@id":"https:\/\/annelertoplandik.com\/blog\/meme-reddi-nedir-cozumu-var-mi\/#primaryimage"},"thumbnailUrl":"https:\/\/annelertoplandik.com\/blog\/wp-content\/uploads\/2020\/06\/meme-reddi-scaled.jpg","articleSection":["Emzirme"],"inLanguage":"tr","potentialAction":[{"@type":"CommentAction","name":"Comment","target":["https:\/\/annelertoplandik.com\/blog\/meme-reddi-nedir-cozumu-var-mi\/#respond"]}]},{"@type":"WebPage","@id":"https:\/\/annelertoplandik.com\/blog\/meme-reddi-nedir-cozumu-var-mi\/","url":"https:\/\/annelertoplandik.com\/blog\/meme-reddi-nedir-cozumu-var-mi\/","name":"Meme reddi nedir, \u00e7\u00f6z\u00fcm\u00fc var m\u0131? | Anneler Topland\u0131k","isPartOf":{"@id":"https:\/\/annelertoplandik.com\/blog\/#website"},"primaryImageOfPage":{"@id":"https:\/\/annelertoplandik.com\/blog\/meme-reddi-nedir-cozumu-var-mi\/#primaryimage"},"image":{"@id":"https:\/\/annelertoplandik.com\/blog\/meme-reddi-nedir-cozumu-var-mi\/#primaryimage"},"thumbnailUrl":"https:\/\/annelertoplandik.com\/blog\/wp-content\/uploads\/2020\/06\/meme-reddi-scaled.jpg","datePublished":"2020-06-15T20:59:56+00:00","dateModified":"2020-06-15T21:00:16+00:00","description":"Anneler meme reddi s\u0131ras\u0131nda kendisini reddetti\u011fini, onu istemedi\u011fini, ona ihtiya\u00e7 duymad\u0131\u011f\u0131n\u0131 hatta sevmedi\u011fini hissedebilir.","breadcrumb":{"@id":"https:\/\/annelertoplandik.com\/blog\/meme-reddi-nedir-cozumu-var-mi\/#breadcrumb"},"inLanguage":"tr","potentialAction":[{"@type":"ReadAction","target":["https:\/\/annelertoplandik.com\/blog\/meme-reddi-nedir-cozumu-var-mi\/"]}]},{"@type":"ImageObject","inLanguage":"tr","@id":"https:\/\/annelertoplandik.com\/blog\/meme-reddi-nedir-cozumu-var-mi\/#primaryimage","url":"https:\/\/annelertoplandik.com\/blog\/wp-content\/uploads\/2020\/06\/meme-reddi-scaled.jpg","contentUrl":"https:\/\/annelertoplandik.com\/blog\/wp-content\/uploads\/2020\/06\/meme-reddi-scaled.jpg","width":2560,"height":1707,"caption":"meme reddi"},{"@type":"BreadcrumbList","@id":"https:\/\/annelertoplandik.com\/blog\/meme-reddi-nedir-cozumu-var-mi\/#breadcrumb","itemListElement":[{"@type":"ListItem","position":1,"name":"Ana sayfa","item":"https:\/\/annelertoplandik.com\/blog\/"},{"@type":"ListItem","position":2,"name":"Meme reddi nedir, \u00e7\u00f6z\u00fcm\u00fc var m\u0131?"}]},{"@type":"WebSite","@id":"https:\/\/annelertoplandik.com\/blog\/#website","url":"https:\/\/annelertoplandik.com\/blog\/","name":"Anneler Topland\u0131k","description":"Annelerin sanal payla\u015f\u0131m merkezi","publisher":{"@id":"https:\/\/annelertoplandik.com\/blog\/#\/schema\/person\/1fe572fbbce7ca9b1429e03f3fc0d0a8"},"potentialAction":[{"@type":"SearchAction","target":{"@type":"EntryPoint","urlTemplate":"https:\/\/annelertoplandik.com\/blog\/?s={search_term_string}"},"query-input":{"@type":"PropertyValueSpecification","valueRequired":true,"valueName":"search_term_string"}}],"inLanguage":"tr"},{"@type":["Person","Organization"],"@id":"https:\/\/annelertoplandik.com\/blog\/#\/schema\/person\/1fe572fbbce7ca9b1429e03f3fc0d0a8","name":"Admin","image":{"@type":"ImageObject","inLanguage":"tr","@id":"https:\/\/annelertoplandik.com\/blog\/#\/schema\/person\/image\/","url":"https:\/\/annelertoplandik.com\/blog\/wp-content\/litespeed\/avatar\/b11040300c1fe933a5185741d40560b6.jpg?ver=1777032257","contentUrl":"https:\/\/annelertoplandik.com\/blog\/wp-content\/litespeed\/avatar\/b11040300c1fe933a5185741d40560b6.jpg?ver=1777032257","caption":"Admin"},"logo":{"@id":"https:\/\/annelertoplandik.com\/blog\/#\/schema\/person\/image\/"}},{"@type":"Person","@id":"https:\/\/annelertoplandik.com\/blog\/#\/schema\/person\/ed8c4b2b366e8fe17908065956b863be","name":"Site varsay\u0131lan\u0131","image":{"@type":"ImageObject","inLanguage":"tr","@id":"https:\/\/annelertoplandik.com\/blog\/#\/schema\/person\/image\/","url":"https:\/\/annelertoplandik.com\/blog\/wp-content\/litespeed\/avatar\/c00c7d963bfc23c3840923d93a738b4c.jpg?ver=1777033036","contentUrl":"https:\/\/annelertoplandik.com\/blog\/wp-content\/litespeed\/avatar\/c00c7d963bfc23c3840923d93a738b4c.jpg?ver=1777033036","caption":"Site varsay\u0131lan\u0131"}}]}},"amp_enabled":true,"_links":{"self":[{"href":"https:\/\/annelertoplandik.com\/blog\/wp-json\/wp\/v2\/posts\/2640"}],"collection":[{"href":"https:\/\/annelertoplandik.com\/blog\/wp-json\/wp\/v2\/posts"}],"about":[{"href":"https:\/\/annelertoplandik.com\/blog\/wp-json\/wp\/v2\/types\/post"}],"author":[{"embeddable":true,"href":"https:\/\/annelertoplandik.com\/blog\/wp-json\/wp\/v2\/users\/7"}],"replies":[{"embeddable":true,"href":"https:\/\/annelertoplandik.com\/blog\/wp-json\/wp\/v2\/comments?post=2640"}],"version-history":[{"count":0,"href":"https:\/\/annelertoplandik.com\/blog\/wp-json\/wp\/v2\/posts\/2640\/revisions"}],"wp:featuredmedia":[{"embeddable":true,"href":"https:\/\/annelertoplandik.com\/blog\/wp-json\/wp\/v2\/media\/2642"}],"wp:attachment":[{"href":"https:\/\/annelertoplandik.com\/blog\/wp-json\/wp\/v2\/media?parent=2640"}],"wp:term":[{"taxonomy":"category","embeddable":true,"href":"https:\/\/annelertoplandik.com\/blog\/wp-json\/wp\/v2\/categories?post=2640"},{"taxonomy":"post_tag","embeddable":true,"href":"https:\/\/annelertoplandik.com\/blog\/wp-json\/wp\/v2\/tags?post=2640"}],"curies":[{"name":"wp","href":"https:\/\/api.w.org\/{rel}","templated":true}]}}