{"id":2769,"date":"2020-07-16T19:22:00","date_gmt":"2020-07-16T16:22:00","guid":{"rendered":"https:\/\/annelertoplandik.com\/blog\/?p=2769"},"modified":"2020-07-16T19:22:02","modified_gmt":"2020-07-16T16:22:02","slug":"cocugum-yeterince-buyuyor-mu","status":"publish","type":"post","link":"https:\/\/annelertoplandik.com\/blog\/cocugum-yeterince-buyuyor-mu\/","title":{"rendered":"\u00c7ocu\u011fum Yeterince B\u00fcy\u00fcyor Mu?"},"content":{"rendered":"\n<p>\u00c7ocu\u011fum b\u00fcy\u00fcyor mu, her ebeveynin akl\u0131na gelen sorulardan biridir. Y\u00fczlerce t\u0131bbi sorun \u00e7ocu\u011funuzun b\u00fcy\u00fcmesini etkileyebilir.\u00a0Asl\u0131nda, anormal bir b\u00fcy\u00fcme genellikle altta yatan bir t\u0131bbi durumun en erken belirtisidir.\u00a0\u00c7ocu\u011funuzun b\u00fcy\u00fcmesini y\u0131lda en az iki kez takip etmek \u00f6nemlidir. Normal bir b\u00fcy\u00fcme modelini korumak, \u00e7ocu\u011fun genel sa\u011fl\u0131\u011f\u0131n\u0131n iyi bir g\u00f6stergesidir.\u00a0B\u00fcy\u00fcme kal\u0131t\u0131m, genetik veya konjenital fakt\u00f6rler gibi bir\u00e7ok fakt\u00f6rden etkilenir.\u00a0Hastal\u0131k ve ila\u00e7lar, beslenme, hormonlar ve psikososyal ortam b\u00fcy\u00fcmeyi etkiler.\u00a0Bir \u00e7ocu\u011fun ger\u00e7ek veya \u00f6ng\u00f6r\u00fclen yap\u0131s\u0131ndan daha \u00f6nemlisi, normal bir b\u00fcy\u00fcme seviyesi izleyip izlemedi\u011fidir.<\/p>\n\n\n\n<p>\u00c7ocu\u011funuzun boy, kilo ve ba\u015f \u00e7evresinin d\u00fczenli olarak \u00f6l\u00e7\u00fclmesi ve bir b\u00fcy\u00fcme grafi\u011finin \u00e7izilmesi, \u00e7ocu\u011funuzun normal \u015fekilde b\u00fcy\u00fcy\u00fcp b\u00fcy\u00fcmedi\u011fini g\u00f6rmenin iyi bir yoludur.&nbsp;\u00c7ocuk doktorunuz bu \u00f6l\u00e7\u00fcmleri \u00e7ocu\u011funuzun geli\u015fimini de\u011ferlendirmek i\u00e7in kullanacakt\u0131r.<\/p>\n\n\n\n<h2 class=\"wp-block-heading\"><strong>\u00c7ocu\u011fum b\u00fcy\u00fcyor mu?<\/strong><\/h2>\n\n\n\n<figure class=\"wp-block-image size-large\"><img loading=\"lazy\" decoding=\"async\" width=\"732\" height=\"549\" src=\"https:\/\/annelertoplandik.com\/blog\/wp-content\/uploads\/2020\/07\/C\u0327ocug\u0306um-bu\u0308yu\u0308yor-mu1.jpg\" alt=\"\u00c7ocu\u011fum b\u00fcy\u00fcyor mu\" class=\"wp-image-2770\" srcset=\"https:\/\/annelertoplandik.com\/blog\/wp-content\/uploads\/2020\/07\/C\u0327ocug\u0306um-bu\u0308yu\u0308yor-mu1.jpg 732w, https:\/\/annelertoplandik.com\/blog\/wp-content\/uploads\/2020\/07\/C\u0327ocug\u0306um-bu\u0308yu\u0308yor-mu1-300x225.jpg 300w, https:\/\/annelertoplandik.com\/blog\/wp-content\/uploads\/2020\/07\/C\u0327ocug\u0306um-bu\u0308yu\u0308yor-mu1-696x522.jpg 696w, https:\/\/annelertoplandik.com\/blog\/wp-content\/uploads\/2020\/07\/C\u0327ocug\u0306um-bu\u0308yu\u0308yor-mu1-560x420.jpg 560w, https:\/\/annelertoplandik.com\/blog\/wp-content\/uploads\/2020\/07\/C\u0327ocug\u0306um-bu\u0308yu\u0308yor-mu1-80x60.jpg 80w, https:\/\/annelertoplandik.com\/blog\/wp-content\/uploads\/2020\/07\/C\u0327ocug\u0306um-bu\u0308yu\u0308yor-mu1-265x198.jpg 265w\" sizes=\"(max-width: 732px) 100vw, 732px\" \/><\/figure>\n\n\n\n<p>Bir\u00e7ok anne-baba, \u00e7ocuklar\u0131n\u0131n b\u00fcy\u00fcme grafiklerinde nerede oldu\u011fu konusunda endi\u015feli olabiliyor. \u00c7ocu\u011funuz b\u00fcy\u00fcme e\u011frisini takip ediyorsa, muhtemelen normal olarak b\u00fcy\u00fcyor demektir.&nbsp;Baz\u0131 \u00e7ocuklar\u0131n normalde 6-18 ayl\u0131kken b\u00fcy\u00fcme e\u011frileri \u00fczerinde yukar\u0131 veya a\u015fa\u011f\u0131 hareket edebilece\u011fini unutmay\u0131n.<\/p>\n\n\n\n<p>Asl\u0131nda kilo vermedikleri ve kal\u0131c\u0131 ishal, kusma, i\u015ftahs\u0131zl\u0131k veya s\u0131k enfeksiyon ge\u00e7irme gibi ba\u015fka semptomlar\u0131 olmad\u0131\u011f\u0131 s\u00fcrece, b\u00fcy\u00fcme y\u00fczdeliklerinizde a\u015fa\u011f\u0131 inmesi normal olabilir.&nbsp;Daha b\u00fcy\u00fck \u00e7ocuklar b\u00fcy\u00fcme e\u011frilerine olduk\u00e7a yak\u0131n olmal\u0131d\u0131r.<\/p>\n\n\n\n<p>Do\u011fumdan&nbsp;1&nbsp;ya\u015f\u0131na kadar, k\u00fc\u00e7\u00fck mele\u011finizin a\u011f\u0131rl\u0131\u011f\u0131 \u00fc\u00e7 kat\u0131na \u00e7\u0131kar ve 25 cm civar\u0131nda bir boy uzamas\u0131 g\u00f6r\u00fcl\u00fcr.&nbsp;Ortalama b\u00fcy\u00fckl\u00fckte bir bebek do\u011fumda 50 cm uzunlu\u011fundad\u0131r ve bir ya\u015f\u0131na geldi\u011finde 76 cm olur.&nbsp;Erkekler k\u0131zlardan biraz daha uzun olma e\u011filimindedir. Uzmanlara g\u00f6re emzirilen bebekler ilk alt\u0131 ayda mama beslenen bebeklerden daha h\u0131zl\u0131 ve ya\u015fam\u0131n ikinci alt\u0131 ay\u0131nda ise daha yava\u015f b\u00fcy\u00fcme e\u011filimindedir.<\/p>\n\n\n\n<h3 class=\"wp-block-heading\"><strong>1 ila 3 ya\u015f aras\u0131nda b\u00fcy\u00fcme de\u011ferleri<\/strong><\/h3>\n\n\n\n<p>Yeni y\u00fcr\u00fcmeye ba\u015flayan \u00e7ocuklarda b\u00fcy\u00fcme h\u0131z\u0131 sabit bir h\u0131zda yava\u015flar. Bebe\u011finizin olduk\u00e7a tombul kollar\u0131, bacaklar\u0131 ve karn\u0131 biraz zay\u0131flar.&nbsp;1 ila 3 ya\u015f aras\u0131nda, b\u00fcy\u00fcme tablosunun ortas\u0131na g\u00f6re erkek ve k\u0131zlar, 74 ila 94 cm aras\u0131nda b\u00fcy\u00fcyecek ve 14 kg a\u011f\u0131rl\u0131\u011f\u0131nda olacakt\u0131r.<\/p>\n\n\n\n<h3 class=\"wp-block-heading\"><strong>4 ila 9 ya\u015f aras\u0131nda b\u00fcy\u00fcme de\u011ferleri<\/strong><\/h3>\n\n\n\n<p>Boy ve kilo d\u00fczenli olarak artmaya devam eder, <a href=\"https:\/\/annelertoplandik.com\/blog\/hamilelikte-erkek-bebek-uyku-yapar-mi\/\">erkek<\/a> ve k\u0131zlar y\u0131lda yakla\u015f\u0131k 5 ila 7,5 cm uzarlar.\u00a0Bu nedenle, grafi\u011fin ortas\u0131ndaki d\u00f6rt ya\u015f\u0131ndaki bir \u00e7ocuk yakla\u015f\u0131k 132 cm uzunlu\u011funda olacakt\u0131r. Ergenli\u011fe sekiz veya dokuz ya\u015f\u0131nda\u00a0ba\u015flayan k\u0131zlar\u00a0, h\u0131zl\u0131 b\u00fcy\u00fcme hamlelerine ba\u015flayabilirler.<\/p>\n\n\n\n<p>\u00c7ocu\u011fum b\u00fcy\u00fcyor mu sorusunu daha iyi anlamak i\u00e7in d\u00fczenli olarak \u00e7ocu\u011funuzun doktoruna dan\u0131\u015fmal\u0131s\u0131n\u0131z. Sa\u011fl\u0131k problemleri s\u00f6z konusu olursa erken te\u015fhisle bu durumu d\u00fczeltebilirsiniz.<\/p>\n","protected":false},"excerpt":{"rendered":"<p>\u00c7ocu\u011fum b\u00fcy\u00fcyor mu, her ebeveynin akl\u0131na gelen sorulardan biridir. Y\u00fczlerce t\u0131bbi sorun \u00e7ocu\u011funuzun b\u00fcy\u00fcmesini etkileyebilir.\u00a0Asl\u0131nda, anormal bir b\u00fcy\u00fcme genellikle altta yatan bir t\u0131bbi durumun en erken belirtisidir.\u00a0\u00c7ocu\u011funuzun b\u00fcy\u00fcmesini y\u0131lda en az iki kez takip etmek \u00f6nemlidir. Normal bir b\u00fcy\u00fcme modelini korumak, \u00e7ocu\u011fun genel sa\u011fl\u0131\u011f\u0131n\u0131n iyi bir g\u00f6stergesidir.\u00a0B\u00fcy\u00fcme kal\u0131t\u0131m, genetik veya konjenital fakt\u00f6rler gibi bir\u00e7ok fakt\u00f6rden [&hellip;]<\/p>\n","protected":false},"author":7,"featured_media":2771,"comment_status":"open","ping_status":"open","sticky":false,"template":"","format":"standard","meta":{"tdm_status":"","tdm_grid_status":"","footnotes":""},"categories":[50],"tags":[],"yoast_head":"<!-- This site is optimized with the Yoast SEO plugin v24.5 - https:\/\/yoast.com\/wordpress\/plugins\/seo\/ -->\n<title>\u00c7ocu\u011fum Yeterince B\u00fcy\u00fcyor Mu? | Anneler Topland\u0131k<\/title>\n<meta name=\"description\" content=\"\u00c7ocu\u011fum b\u00fcy\u00fcyor mu? Her ebeveynin akl\u0131na gelen sorulardan biridir. Y\u00fczlerce t\u0131bbi sorun \u00e7ocu\u011funuzun b\u00fcy\u00fcmesini etkileyebilir.\" \/>\n<meta name=\"robots\" content=\"index, follow, max-snippet:-1, max-image-preview:large, max-video-preview:-1\" \/>\n<link rel=\"canonical\" href=\"https:\/\/annelertoplandik.com\/blog\/cocugum-yeterince-buyuyor-mu\/\" \/>\n<meta property=\"og:locale\" content=\"tr_TR\" \/>\n<meta property=\"og:type\" content=\"article\" \/>\n<meta property=\"og:title\" content=\"\u00c7ocu\u011fum Yeterince B\u00fcy\u00fcyor Mu? | Anneler Topland\u0131k\" \/>\n<meta property=\"og:description\" content=\"\u00c7ocu\u011fum b\u00fcy\u00fcyor mu? Her ebeveynin akl\u0131na gelen sorulardan biridir. Y\u00fczlerce t\u0131bbi sorun \u00e7ocu\u011funuzun b\u00fcy\u00fcmesini etkileyebilir.\" \/>\n<meta property=\"og:url\" content=\"https:\/\/annelertoplandik.com\/blog\/cocugum-yeterince-buyuyor-mu\/\" \/>\n<meta property=\"og:site_name\" content=\"Anneler Topland\u0131k\" \/>\n<meta property=\"article:published_time\" content=\"2020-07-16T16:22:00+00:00\" \/>\n<meta property=\"article:modified_time\" content=\"2020-07-16T16:22:02+00:00\" \/>\n<meta property=\"og:image\" content=\"https:\/\/annelertoplandik.com\/blog\/wp-content\/uploads\/2020\/07\/C\u0327ocug\u0306um-bu\u0308yu\u0308yor-mu.jpg\" \/>\n\t<meta property=\"og:image:width\" content=\"2000\" \/>\n\t<meta property=\"og:image:height\" content=\"1333\" \/>\n\t<meta property=\"og:image:type\" content=\"image\/jpeg\" \/>\n<meta name=\"author\" content=\"Site varsay\u0131lan\u0131\" \/>\n<meta name=\"twitter:card\" content=\"summary_large_image\" \/>\n<meta name=\"twitter:label1\" content=\"Yazan:\" \/>\n\t<meta name=\"twitter:data1\" content=\"Site varsay\u0131lan\u0131\" \/>\n\t<meta name=\"twitter:label2\" content=\"Tahmini okuma s\u00fcresi\" \/>\n\t<meta name=\"twitter:data2\" content=\"3 dakika\" \/>\n<script type=\"application\/ld+json\" class=\"yoast-schema-graph\">{\"@context\":\"https:\/\/schema.org\",\"@graph\":[{\"@type\":\"Article\",\"@id\":\"https:\/\/annelertoplandik.com\/blog\/cocugum-yeterince-buyuyor-mu\/#article\",\"isPartOf\":{\"@id\":\"https:\/\/annelertoplandik.com\/blog\/cocugum-yeterince-buyuyor-mu\/\"},\"author\":{\"name\":\"Site varsay\u0131lan\u0131\",\"@id\":\"https:\/\/annelertoplandik.com\/blog\/#\/schema\/person\/ed8c4b2b366e8fe17908065956b863be\"},\"headline\":\"\u00c7ocu\u011fum Yeterince B\u00fcy\u00fcyor Mu?\",\"datePublished\":\"2020-07-16T16:22:00+00:00\",\"dateModified\":\"2020-07-16T16:22:02+00:00\",\"mainEntityOfPage\":{\"@id\":\"https:\/\/annelertoplandik.com\/blog\/cocugum-yeterince-buyuyor-mu\/\"},\"wordCount\":567,\"commentCount\":0,\"publisher\":{\"@id\":\"https:\/\/annelertoplandik.com\/blog\/#\/schema\/person\/1fe572fbbce7ca9b1429e03f3fc0d0a8\"},\"image\":{\"@id\":\"https:\/\/annelertoplandik.com\/blog\/cocugum-yeterince-buyuyor-mu\/#primaryimage\"},\"thumbnailUrl\":\"https:\/\/annelertoplandik.com\/blog\/wp-content\/uploads\/2020\/07\/C\u0327ocug\u0306um-bu\u0308yu\u0308yor-mu.jpg\",\"articleSection\":[\"\u00c7ocuk Geli\u015fimi\"],\"inLanguage\":\"tr\",\"potentialAction\":[{\"@type\":\"CommentAction\",\"name\":\"Comment\",\"target\":[\"https:\/\/annelertoplandik.com\/blog\/cocugum-yeterince-buyuyor-mu\/#respond\"]}]},{\"@type\":\"WebPage\",\"@id\":\"https:\/\/annelertoplandik.com\/blog\/cocugum-yeterince-buyuyor-mu\/\",\"url\":\"https:\/\/annelertoplandik.com\/blog\/cocugum-yeterince-buyuyor-mu\/\",\"name\":\"\u00c7ocu\u011fum Yeterince B\u00fcy\u00fcyor Mu? | Anneler Topland\u0131k\",\"isPartOf\":{\"@id\":\"https:\/\/annelertoplandik.com\/blog\/#website\"},\"primaryImageOfPage\":{\"@id\":\"https:\/\/annelertoplandik.com\/blog\/cocugum-yeterince-buyuyor-mu\/#primaryimage\"},\"image\":{\"@id\":\"https:\/\/annelertoplandik.com\/blog\/cocugum-yeterince-buyuyor-mu\/#primaryimage\"},\"thumbnailUrl\":\"https:\/\/annelertoplandik.com\/blog\/wp-content\/uploads\/2020\/07\/C\u0327ocug\u0306um-bu\u0308yu\u0308yor-mu.jpg\",\"datePublished\":\"2020-07-16T16:22:00+00:00\",\"dateModified\":\"2020-07-16T16:22:02+00:00\",\"description\":\"\u00c7ocu\u011fum b\u00fcy\u00fcyor mu? Her ebeveynin akl\u0131na gelen sorulardan biridir. Y\u00fczlerce t\u0131bbi sorun \u00e7ocu\u011funuzun b\u00fcy\u00fcmesini etkileyebilir.\",\"breadcrumb\":{\"@id\":\"https:\/\/annelertoplandik.com\/blog\/cocugum-yeterince-buyuyor-mu\/#breadcrumb\"},\"inLanguage\":\"tr\",\"potentialAction\":[{\"@type\":\"ReadAction\",\"target\":[\"https:\/\/annelertoplandik.com\/blog\/cocugum-yeterince-buyuyor-mu\/\"]}]},{\"@type\":\"ImageObject\",\"inLanguage\":\"tr\",\"@id\":\"https:\/\/annelertoplandik.com\/blog\/cocugum-yeterince-buyuyor-mu\/#primaryimage\",\"url\":\"https:\/\/annelertoplandik.com\/blog\/wp-content\/uploads\/2020\/07\/C\u0327ocug\u0306um-bu\u0308yu\u0308yor-mu.jpg\",\"contentUrl\":\"https:\/\/annelertoplandik.com\/blog\/wp-content\/uploads\/2020\/07\/C\u0327ocug\u0306um-bu\u0308yu\u0308yor-mu.jpg\",\"width\":2000,\"height\":1333,\"caption\":\"\u00c7ocu\u011fum b\u00fcy\u00fcyor mu\"},{\"@type\":\"BreadcrumbList\",\"@id\":\"https:\/\/annelertoplandik.com\/blog\/cocugum-yeterince-buyuyor-mu\/#breadcrumb\",\"itemListElement\":[{\"@type\":\"ListItem\",\"position\":1,\"name\":\"Ana sayfa\",\"item\":\"https:\/\/annelertoplandik.com\/blog\/\"},{\"@type\":\"ListItem\",\"position\":2,\"name\":\"\u00c7ocu\u011fum Yeterince B\u00fcy\u00fcyor Mu?\"}]},{\"@type\":\"WebSite\",\"@id\":\"https:\/\/annelertoplandik.com\/blog\/#website\",\"url\":\"https:\/\/annelertoplandik.com\/blog\/\",\"name\":\"Anneler Topland\u0131k\",\"description\":\"Annelerin sanal payla\u015f\u0131m merkezi\",\"publisher\":{\"@id\":\"https:\/\/annelertoplandik.com\/blog\/#\/schema\/person\/1fe572fbbce7ca9b1429e03f3fc0d0a8\"},\"potentialAction\":[{\"@type\":\"SearchAction\",\"target\":{\"@type\":\"EntryPoint\",\"urlTemplate\":\"https:\/\/annelertoplandik.com\/blog\/?s={search_term_string}\"},\"query-input\":{\"@type\":\"PropertyValueSpecification\",\"valueRequired\":true,\"valueName\":\"search_term_string\"}}],\"inLanguage\":\"tr\"},{\"@type\":[\"Person\",\"Organization\"],\"@id\":\"https:\/\/annelertoplandik.com\/blog\/#\/schema\/person\/1fe572fbbce7ca9b1429e03f3fc0d0a8\",\"name\":\"Admin\",\"image\":{\"@type\":\"ImageObject\",\"inLanguage\":\"tr\",\"@id\":\"https:\/\/annelertoplandik.com\/blog\/#\/schema\/person\/image\/\",\"url\":\"https:\/\/annelertoplandik.com\/blog\/wp-content\/litespeed\/avatar\/b11040300c1fe933a5185741d40560b6.jpg?ver=1777637939\",\"contentUrl\":\"https:\/\/annelertoplandik.com\/blog\/wp-content\/litespeed\/avatar\/b11040300c1fe933a5185741d40560b6.jpg?ver=1777637939\",\"caption\":\"Admin\"},\"logo\":{\"@id\":\"https:\/\/annelertoplandik.com\/blog\/#\/schema\/person\/image\/\"}},{\"@type\":\"Person\",\"@id\":\"https:\/\/annelertoplandik.com\/blog\/#\/schema\/person\/ed8c4b2b366e8fe17908065956b863be\",\"name\":\"Site varsay\u0131lan\u0131\",\"image\":{\"@type\":\"ImageObject\",\"inLanguage\":\"tr\",\"@id\":\"https:\/\/annelertoplandik.com\/blog\/#\/schema\/person\/image\/\",\"url\":\"https:\/\/annelertoplandik.com\/blog\/wp-content\/litespeed\/avatar\/c00c7d963bfc23c3840923d93a738b4c.jpg?ver=1777637938\",\"contentUrl\":\"https:\/\/annelertoplandik.com\/blog\/wp-content\/litespeed\/avatar\/c00c7d963bfc23c3840923d93a738b4c.jpg?ver=1777637938\",\"caption\":\"Site varsay\u0131lan\u0131\"}}]}<\/script>\n<!-- \/ Yoast SEO plugin. -->","yoast_head_json":{"title":"\u00c7ocu\u011fum Yeterince B\u00fcy\u00fcyor Mu? | Anneler Topland\u0131k","description":"\u00c7ocu\u011fum b\u00fcy\u00fcyor mu? Her ebeveynin akl\u0131na gelen sorulardan biridir. Y\u00fczlerce t\u0131bbi sorun \u00e7ocu\u011funuzun b\u00fcy\u00fcmesini etkileyebilir.","robots":{"index":"index","follow":"follow","max-snippet":"max-snippet:-1","max-image-preview":"max-image-preview:large","max-video-preview":"max-video-preview:-1"},"canonical":"https:\/\/annelertoplandik.com\/blog\/cocugum-yeterince-buyuyor-mu\/","og_locale":"tr_TR","og_type":"article","og_title":"\u00c7ocu\u011fum Yeterince B\u00fcy\u00fcyor Mu? | Anneler Topland\u0131k","og_description":"\u00c7ocu\u011fum b\u00fcy\u00fcyor mu? Her ebeveynin akl\u0131na gelen sorulardan biridir. Y\u00fczlerce t\u0131bbi sorun \u00e7ocu\u011funuzun b\u00fcy\u00fcmesini etkileyebilir.","og_url":"https:\/\/annelertoplandik.com\/blog\/cocugum-yeterince-buyuyor-mu\/","og_site_name":"Anneler Topland\u0131k","article_published_time":"2020-07-16T16:22:00+00:00","article_modified_time":"2020-07-16T16:22:02+00:00","og_image":[{"width":2000,"height":1333,"url":"https:\/\/annelertoplandik.com\/blog\/wp-content\/uploads\/2020\/07\/C\u0327ocug\u0306um-bu\u0308yu\u0308yor-mu.jpg","type":"image\/jpeg"}],"author":"Site varsay\u0131lan\u0131","twitter_card":"summary_large_image","twitter_misc":{"Yazan:":"Site varsay\u0131lan\u0131","Tahmini okuma s\u00fcresi":"3 dakika"},"schema":{"@context":"https:\/\/schema.org","@graph":[{"@type":"Article","@id":"https:\/\/annelertoplandik.com\/blog\/cocugum-yeterince-buyuyor-mu\/#article","isPartOf":{"@id":"https:\/\/annelertoplandik.com\/blog\/cocugum-yeterince-buyuyor-mu\/"},"author":{"name":"Site varsay\u0131lan\u0131","@id":"https:\/\/annelertoplandik.com\/blog\/#\/schema\/person\/ed8c4b2b366e8fe17908065956b863be"},"headline":"\u00c7ocu\u011fum Yeterince B\u00fcy\u00fcyor Mu?","datePublished":"2020-07-16T16:22:00+00:00","dateModified":"2020-07-16T16:22:02+00:00","mainEntityOfPage":{"@id":"https:\/\/annelertoplandik.com\/blog\/cocugum-yeterince-buyuyor-mu\/"},"wordCount":567,"commentCount":0,"publisher":{"@id":"https:\/\/annelertoplandik.com\/blog\/#\/schema\/person\/1fe572fbbce7ca9b1429e03f3fc0d0a8"},"image":{"@id":"https:\/\/annelertoplandik.com\/blog\/cocugum-yeterince-buyuyor-mu\/#primaryimage"},"thumbnailUrl":"https:\/\/annelertoplandik.com\/blog\/wp-content\/uploads\/2020\/07\/C\u0327ocug\u0306um-bu\u0308yu\u0308yor-mu.jpg","articleSection":["\u00c7ocuk Geli\u015fimi"],"inLanguage":"tr","potentialAction":[{"@type":"CommentAction","name":"Comment","target":["https:\/\/annelertoplandik.com\/blog\/cocugum-yeterince-buyuyor-mu\/#respond"]}]},{"@type":"WebPage","@id":"https:\/\/annelertoplandik.com\/blog\/cocugum-yeterince-buyuyor-mu\/","url":"https:\/\/annelertoplandik.com\/blog\/cocugum-yeterince-buyuyor-mu\/","name":"\u00c7ocu\u011fum Yeterince B\u00fcy\u00fcyor Mu? | Anneler Topland\u0131k","isPartOf":{"@id":"https:\/\/annelertoplandik.com\/blog\/#website"},"primaryImageOfPage":{"@id":"https:\/\/annelertoplandik.com\/blog\/cocugum-yeterince-buyuyor-mu\/#primaryimage"},"image":{"@id":"https:\/\/annelertoplandik.com\/blog\/cocugum-yeterince-buyuyor-mu\/#primaryimage"},"thumbnailUrl":"https:\/\/annelertoplandik.com\/blog\/wp-content\/uploads\/2020\/07\/C\u0327ocug\u0306um-bu\u0308yu\u0308yor-mu.jpg","datePublished":"2020-07-16T16:22:00+00:00","dateModified":"2020-07-16T16:22:02+00:00","description":"\u00c7ocu\u011fum b\u00fcy\u00fcyor mu? Her ebeveynin akl\u0131na gelen sorulardan biridir. Y\u00fczlerce t\u0131bbi sorun \u00e7ocu\u011funuzun b\u00fcy\u00fcmesini etkileyebilir.","breadcrumb":{"@id":"https:\/\/annelertoplandik.com\/blog\/cocugum-yeterince-buyuyor-mu\/#breadcrumb"},"inLanguage":"tr","potentialAction":[{"@type":"ReadAction","target":["https:\/\/annelertoplandik.com\/blog\/cocugum-yeterince-buyuyor-mu\/"]}]},{"@type":"ImageObject","inLanguage":"tr","@id":"https:\/\/annelertoplandik.com\/blog\/cocugum-yeterince-buyuyor-mu\/#primaryimage","url":"https:\/\/annelertoplandik.com\/blog\/wp-content\/uploads\/2020\/07\/C\u0327ocug\u0306um-bu\u0308yu\u0308yor-mu.jpg","contentUrl":"https:\/\/annelertoplandik.com\/blog\/wp-content\/uploads\/2020\/07\/C\u0327ocug\u0306um-bu\u0308yu\u0308yor-mu.jpg","width":2000,"height":1333,"caption":"\u00c7ocu\u011fum b\u00fcy\u00fcyor mu"},{"@type":"BreadcrumbList","@id":"https:\/\/annelertoplandik.com\/blog\/cocugum-yeterince-buyuyor-mu\/#breadcrumb","itemListElement":[{"@type":"ListItem","position":1,"name":"Ana sayfa","item":"https:\/\/annelertoplandik.com\/blog\/"},{"@type":"ListItem","position":2,"name":"\u00c7ocu\u011fum Yeterince B\u00fcy\u00fcyor Mu?"}]},{"@type":"WebSite","@id":"https:\/\/annelertoplandik.com\/blog\/#website","url":"https:\/\/annelertoplandik.com\/blog\/","name":"Anneler Topland\u0131k","description":"Annelerin sanal payla\u015f\u0131m merkezi","publisher":{"@id":"https:\/\/annelertoplandik.com\/blog\/#\/schema\/person\/1fe572fbbce7ca9b1429e03f3fc0d0a8"},"potentialAction":[{"@type":"SearchAction","target":{"@type":"EntryPoint","urlTemplate":"https:\/\/annelertoplandik.com\/blog\/?s={search_term_string}"},"query-input":{"@type":"PropertyValueSpecification","valueRequired":true,"valueName":"search_term_string"}}],"inLanguage":"tr"},{"@type":["Person","Organization"],"@id":"https:\/\/annelertoplandik.com\/blog\/#\/schema\/person\/1fe572fbbce7ca9b1429e03f3fc0d0a8","name":"Admin","image":{"@type":"ImageObject","inLanguage":"tr","@id":"https:\/\/annelertoplandik.com\/blog\/#\/schema\/person\/image\/","url":"https:\/\/annelertoplandik.com\/blog\/wp-content\/litespeed\/avatar\/b11040300c1fe933a5185741d40560b6.jpg?ver=1777637939","contentUrl":"https:\/\/annelertoplandik.com\/blog\/wp-content\/litespeed\/avatar\/b11040300c1fe933a5185741d40560b6.jpg?ver=1777637939","caption":"Admin"},"logo":{"@id":"https:\/\/annelertoplandik.com\/blog\/#\/schema\/person\/image\/"}},{"@type":"Person","@id":"https:\/\/annelertoplandik.com\/blog\/#\/schema\/person\/ed8c4b2b366e8fe17908065956b863be","name":"Site varsay\u0131lan\u0131","image":{"@type":"ImageObject","inLanguage":"tr","@id":"https:\/\/annelertoplandik.com\/blog\/#\/schema\/person\/image\/","url":"https:\/\/annelertoplandik.com\/blog\/wp-content\/litespeed\/avatar\/c00c7d963bfc23c3840923d93a738b4c.jpg?ver=1777637938","contentUrl":"https:\/\/annelertoplandik.com\/blog\/wp-content\/litespeed\/avatar\/c00c7d963bfc23c3840923d93a738b4c.jpg?ver=1777637938","caption":"Site varsay\u0131lan\u0131"}}]}},"amp_enabled":true,"_links":{"self":[{"href":"https:\/\/annelertoplandik.com\/blog\/wp-json\/wp\/v2\/posts\/2769"}],"collection":[{"href":"https:\/\/annelertoplandik.com\/blog\/wp-json\/wp\/v2\/posts"}],"about":[{"href":"https:\/\/annelertoplandik.com\/blog\/wp-json\/wp\/v2\/types\/post"}],"author":[{"embeddable":true,"href":"https:\/\/annelertoplandik.com\/blog\/wp-json\/wp\/v2\/users\/7"}],"replies":[{"embeddable":true,"href":"https:\/\/annelertoplandik.com\/blog\/wp-json\/wp\/v2\/comments?post=2769"}],"version-history":[{"count":0,"href":"https:\/\/annelertoplandik.com\/blog\/wp-json\/wp\/v2\/posts\/2769\/revisions"}],"wp:featuredmedia":[{"embeddable":true,"href":"https:\/\/annelertoplandik.com\/blog\/wp-json\/wp\/v2\/media\/2771"}],"wp:attachment":[{"href":"https:\/\/annelertoplandik.com\/blog\/wp-json\/wp\/v2\/media?parent=2769"}],"wp:term":[{"taxonomy":"category","embeddable":true,"href":"https:\/\/annelertoplandik.com\/blog\/wp-json\/wp\/v2\/categories?post=2769"},{"taxonomy":"post_tag","embeddable":true,"href":"https:\/\/annelertoplandik.com\/blog\/wp-json\/wp\/v2\/tags?post=2769"}],"curies":[{"name":"wp","href":"https:\/\/api.w.org\/{rel}","templated":true}]}}