{"id":2909,"date":"2020-08-24T21:29:00","date_gmt":"2020-08-24T18:29:00","guid":{"rendered":"https:\/\/annelertoplandik.com\/blog\/?p=2909"},"modified":"2020-08-26T21:36:32","modified_gmt":"2020-08-26T18:36:32","slug":"cocuklarda-tuvalet-egitimi-ne-zaman-baslar","status":"publish","type":"post","link":"https:\/\/annelertoplandik.com\/blog\/cocuklarda-tuvalet-egitimi-ne-zaman-baslar\/","title":{"rendered":"\u00c7ocuklarda Tuvalet E\u011fitimi Ne Zaman Ba\u015flar?"},"content":{"rendered":"\n<p>\u00c7ocuklarda tuvalet e\u011fitimi fiziksel ve ruhsal durumuna ba\u011fl\u0131 olarak verilmelidir. Nas\u0131l ki \u00e7ocuklar emeklemeyi, y\u00fcr\u00fcmeyi, oturup kalkmay\u0131 belirli bir eri\u015fkinli\u011fe kavu\u015ftuktan sonra yapabiliyorsa tuvalet e\u011fitimini de zaman\u0131 geldi\u011finde yapacakt\u0131r. \u00c7ocuklar haz\u0131r olmadan tuvalet e\u011fitimine ba\u015flan\u0131rsa hem aile hem de \u00e7ocuklar i\u00e7in s\u0131k\u0131nt\u0131lar olu\u015fabilir. Tuvalet e\u011fitiminde ba\u015far\u0131l\u0131 olabilmek i\u00e7in fiziksel ve duygusal geli\u015fimini tamamlam\u0131\u015f olmas\u0131 \u00e7ok \u00f6nemlidir.<\/p>\n\n\n\n<p>\u00c7ocuklarda tuvalet e\u011fitimi genellikle 2 ila 3 ya\u015flar\u0131 aras\u0131nda ba\u015flar. Ancak kesin bir ya\u015f s\u0131n\u0131rlamas\u0131 yoktur. \u00c7ocu\u011funuz haz\u0131r olana ve ona g\u00f6sterene kadar beklemek en iyisidir. \u0130drar kontrol\u00fcn\u00fc sa\u011flamaya ba\u015flamas\u0131 ile birlikte tuvalet e\u011fitimi de bu ya\u015flar aras\u0131nda verilmelidir. E\u011fer \u00e7ocu\u011funuz klozet kullanmay\u0131 veya laz\u0131ml\u0131\u011fa oturmay\u0131 istemiyorsa kesinlikle \u0131srarc\u0131 olmay\u0131n. Aksi halde k\u0131sa s\u00fcrecek tuvalet e\u011fitimi aylarca devam edebilir.<\/p>\n\n\n\n<h2 class=\"wp-block-heading\"><strong>\u00c7ocuklarda tuvalet e\u011fitimi i\u00e7in en iyi zaman<\/strong><\/h2>\n\n\n\n<p>\u00c7ocu\u011funuzun ya\u015f\u0131 tek ba\u015f\u0131na tuvalet e\u011fitimine haz\u0131r olup olmad\u0131\u011f\u0131n\u0131 belirleyemez. \u00c7ocuklar\u0131n tuvalet e\u011fitimi y\u00f6ntemleri k\u00fclt\u00fcrler aras\u0131nda farkl\u0131l\u0131k g\u00f6sterebilir. Bu durum \u00e7ocu\u011funuzun haz\u0131r oldu\u011funda s\u00fcrecin do\u011fal olarak ger\u00e7ekle\u015fmesini te\u015fvik eder. Tuvalet e\u011fitimine ba\u015flamak i\u00e7in en iyi zaman \u00e7ocu\u011fun zihinsel, duygusal ve fiziksel olarak haz\u0131r oldu\u011fu zamand\u0131r.<\/p>\n\n\n\n<h2 class=\"wp-block-heading\"><strong>\u00c7ocuklarda tuvalet e\u011fitimi ne kadar s\u00fcrer?<\/strong><\/h2>\n\n\n\n<p>\u00c7ocuklar\u0131n mesanelerini ve ba\u011f\u0131rsaklar\u0131n\u0131 kontrol etmeyi \u00f6\u011frenmeleri genellikle birka\u00e7 ay s\u00fcrer. Tam olarak ne kadar s\u00fcrece\u011fi \u00e7ocu\u011funuza ba\u011fl\u0131d\u0131r. Gece kontrol edebilmesi ise \u00e7ok daha uzun s\u00fcrebilir. Bazen aylarca hatta y\u0131llarca s\u00fcrebilir.<\/p>\n\n\n\n<h2 class=\"wp-block-heading\"><strong>\u00c7ocu\u011fun tuvalet e\u011fitimine haz\u0131r oldu\u011fu nas\u0131l anla\u015f\u0131l\u0131r?<\/strong><\/h2>\n\n\n\n<figure class=\"wp-block-image size-large\"><img loading=\"lazy\" decoding=\"async\" width=\"1024\" height=\"575\" src=\"https:\/\/annelertoplandik.com\/blog\/wp-content\/uploads\/2020\/08\/c\u0327ocuklarda-tuvalet-eg\u0306itimi1-1024x575.jpg\" alt=\"\u00c7ocuklarda tuvalet e\u011fitimi\" class=\"wp-image-2911\" srcset=\"https:\/\/annelertoplandik.com\/blog\/wp-content\/uploads\/2020\/08\/c\u0327ocuklarda-tuvalet-eg\u0306itimi1-1024x575.jpg 1024w, https:\/\/annelertoplandik.com\/blog\/wp-content\/uploads\/2020\/08\/c\u0327ocuklarda-tuvalet-eg\u0306itimi1-300x168.jpg 300w, https:\/\/annelertoplandik.com\/blog\/wp-content\/uploads\/2020\/08\/c\u0327ocuklarda-tuvalet-eg\u0306itimi1-768x431.jpg 768w, https:\/\/annelertoplandik.com\/blog\/wp-content\/uploads\/2020\/08\/c\u0327ocuklarda-tuvalet-eg\u0306itimi1-696x390.jpg 696w, https:\/\/annelertoplandik.com\/blog\/wp-content\/uploads\/2020\/08\/c\u0327ocuklarda-tuvalet-eg\u0306itimi1-1068x599.jpg 1068w, https:\/\/annelertoplandik.com\/blog\/wp-content\/uploads\/2020\/08\/c\u0327ocuklarda-tuvalet-eg\u0306itimi1-749x420.jpg 749w, https:\/\/annelertoplandik.com\/blog\/wp-content\/uploads\/2020\/08\/c\u0327ocuklarda-tuvalet-eg\u0306itimi1.jpg 1155w\" sizes=\"(max-width: 1024px) 100vw, 1024px\" \/><\/figure>\n\n\n\n<p>\u00c7ocu\u011funuz a\u015fa\u011f\u0131daki durumlarda tuvalet e\u011fitimine ba\u015flamaya haz\u0131r olabilir:<\/p>\n\n\n\n<ul><li>Pantolonunu a\u015fa\u011f\u0131ya indirip yukar\u0131ya \u00e7ekebilir.<\/li><li>Laz\u0131ml\u0131k sandalyesine oturabilir.<\/li><li>Laz\u0131ml\u0131k kullanmak istediklerinde size g\u00f6sterebilir.<\/li><li>Birka\u00e7 saat alt\u0131 kuru kalabilir.<\/li><li>Laz\u0131md\u0131 ve klozeti kullanmak istedi\u011finde i\u00e7 \u00e7ama\u015f\u0131r\u0131 giymek isteyebilir.<\/li><li>Kaba motor becerilerini yapabilmeleri gerekir.<\/li><\/ul>\n\n\n\n<p>Yukar\u0131da sayd\u0131klar\u0131m\u0131z\u0131n t\u00fcm\u00fc yakla\u015f\u0131k 3 veya 4 ya\u015f\u0131na kadar \u00e7o\u011fu \u00e7ocukta olmayabilir. Bu durum <a href=\"https:\/\/annelertoplandik.com\/blog\/cocuklara-tuvalet-egitimi-nasil-verilir\/\">tuvalet<\/a> e\u011fitimine ne zaman ba\u015flad\u0131\u011f\u0131m\u0131zdan veya nas\u0131l devam etti\u011finizden ba\u011f\u0131ms\u0131zd\u0131r. Geli\u015fimin bu y\u00f6nlerinin her biri \u00e7ocuklar i\u00e7in farkl\u0131 zamanlarda ortaya \u00e7\u0131kar ve \u00e7ocu\u011funuzun e\u011fitimine ba\u015flamak i\u00e7in gerekli fiziksel, sosyal, duygusal ve bili\u015fsel becerileri yeterince edindi\u011finde tuvalet e\u011fitimine ba\u015flayabilirsiniz. \u00c7ocu\u011fun geli\u015fimindeki dalgalanmalar ve ailenin durumu farkl\u0131l\u0131k g\u00f6sterebilece\u011finden \u00e7ocu\u011fun belirli bir ya\u015fta e\u011fitime ba\u015flayaca\u011f\u0131n\u0131 varsaymak do\u011fru de\u011fildir.<\/p>\n\n\n\n<p>Genel olarak \u00e7ocuklarda tuvalet e\u011fitimi ba\u015flamadan \u00f6nce geli\u015fimsel s\u00fcre\u00e7 takip edilmeli ve yeterince haz\u0131r hale geldi\u011finde s\u00fcre\u00e7 ba\u015flamal\u0131d\u0131r.<\/p>\n","protected":false},"excerpt":{"rendered":"<p>\u00c7ocuklarda tuvalet e\u011fitimi fiziksel ve ruhsal durumuna ba\u011fl\u0131 olarak verilmelidir. Nas\u0131l ki \u00e7ocuklar emeklemeyi, y\u00fcr\u00fcmeyi, oturup kalkmay\u0131 belirli bir eri\u015fkinli\u011fe kavu\u015ftuktan sonra yapabiliyorsa tuvalet e\u011fitimini de zaman\u0131 geldi\u011finde yapacakt\u0131r. \u00c7ocuklar haz\u0131r olmadan tuvalet e\u011fitimine ba\u015flan\u0131rsa hem aile hem de \u00e7ocuklar i\u00e7in s\u0131k\u0131nt\u0131lar olu\u015fabilir. Tuvalet e\u011fitiminde ba\u015far\u0131l\u0131 olabilmek i\u00e7in fiziksel ve duygusal geli\u015fimini tamamlam\u0131\u015f olmas\u0131 \u00e7ok [&hellip;]<\/p>\n","protected":false},"author":7,"featured_media":2912,"comment_status":"open","ping_status":"open","sticky":false,"template":"","format":"standard","meta":{"tdm_status":"","tdm_grid_status":"","footnotes":""},"categories":[50,1],"tags":[],"yoast_head":"<!-- This site is optimized with the Yoast SEO plugin v24.5 - https:\/\/yoast.com\/wordpress\/plugins\/seo\/ -->\n<title>\u00c7ocuklarda Tuvalet E\u011fitimi Ne Zaman Ba\u015flar? | Anneler Topland\u0131k<\/title>\n<meta name=\"description\" content=\"\u00c7ocuklarda tuvalet e\u011fitimi fiziksel ve ruhsal durumuna ba\u011fl\u0131 olarak verilmelidir.\" \/>\n<meta name=\"robots\" content=\"index, follow, max-snippet:-1, max-image-preview:large, max-video-preview:-1\" \/>\n<link rel=\"canonical\" href=\"https:\/\/annelertoplandik.com\/blog\/cocuklarda-tuvalet-egitimi-ne-zaman-baslar\/\" \/>\n<meta property=\"og:locale\" content=\"tr_TR\" \/>\n<meta property=\"og:type\" content=\"article\" \/>\n<meta property=\"og:title\" content=\"\u00c7ocuklarda Tuvalet E\u011fitimi Ne Zaman Ba\u015flar? | Anneler Topland\u0131k\" \/>\n<meta property=\"og:description\" content=\"\u00c7ocuklarda tuvalet e\u011fitimi fiziksel ve ruhsal durumuna ba\u011fl\u0131 olarak verilmelidir.\" \/>\n<meta property=\"og:url\" content=\"https:\/\/annelertoplandik.com\/blog\/cocuklarda-tuvalet-egitimi-ne-zaman-baslar\/\" \/>\n<meta property=\"og:site_name\" content=\"Anneler Topland\u0131k\" \/>\n<meta property=\"article:published_time\" content=\"2020-08-24T18:29:00+00:00\" \/>\n<meta property=\"article:modified_time\" content=\"2020-08-26T18:36:32+00:00\" \/>\n<meta property=\"og:image\" content=\"https:\/\/annelertoplandik.com\/blog\/wp-content\/uploads\/2020\/08\/c\u0327ocuklarda-tuvalet-eg\u0306itimi.jpg\" \/>\n\t<meta property=\"og:image:width\" content=\"1200\" \/>\n\t<meta property=\"og:image:height\" content=\"628\" \/>\n\t<meta property=\"og:image:type\" content=\"image\/jpeg\" \/>\n<meta name=\"author\" content=\"Site varsay\u0131lan\u0131\" \/>\n<meta name=\"twitter:card\" content=\"summary_large_image\" \/>\n<meta name=\"twitter:label1\" content=\"Yazan:\" \/>\n\t<meta name=\"twitter:data1\" content=\"Site varsay\u0131lan\u0131\" \/>\n\t<meta name=\"twitter:label2\" content=\"Tahmini okuma s\u00fcresi\" \/>\n\t<meta name=\"twitter:data2\" content=\"3 dakika\" \/>\n<script type=\"application\/ld+json\" class=\"yoast-schema-graph\">{\"@context\":\"https:\/\/schema.org\",\"@graph\":[{\"@type\":\"Article\",\"@id\":\"https:\/\/annelertoplandik.com\/blog\/cocuklarda-tuvalet-egitimi-ne-zaman-baslar\/#article\",\"isPartOf\":{\"@id\":\"https:\/\/annelertoplandik.com\/blog\/cocuklarda-tuvalet-egitimi-ne-zaman-baslar\/\"},\"author\":{\"name\":\"Site varsay\u0131lan\u0131\",\"@id\":\"https:\/\/annelertoplandik.com\/blog\/#\/schema\/person\/ed8c4b2b366e8fe17908065956b863be\"},\"headline\":\"\u00c7ocuklarda Tuvalet E\u011fitimi Ne Zaman Ba\u015flar?\",\"datePublished\":\"2020-08-24T18:29:00+00:00\",\"dateModified\":\"2020-08-26T18:36:32+00:00\",\"mainEntityOfPage\":{\"@id\":\"https:\/\/annelertoplandik.com\/blog\/cocuklarda-tuvalet-egitimi-ne-zaman-baslar\/\"},\"wordCount\":512,\"commentCount\":0,\"publisher\":{\"@id\":\"https:\/\/annelertoplandik.com\/blog\/#\/schema\/person\/1fe572fbbce7ca9b1429e03f3fc0d0a8\"},\"image\":{\"@id\":\"https:\/\/annelertoplandik.com\/blog\/cocuklarda-tuvalet-egitimi-ne-zaman-baslar\/#primaryimage\"},\"thumbnailUrl\":\"https:\/\/annelertoplandik.com\/blog\/wp-content\/uploads\/2020\/08\/c\u0327ocuklarda-tuvalet-eg\u0306itimi.jpg\",\"articleSection\":[\"\u00c7ocuk Geli\u015fimi\"],\"inLanguage\":\"tr\",\"potentialAction\":[{\"@type\":\"CommentAction\",\"name\":\"Comment\",\"target\":[\"https:\/\/annelertoplandik.com\/blog\/cocuklarda-tuvalet-egitimi-ne-zaman-baslar\/#respond\"]}]},{\"@type\":\"WebPage\",\"@id\":\"https:\/\/annelertoplandik.com\/blog\/cocuklarda-tuvalet-egitimi-ne-zaman-baslar\/\",\"url\":\"https:\/\/annelertoplandik.com\/blog\/cocuklarda-tuvalet-egitimi-ne-zaman-baslar\/\",\"name\":\"\u00c7ocuklarda Tuvalet E\u011fitimi Ne Zaman Ba\u015flar? | Anneler Topland\u0131k\",\"isPartOf\":{\"@id\":\"https:\/\/annelertoplandik.com\/blog\/#website\"},\"primaryImageOfPage\":{\"@id\":\"https:\/\/annelertoplandik.com\/blog\/cocuklarda-tuvalet-egitimi-ne-zaman-baslar\/#primaryimage\"},\"image\":{\"@id\":\"https:\/\/annelertoplandik.com\/blog\/cocuklarda-tuvalet-egitimi-ne-zaman-baslar\/#primaryimage\"},\"thumbnailUrl\":\"https:\/\/annelertoplandik.com\/blog\/wp-content\/uploads\/2020\/08\/c\u0327ocuklarda-tuvalet-eg\u0306itimi.jpg\",\"datePublished\":\"2020-08-24T18:29:00+00:00\",\"dateModified\":\"2020-08-26T18:36:32+00:00\",\"description\":\"\u00c7ocuklarda tuvalet e\u011fitimi fiziksel ve ruhsal durumuna ba\u011fl\u0131 olarak verilmelidir.\",\"breadcrumb\":{\"@id\":\"https:\/\/annelertoplandik.com\/blog\/cocuklarda-tuvalet-egitimi-ne-zaman-baslar\/#breadcrumb\"},\"inLanguage\":\"tr\",\"potentialAction\":[{\"@type\":\"ReadAction\",\"target\":[\"https:\/\/annelertoplandik.com\/blog\/cocuklarda-tuvalet-egitimi-ne-zaman-baslar\/\"]}]},{\"@type\":\"ImageObject\",\"inLanguage\":\"tr\",\"@id\":\"https:\/\/annelertoplandik.com\/blog\/cocuklarda-tuvalet-egitimi-ne-zaman-baslar\/#primaryimage\",\"url\":\"https:\/\/annelertoplandik.com\/blog\/wp-content\/uploads\/2020\/08\/c\u0327ocuklarda-tuvalet-eg\u0306itimi.jpg\",\"contentUrl\":\"https:\/\/annelertoplandik.com\/blog\/wp-content\/uploads\/2020\/08\/c\u0327ocuklarda-tuvalet-eg\u0306itimi.jpg\",\"width\":1200,\"height\":628,\"caption\":\"\u00c7ocuklarda tuvalet e\u011fitimi\"},{\"@type\":\"BreadcrumbList\",\"@id\":\"https:\/\/annelertoplandik.com\/blog\/cocuklarda-tuvalet-egitimi-ne-zaman-baslar\/#breadcrumb\",\"itemListElement\":[{\"@type\":\"ListItem\",\"position\":1,\"name\":\"Ana sayfa\",\"item\":\"https:\/\/annelertoplandik.com\/blog\/\"},{\"@type\":\"ListItem\",\"position\":2,\"name\":\"\u00c7ocuklarda Tuvalet E\u011fitimi Ne Zaman Ba\u015flar?\"}]},{\"@type\":\"WebSite\",\"@id\":\"https:\/\/annelertoplandik.com\/blog\/#website\",\"url\":\"https:\/\/annelertoplandik.com\/blog\/\",\"name\":\"Anneler Topland\u0131k\",\"description\":\"Annelerin sanal payla\u015f\u0131m merkezi\",\"publisher\":{\"@id\":\"https:\/\/annelertoplandik.com\/blog\/#\/schema\/person\/1fe572fbbce7ca9b1429e03f3fc0d0a8\"},\"potentialAction\":[{\"@type\":\"SearchAction\",\"target\":{\"@type\":\"EntryPoint\",\"urlTemplate\":\"https:\/\/annelertoplandik.com\/blog\/?s={search_term_string}\"},\"query-input\":{\"@type\":\"PropertyValueSpecification\",\"valueRequired\":true,\"valueName\":\"search_term_string\"}}],\"inLanguage\":\"tr\"},{\"@type\":[\"Person\",\"Organization\"],\"@id\":\"https:\/\/annelertoplandik.com\/blog\/#\/schema\/person\/1fe572fbbce7ca9b1429e03f3fc0d0a8\",\"name\":\"Admin\",\"image\":{\"@type\":\"ImageObject\",\"inLanguage\":\"tr\",\"@id\":\"https:\/\/annelertoplandik.com\/blog\/#\/schema\/person\/image\/\",\"url\":\"https:\/\/annelertoplandik.com\/blog\/wp-content\/litespeed\/avatar\/b11040300c1fe933a5185741d40560b6.jpg?ver=1777032257\",\"contentUrl\":\"https:\/\/annelertoplandik.com\/blog\/wp-content\/litespeed\/avatar\/b11040300c1fe933a5185741d40560b6.jpg?ver=1777032257\",\"caption\":\"Admin\"},\"logo\":{\"@id\":\"https:\/\/annelertoplandik.com\/blog\/#\/schema\/person\/image\/\"}},{\"@type\":\"Person\",\"@id\":\"https:\/\/annelertoplandik.com\/blog\/#\/schema\/person\/ed8c4b2b366e8fe17908065956b863be\",\"name\":\"Site varsay\u0131lan\u0131\",\"image\":{\"@type\":\"ImageObject\",\"inLanguage\":\"tr\",\"@id\":\"https:\/\/annelertoplandik.com\/blog\/#\/schema\/person\/image\/\",\"url\":\"https:\/\/annelertoplandik.com\/blog\/wp-content\/litespeed\/avatar\/c00c7d963bfc23c3840923d93a738b4c.jpg?ver=1777033036\",\"contentUrl\":\"https:\/\/annelertoplandik.com\/blog\/wp-content\/litespeed\/avatar\/c00c7d963bfc23c3840923d93a738b4c.jpg?ver=1777033036\",\"caption\":\"Site varsay\u0131lan\u0131\"}}]}<\/script>\n<!-- \/ Yoast SEO plugin. -->","yoast_head_json":{"title":"\u00c7ocuklarda Tuvalet E\u011fitimi Ne Zaman Ba\u015flar? | Anneler Topland\u0131k","description":"\u00c7ocuklarda tuvalet e\u011fitimi fiziksel ve ruhsal durumuna ba\u011fl\u0131 olarak verilmelidir.","robots":{"index":"index","follow":"follow","max-snippet":"max-snippet:-1","max-image-preview":"max-image-preview:large","max-video-preview":"max-video-preview:-1"},"canonical":"https:\/\/annelertoplandik.com\/blog\/cocuklarda-tuvalet-egitimi-ne-zaman-baslar\/","og_locale":"tr_TR","og_type":"article","og_title":"\u00c7ocuklarda Tuvalet E\u011fitimi Ne Zaman Ba\u015flar? | Anneler Topland\u0131k","og_description":"\u00c7ocuklarda tuvalet e\u011fitimi fiziksel ve ruhsal durumuna ba\u011fl\u0131 olarak verilmelidir.","og_url":"https:\/\/annelertoplandik.com\/blog\/cocuklarda-tuvalet-egitimi-ne-zaman-baslar\/","og_site_name":"Anneler Topland\u0131k","article_published_time":"2020-08-24T18:29:00+00:00","article_modified_time":"2020-08-26T18:36:32+00:00","og_image":[{"width":1200,"height":628,"url":"https:\/\/annelertoplandik.com\/blog\/wp-content\/uploads\/2020\/08\/c\u0327ocuklarda-tuvalet-eg\u0306itimi.jpg","type":"image\/jpeg"}],"author":"Site varsay\u0131lan\u0131","twitter_card":"summary_large_image","twitter_misc":{"Yazan:":"Site varsay\u0131lan\u0131","Tahmini okuma s\u00fcresi":"3 dakika"},"schema":{"@context":"https:\/\/schema.org","@graph":[{"@type":"Article","@id":"https:\/\/annelertoplandik.com\/blog\/cocuklarda-tuvalet-egitimi-ne-zaman-baslar\/#article","isPartOf":{"@id":"https:\/\/annelertoplandik.com\/blog\/cocuklarda-tuvalet-egitimi-ne-zaman-baslar\/"},"author":{"name":"Site varsay\u0131lan\u0131","@id":"https:\/\/annelertoplandik.com\/blog\/#\/schema\/person\/ed8c4b2b366e8fe17908065956b863be"},"headline":"\u00c7ocuklarda Tuvalet E\u011fitimi Ne Zaman Ba\u015flar?","datePublished":"2020-08-24T18:29:00+00:00","dateModified":"2020-08-26T18:36:32+00:00","mainEntityOfPage":{"@id":"https:\/\/annelertoplandik.com\/blog\/cocuklarda-tuvalet-egitimi-ne-zaman-baslar\/"},"wordCount":512,"commentCount":0,"publisher":{"@id":"https:\/\/annelertoplandik.com\/blog\/#\/schema\/person\/1fe572fbbce7ca9b1429e03f3fc0d0a8"},"image":{"@id":"https:\/\/annelertoplandik.com\/blog\/cocuklarda-tuvalet-egitimi-ne-zaman-baslar\/#primaryimage"},"thumbnailUrl":"https:\/\/annelertoplandik.com\/blog\/wp-content\/uploads\/2020\/08\/c\u0327ocuklarda-tuvalet-eg\u0306itimi.jpg","articleSection":["\u00c7ocuk Geli\u015fimi"],"inLanguage":"tr","potentialAction":[{"@type":"CommentAction","name":"Comment","target":["https:\/\/annelertoplandik.com\/blog\/cocuklarda-tuvalet-egitimi-ne-zaman-baslar\/#respond"]}]},{"@type":"WebPage","@id":"https:\/\/annelertoplandik.com\/blog\/cocuklarda-tuvalet-egitimi-ne-zaman-baslar\/","url":"https:\/\/annelertoplandik.com\/blog\/cocuklarda-tuvalet-egitimi-ne-zaman-baslar\/","name":"\u00c7ocuklarda Tuvalet E\u011fitimi Ne Zaman Ba\u015flar? | Anneler Topland\u0131k","isPartOf":{"@id":"https:\/\/annelertoplandik.com\/blog\/#website"},"primaryImageOfPage":{"@id":"https:\/\/annelertoplandik.com\/blog\/cocuklarda-tuvalet-egitimi-ne-zaman-baslar\/#primaryimage"},"image":{"@id":"https:\/\/annelertoplandik.com\/blog\/cocuklarda-tuvalet-egitimi-ne-zaman-baslar\/#primaryimage"},"thumbnailUrl":"https:\/\/annelertoplandik.com\/blog\/wp-content\/uploads\/2020\/08\/c\u0327ocuklarda-tuvalet-eg\u0306itimi.jpg","datePublished":"2020-08-24T18:29:00+00:00","dateModified":"2020-08-26T18:36:32+00:00","description":"\u00c7ocuklarda tuvalet e\u011fitimi fiziksel ve ruhsal durumuna ba\u011fl\u0131 olarak verilmelidir.","breadcrumb":{"@id":"https:\/\/annelertoplandik.com\/blog\/cocuklarda-tuvalet-egitimi-ne-zaman-baslar\/#breadcrumb"},"inLanguage":"tr","potentialAction":[{"@type":"ReadAction","target":["https:\/\/annelertoplandik.com\/blog\/cocuklarda-tuvalet-egitimi-ne-zaman-baslar\/"]}]},{"@type":"ImageObject","inLanguage":"tr","@id":"https:\/\/annelertoplandik.com\/blog\/cocuklarda-tuvalet-egitimi-ne-zaman-baslar\/#primaryimage","url":"https:\/\/annelertoplandik.com\/blog\/wp-content\/uploads\/2020\/08\/c\u0327ocuklarda-tuvalet-eg\u0306itimi.jpg","contentUrl":"https:\/\/annelertoplandik.com\/blog\/wp-content\/uploads\/2020\/08\/c\u0327ocuklarda-tuvalet-eg\u0306itimi.jpg","width":1200,"height":628,"caption":"\u00c7ocuklarda tuvalet e\u011fitimi"},{"@type":"BreadcrumbList","@id":"https:\/\/annelertoplandik.com\/blog\/cocuklarda-tuvalet-egitimi-ne-zaman-baslar\/#breadcrumb","itemListElement":[{"@type":"ListItem","position":1,"name":"Ana sayfa","item":"https:\/\/annelertoplandik.com\/blog\/"},{"@type":"ListItem","position":2,"name":"\u00c7ocuklarda Tuvalet E\u011fitimi Ne Zaman Ba\u015flar?"}]},{"@type":"WebSite","@id":"https:\/\/annelertoplandik.com\/blog\/#website","url":"https:\/\/annelertoplandik.com\/blog\/","name":"Anneler Topland\u0131k","description":"Annelerin sanal payla\u015f\u0131m merkezi","publisher":{"@id":"https:\/\/annelertoplandik.com\/blog\/#\/schema\/person\/1fe572fbbce7ca9b1429e03f3fc0d0a8"},"potentialAction":[{"@type":"SearchAction","target":{"@type":"EntryPoint","urlTemplate":"https:\/\/annelertoplandik.com\/blog\/?s={search_term_string}"},"query-input":{"@type":"PropertyValueSpecification","valueRequired":true,"valueName":"search_term_string"}}],"inLanguage":"tr"},{"@type":["Person","Organization"],"@id":"https:\/\/annelertoplandik.com\/blog\/#\/schema\/person\/1fe572fbbce7ca9b1429e03f3fc0d0a8","name":"Admin","image":{"@type":"ImageObject","inLanguage":"tr","@id":"https:\/\/annelertoplandik.com\/blog\/#\/schema\/person\/image\/","url":"https:\/\/annelertoplandik.com\/blog\/wp-content\/litespeed\/avatar\/b11040300c1fe933a5185741d40560b6.jpg?ver=1777032257","contentUrl":"https:\/\/annelertoplandik.com\/blog\/wp-content\/litespeed\/avatar\/b11040300c1fe933a5185741d40560b6.jpg?ver=1777032257","caption":"Admin"},"logo":{"@id":"https:\/\/annelertoplandik.com\/blog\/#\/schema\/person\/image\/"}},{"@type":"Person","@id":"https:\/\/annelertoplandik.com\/blog\/#\/schema\/person\/ed8c4b2b366e8fe17908065956b863be","name":"Site varsay\u0131lan\u0131","image":{"@type":"ImageObject","inLanguage":"tr","@id":"https:\/\/annelertoplandik.com\/blog\/#\/schema\/person\/image\/","url":"https:\/\/annelertoplandik.com\/blog\/wp-content\/litespeed\/avatar\/c00c7d963bfc23c3840923d93a738b4c.jpg?ver=1777033036","contentUrl":"https:\/\/annelertoplandik.com\/blog\/wp-content\/litespeed\/avatar\/c00c7d963bfc23c3840923d93a738b4c.jpg?ver=1777033036","caption":"Site varsay\u0131lan\u0131"}}]}},"amp_enabled":true,"_links":{"self":[{"href":"https:\/\/annelertoplandik.com\/blog\/wp-json\/wp\/v2\/posts\/2909"}],"collection":[{"href":"https:\/\/annelertoplandik.com\/blog\/wp-json\/wp\/v2\/posts"}],"about":[{"href":"https:\/\/annelertoplandik.com\/blog\/wp-json\/wp\/v2\/types\/post"}],"author":[{"embeddable":true,"href":"https:\/\/annelertoplandik.com\/blog\/wp-json\/wp\/v2\/users\/7"}],"replies":[{"embeddable":true,"href":"https:\/\/annelertoplandik.com\/blog\/wp-json\/wp\/v2\/comments?post=2909"}],"version-history":[{"count":0,"href":"https:\/\/annelertoplandik.com\/blog\/wp-json\/wp\/v2\/posts\/2909\/revisions"}],"wp:featuredmedia":[{"embeddable":true,"href":"https:\/\/annelertoplandik.com\/blog\/wp-json\/wp\/v2\/media\/2912"}],"wp:attachment":[{"href":"https:\/\/annelertoplandik.com\/blog\/wp-json\/wp\/v2\/media?parent=2909"}],"wp:term":[{"taxonomy":"category","embeddable":true,"href":"https:\/\/annelertoplandik.com\/blog\/wp-json\/wp\/v2\/categories?post=2909"},{"taxonomy":"post_tag","embeddable":true,"href":"https:\/\/annelertoplandik.com\/blog\/wp-json\/wp\/v2\/tags?post=2909"}],"curies":[{"name":"wp","href":"https:\/\/api.w.org\/{rel}","templated":true}]}}