{"id":2933,"date":"2020-08-29T20:01:00","date_gmt":"2020-08-29T17:01:00","guid":{"rendered":"https:\/\/annelertoplandik.com\/blog\/?p=2933"},"modified":"2020-08-30T20:07:49","modified_gmt":"2020-08-30T17:07:49","slug":"cocuklarda-gece-teroru-nedir","status":"publish","type":"post","link":"https:\/\/annelertoplandik.com\/blog\/cocuklarda-gece-teroru-nedir\/","title":{"rendered":"\u00c7ocuklarda Gece Ter\u00f6r\u00fc Nedir?"},"content":{"rendered":"\n<p>Gece ter\u00f6r\u00fc bir t\u00fcr uyku bozuklu\u011fudur.&nbsp;\u00c7ocuklarda gece ter\u00f6r\u00fc \u00e7ocu\u011funuz derin bir uykudan uyand\u0131\u011f\u0131nda ortaya \u00e7\u0131kan korku, \u00e7\u0131\u011fl\u0131k ve d\u00fczensiz davran\u0131\u015flard\u0131r.&nbsp;Gece ter\u00f6rlerine genellikle uyurgezerlik e\u015flik eder.&nbsp;\u00c7ocu\u011funuz anlams\u0131z konu\u015fabilir.&nbsp;Genellikle \u00e7ocu\u011funuz tam olarak bilin\u00e7li de\u011fildir.&nbsp;Gece ter\u00f6rleri, alt\u0131 ya\u015f\u0131ndan k\u00fc\u00e7\u00fck \u00e7ocuklarda yayg\u0131nd\u0131r.<\/p>\n\n\n\n<p>Kabuslardan farkl\u0131 olarak, gece ter\u00f6r\u00fc olan \u00e7ocuklar uyku s\u0131ras\u0131nda nadiren uyan\u0131rlar.&nbsp;Genellikle gece ter\u00f6r\u00fc ile ilgili hi\u00e7bir \u015fey hat\u0131rlamazlar.&nbsp;Ancak uyku s\u0131ras\u0131nda \u00e7ocuklar korku, endi\u015fe ve genel rahats\u0131zl\u0131k belirtileri g\u00f6sterecektir.&nbsp;Bir ebeveynin, \u00e7ocuklar\u0131n\u0131n gece ter\u00f6r\u00fcne tan\u0131k olurken endi\u015felenmesi yayg\u0131nd\u0131r.&nbsp;\u00c7ocuklarda gece ter\u00f6r\u00fc olay\u0131 genellikle birka\u00e7 dakika s\u00fcrer.<\/p>\n\n\n\n<p>Korkun\u00e7 g\u00f6r\u00fcnseler de, gece ter\u00f6rleri \u00e7ocuklarda nadiren uzun s\u00fcreli sa\u011fl\u0131k sonu\u00e7lar\u0131na neden olur.&nbsp;Seyrek g\u00f6r\u00fclen gece ter\u00f6rleri genellikle t\u0131bbi yard\u0131m gerektirmez.&nbsp;\u00c7ocuklar genellikle gen\u00e7lik y\u0131llar\u0131na g\u00f6re gece ter\u00f6r\u00fcnden kurtulurlar.<\/p>\n\n\n\n<h2 class=\"wp-block-heading\"><strong>\u00c7ocuklarda gece ter\u00f6r\u00fc belirtileri<\/strong><\/h2>\n\n\n\n<p>Genellikle uykunun ilk veya ikinci saatinden sonra ortaya \u00e7\u0131kar.&nbsp;Bir gece ter\u00f6r\u00fc s\u0131ras\u0131nda \u00e7ocu\u011funuz solgun, a\u011f\u0131rla\u015fm\u0131\u015f ve terli gibi g\u00f6r\u00fcnebilir.&nbsp;Yataklar\u0131nda oturabilir, ba\u011f\u0131rabilir veya a\u011flayabilirler.&nbsp;\u00c7ocu\u011funuzun g\u00f6zleri a\u00e7\u0131k olabilir ancak tepkisizdir.&nbsp;\u00c7ocuk odas\u0131nda dola\u015f\u0131yor olabilir.&nbsp;Kolayca uyanmazlar.<\/p>\n\n\n\n<p>Gece ter\u00f6r\u00fc s\u0131ras\u0131ndaki di\u011fer belirti veya semptomlar:<\/p>\n\n\n\n<ul><li>Tekme atmak<\/li><li>A\u011f\u0131r nefes almak<\/li><li>H\u0131zl\u0131 nab\u0131z<\/li><li>G\u00f6zleri fal ta\u015f\u0131 gibi a\u00e7\u0131lm\u0131\u015f olmas\u0131<\/li><\/ul>\n\n\n\n<p>Gece ter\u00f6r\u00fc 20 ila 30 dakika kadar s\u00fcrebilir.&nbsp;\u00c7ocuklar genellikle h\u0131zla uykuya dalar.<\/p>\n\n\n\n<h2 class=\"wp-block-heading\"><strong>Gece ter\u00f6r\u00fcne ne sebep olur?<\/strong><\/h2>\n\n\n\n<p>Bir bebe\u011fin g\u00fcnl\u00fck hayat\u0131 uyar\u0131c\u0131larla doludur.&nbsp;Bize normal gelen \u015feyler, bebe\u011finiz i\u00e7in yeni ve heyecan vericidir.&nbsp;Ve bebe\u011finizin merkezi sinir sistemi hala geli\u015fmekte oldu\u011fundan, t\u00fcm bu uyar\u0131lar sinir sisteminin fazla uyar\u0131lmas\u0131na neden olabilir.&nbsp;Bu a\u015f\u0131r\u0131 uyar\u0131lma, gece ter\u00f6r\u00fcne katk\u0131da bulunabilir.<\/p>\n\n\n\n<p>Ailenizde gece ter\u00f6rleri ortaya \u00e7\u0131karsa, bebe\u011finiz gece deh\u015fetine kar\u015f\u0131 daha duyarl\u0131 olabilir.&nbsp;Ailede uyurgezerlik varsa gece ter\u00f6r\u00fc riskini de art\u0131rabilir.<\/p>\n\n\n\n<figure class=\"wp-block-image size-large\"><img loading=\"lazy\" decoding=\"async\" width=\"1024\" height=\"640\" src=\"https:\/\/annelertoplandik.com\/blog\/wp-content\/uploads\/2020\/08\/C\u0327ocuklarda-gece-tero\u0308ru\u0308-1024x640.jpg\" alt=\"\u00c7ocuklarda gece ter\u00f6r\u00fc\" class=\"wp-image-2935\" srcset=\"https:\/\/annelertoplandik.com\/blog\/wp-content\/uploads\/2020\/08\/C\u0327ocuklarda-gece-tero\u0308ru\u0308-1024x640.jpg 1024w, https:\/\/annelertoplandik.com\/blog\/wp-content\/uploads\/2020\/08\/C\u0327ocuklarda-gece-tero\u0308ru\u0308-300x188.jpg 300w, https:\/\/annelertoplandik.com\/blog\/wp-content\/uploads\/2020\/08\/C\u0327ocuklarda-gece-tero\u0308ru\u0308-768x480.jpg 768w, https:\/\/annelertoplandik.com\/blog\/wp-content\/uploads\/2020\/08\/C\u0327ocuklarda-gece-tero\u0308ru\u0308-696x435.jpg 696w, https:\/\/annelertoplandik.com\/blog\/wp-content\/uploads\/2020\/08\/C\u0327ocuklarda-gece-tero\u0308ru\u0308-1068x668.jpg 1068w, https:\/\/annelertoplandik.com\/blog\/wp-content\/uploads\/2020\/08\/C\u0327ocuklarda-gece-tero\u0308ru\u0308-672x420.jpg 672w, https:\/\/annelertoplandik.com\/blog\/wp-content\/uploads\/2020\/08\/C\u0327ocuklarda-gece-tero\u0308ru\u0308.jpg 1280w\" sizes=\"(max-width: 1024px) 100vw, 1024px\" \/><\/figure>\n\n\n\n<p>Bebe\u011finizin gece ter\u00f6r\u00fc ge\u00e7irme riskini art\u0131rabilecek di\u011fer \u015feyler \u015funlard\u0131r:<\/p>\n\n\n\n<ul><li>hastal\u0131k<\/li><li>baz\u0131 ila\u00e7lar\u0131 almak<\/li><li>a\u015f\u0131r\u0131 yorgun olmak<\/li><li>stres<\/li><li>yeni uyku ortam\u0131<\/li><li>uyku kalitesi zay\u0131fl\u0131\u011f\u0131<\/li><\/ul>\n\n\n\n<h2 class=\"wp-block-heading\"><strong>\u00c7ocuklarda gece ter\u00f6r\u00fc tedavisi<\/strong><\/h2>\n\n\n\n<p>Seyrek uyku ter\u00f6r\u00fc tedavisi genellikle gerekli de\u011fildir. Uyku ter\u00f6r\u00fc, yaralanma potansiyeline yol a\u00e7\u0131yorsa, aile \u00fcyelerini rahats\u0131z ediyorsa veya uyku ter\u00f6r\u00fc olan \u00e7ocuk i\u00e7in utan\u00e7 veya uyku bozuklu\u011fu ile sonu\u00e7lan\u0131yorsa, tedavi gerekebilir.&nbsp;Tedavi genellikle g\u00fcvenli\u011fi te\u015fvik etmeye ve nedenleri, tetikleyicileri ortadan kald\u0131rmaya odaklan\u0131r.<\/p>\n\n\n\n<p>Tedavi se\u00e7enekleri \u015funlard\u0131r:<\/p>\n\n\n\n<ul><li><strong>Altta yatan herhangi bir durumu tedavi etmek.&nbsp;<\/strong>Uyku ter\u00f6r\u00fc, altta yatan bir t\u0131bbi veya zihinsel sa\u011fl\u0131k durumu ya da obstr\u00fcktif uyku apnesi gibi ba\u015fka bir uyku bozuklu\u011fuyla ili\u015fkiliyse, tedavi altta yatan soruna y\u00f6neliktir.<\/li><li><strong>Stresi ele almak.&nbsp;<\/strong>Stres veya anksiyete uyku ter\u00f6r\u00fc gibi g\u00f6r\u00fcn\u00fcyorsa, doktorunuz bir terapist veya dan\u0131\u015fmanla g\u00f6r\u00fc\u015fmeyi \u00f6nerebilir.&nbsp;Bili\u015fsel davran\u0131\u015f\u00e7\u0131 terapi, hipnoz, biofeedback veya gev\u015feme terapisi yard\u0131mc\u0131 olabilir.<\/li><li><strong>Beklenti uyan\u0131\u015f\u0131.&nbsp;<\/strong>Bu tedavide uyku ter\u00f6r\u00fc olan ki\u015fiyi genellikle olay\u0131 ya\u015famadan yakla\u015f\u0131k 15 dakika \u00f6nce uyand\u0131rmay\u0131 i\u00e7erir.&nbsp;Ard\u0131ndan ki\u015fi tekrar uykuya dalmadan \u00f6nce birka\u00e7 dakika uyan\u0131k kal\u0131r.<\/li><li><strong>\u0130la\u00e7 tedavisi.&nbsp;<\/strong>\u0130la\u00e7lar, \u00f6zellikle \u00e7ocuklarda tedavi etmek i\u00e7in nadiren kullan\u0131l\u0131r.&nbsp;Ancak gerekirse benzodiazepinlerin veya belirli antidepresanlar\u0131n kullan\u0131lmas\u0131 etkili olabilir.<\/li><\/ul>\n\n\n\n<p><a href=\"https:\/\/annelertoplandik.com\/blog\/cocuklarda-uyurgezerlik\/\">\u00c7ocuklarda<\/a> gece ter\u00f6r\u00fc a\u011f\u0131r bir vaka olarak g\u00f6r\u00fcl\u00fcrse, bir gece uyku laboratuvar\u0131na kat\u0131lmas\u0131 istenebilir.<\/p>\n","protected":false},"excerpt":{"rendered":"<p>Gece ter\u00f6r\u00fc bir t\u00fcr uyku bozuklu\u011fudur.&nbsp;\u00c7ocuklarda gece ter\u00f6r\u00fc \u00e7ocu\u011funuz derin bir uykudan uyand\u0131\u011f\u0131nda ortaya \u00e7\u0131kan korku, \u00e7\u0131\u011fl\u0131k ve d\u00fczensiz davran\u0131\u015flard\u0131r.&nbsp;Gece ter\u00f6rlerine genellikle uyurgezerlik e\u015flik eder.&nbsp;\u00c7ocu\u011funuz anlams\u0131z konu\u015fabilir.&nbsp;Genellikle \u00e7ocu\u011funuz tam olarak bilin\u00e7li de\u011fildir.&nbsp;Gece ter\u00f6rleri, alt\u0131 ya\u015f\u0131ndan k\u00fc\u00e7\u00fck \u00e7ocuklarda yayg\u0131nd\u0131r. Kabuslardan farkl\u0131 olarak, gece ter\u00f6r\u00fc olan \u00e7ocuklar uyku s\u0131ras\u0131nda nadiren uyan\u0131rlar.&nbsp;Genellikle gece ter\u00f6r\u00fc ile ilgili hi\u00e7bir \u015fey [&hellip;]<\/p>\n","protected":false},"author":7,"featured_media":2934,"comment_status":"open","ping_status":"open","sticky":false,"template":"","format":"standard","meta":{"tdm_status":"","tdm_grid_status":"","footnotes":""},"categories":[47],"tags":[],"yoast_head":"<!-- This site is optimized with the Yoast SEO plugin v24.5 - https:\/\/yoast.com\/wordpress\/plugins\/seo\/ -->\n<title>\u00c7ocuklarda Gece Ter\u00f6r\u00fc Nedir? | Anneler Topland\u0131k<\/title>\n<meta name=\"description\" content=\"\u00c7ocuklarda gece ter\u00f6r\u00fc \u00e7ocu\u011funuz derin bir uykudan uyand\u0131\u011f\u0131nda ortaya \u00e7\u0131kan korku, \u00e7\u0131\u011fl\u0131k ve d\u00fczensiz davran\u0131\u015flard\u0131r.\" \/>\n<meta name=\"robots\" content=\"index, follow, max-snippet:-1, max-image-preview:large, max-video-preview:-1\" \/>\n<link rel=\"canonical\" href=\"https:\/\/annelertoplandik.com\/blog\/cocuklarda-gece-teroru-nedir\/\" \/>\n<meta property=\"og:locale\" content=\"tr_TR\" \/>\n<meta property=\"og:type\" content=\"article\" \/>\n<meta property=\"og:title\" content=\"\u00c7ocuklarda Gece Ter\u00f6r\u00fc Nedir? | Anneler Topland\u0131k\" \/>\n<meta property=\"og:description\" content=\"\u00c7ocuklarda gece ter\u00f6r\u00fc \u00e7ocu\u011funuz derin bir uykudan uyand\u0131\u011f\u0131nda ortaya \u00e7\u0131kan korku, \u00e7\u0131\u011fl\u0131k ve d\u00fczensiz davran\u0131\u015flard\u0131r.\" \/>\n<meta property=\"og:url\" content=\"https:\/\/annelertoplandik.com\/blog\/cocuklarda-gece-teroru-nedir\/\" \/>\n<meta property=\"og:site_name\" content=\"Anneler Topland\u0131k\" \/>\n<meta property=\"article:published_time\" content=\"2020-08-29T17:01:00+00:00\" \/>\n<meta property=\"article:modified_time\" content=\"2020-08-30T17:07:49+00:00\" \/>\n<meta property=\"og:image\" content=\"https:\/\/annelertoplandik.com\/blog\/wp-content\/uploads\/2020\/08\/C\u0327ocuklarda-gece-tero\u0308ru\u03081.jpg\" \/>\n\t<meta property=\"og:image:width\" content=\"1000\" \/>\n\t<meta property=\"og:image:height\" content=\"600\" \/>\n\t<meta property=\"og:image:type\" content=\"image\/jpeg\" \/>\n<meta name=\"author\" content=\"Site varsay\u0131lan\u0131\" \/>\n<meta name=\"twitter:card\" content=\"summary_large_image\" \/>\n<meta name=\"twitter:label1\" content=\"Yazan:\" \/>\n\t<meta name=\"twitter:data1\" content=\"Site varsay\u0131lan\u0131\" \/>\n\t<meta name=\"twitter:label2\" content=\"Tahmini okuma s\u00fcresi\" \/>\n\t<meta name=\"twitter:data2\" content=\"3 dakika\" \/>\n<script type=\"application\/ld+json\" class=\"yoast-schema-graph\">{\"@context\":\"https:\/\/schema.org\",\"@graph\":[{\"@type\":\"Article\",\"@id\":\"https:\/\/annelertoplandik.com\/blog\/cocuklarda-gece-teroru-nedir\/#article\",\"isPartOf\":{\"@id\":\"https:\/\/annelertoplandik.com\/blog\/cocuklarda-gece-teroru-nedir\/\"},\"author\":{\"name\":\"Site varsay\u0131lan\u0131\",\"@id\":\"https:\/\/annelertoplandik.com\/blog\/#\/schema\/person\/ed8c4b2b366e8fe17908065956b863be\"},\"headline\":\"\u00c7ocuklarda Gece Ter\u00f6r\u00fc Nedir?\",\"datePublished\":\"2020-08-29T17:01:00+00:00\",\"dateModified\":\"2020-08-30T17:07:49+00:00\",\"mainEntityOfPage\":{\"@id\":\"https:\/\/annelertoplandik.com\/blog\/cocuklarda-gece-teroru-nedir\/\"},\"wordCount\":671,\"commentCount\":0,\"publisher\":{\"@id\":\"https:\/\/annelertoplandik.com\/blog\/#\/schema\/person\/1fe572fbbce7ca9b1429e03f3fc0d0a8\"},\"image\":{\"@id\":\"https:\/\/annelertoplandik.com\/blog\/cocuklarda-gece-teroru-nedir\/#primaryimage\"},\"thumbnailUrl\":\"https:\/\/annelertoplandik.com\/blog\/wp-content\/uploads\/2020\/08\/C\u0327ocuklarda-gece-tero\u0308ru\u03081.jpg\",\"articleSection\":[\"\u00c7ocuk Sa\u011fl\u0131\u011f\u0131\"],\"inLanguage\":\"tr\",\"potentialAction\":[{\"@type\":\"CommentAction\",\"name\":\"Comment\",\"target\":[\"https:\/\/annelertoplandik.com\/blog\/cocuklarda-gece-teroru-nedir\/#respond\"]}]},{\"@type\":\"WebPage\",\"@id\":\"https:\/\/annelertoplandik.com\/blog\/cocuklarda-gece-teroru-nedir\/\",\"url\":\"https:\/\/annelertoplandik.com\/blog\/cocuklarda-gece-teroru-nedir\/\",\"name\":\"\u00c7ocuklarda Gece Ter\u00f6r\u00fc Nedir? | Anneler Topland\u0131k\",\"isPartOf\":{\"@id\":\"https:\/\/annelertoplandik.com\/blog\/#website\"},\"primaryImageOfPage\":{\"@id\":\"https:\/\/annelertoplandik.com\/blog\/cocuklarda-gece-teroru-nedir\/#primaryimage\"},\"image\":{\"@id\":\"https:\/\/annelertoplandik.com\/blog\/cocuklarda-gece-teroru-nedir\/#primaryimage\"},\"thumbnailUrl\":\"https:\/\/annelertoplandik.com\/blog\/wp-content\/uploads\/2020\/08\/C\u0327ocuklarda-gece-tero\u0308ru\u03081.jpg\",\"datePublished\":\"2020-08-29T17:01:00+00:00\",\"dateModified\":\"2020-08-30T17:07:49+00:00\",\"description\":\"\u00c7ocuklarda gece ter\u00f6r\u00fc \u00e7ocu\u011funuz derin bir uykudan uyand\u0131\u011f\u0131nda ortaya \u00e7\u0131kan korku, \u00e7\u0131\u011fl\u0131k ve d\u00fczensiz davran\u0131\u015flard\u0131r.\",\"breadcrumb\":{\"@id\":\"https:\/\/annelertoplandik.com\/blog\/cocuklarda-gece-teroru-nedir\/#breadcrumb\"},\"inLanguage\":\"tr\",\"potentialAction\":[{\"@type\":\"ReadAction\",\"target\":[\"https:\/\/annelertoplandik.com\/blog\/cocuklarda-gece-teroru-nedir\/\"]}]},{\"@type\":\"ImageObject\",\"inLanguage\":\"tr\",\"@id\":\"https:\/\/annelertoplandik.com\/blog\/cocuklarda-gece-teroru-nedir\/#primaryimage\",\"url\":\"https:\/\/annelertoplandik.com\/blog\/wp-content\/uploads\/2020\/08\/C\u0327ocuklarda-gece-tero\u0308ru\u03081.jpg\",\"contentUrl\":\"https:\/\/annelertoplandik.com\/blog\/wp-content\/uploads\/2020\/08\/C\u0327ocuklarda-gece-tero\u0308ru\u03081.jpg\",\"width\":1000,\"height\":600,\"caption\":\"\u00c7ocuklarda gece ter\u00f6r\u00fc\"},{\"@type\":\"BreadcrumbList\",\"@id\":\"https:\/\/annelertoplandik.com\/blog\/cocuklarda-gece-teroru-nedir\/#breadcrumb\",\"itemListElement\":[{\"@type\":\"ListItem\",\"position\":1,\"name\":\"Ana sayfa\",\"item\":\"https:\/\/annelertoplandik.com\/blog\/\"},{\"@type\":\"ListItem\",\"position\":2,\"name\":\"\u00c7ocuklarda Gece Ter\u00f6r\u00fc Nedir?\"}]},{\"@type\":\"WebSite\",\"@id\":\"https:\/\/annelertoplandik.com\/blog\/#website\",\"url\":\"https:\/\/annelertoplandik.com\/blog\/\",\"name\":\"Anneler Topland\u0131k\",\"description\":\"Annelerin sanal payla\u015f\u0131m merkezi\",\"publisher\":{\"@id\":\"https:\/\/annelertoplandik.com\/blog\/#\/schema\/person\/1fe572fbbce7ca9b1429e03f3fc0d0a8\"},\"potentialAction\":[{\"@type\":\"SearchAction\",\"target\":{\"@type\":\"EntryPoint\",\"urlTemplate\":\"https:\/\/annelertoplandik.com\/blog\/?s={search_term_string}\"},\"query-input\":{\"@type\":\"PropertyValueSpecification\",\"valueRequired\":true,\"valueName\":\"search_term_string\"}}],\"inLanguage\":\"tr\"},{\"@type\":[\"Person\",\"Organization\"],\"@id\":\"https:\/\/annelertoplandik.com\/blog\/#\/schema\/person\/1fe572fbbce7ca9b1429e03f3fc0d0a8\",\"name\":\"Admin\",\"image\":{\"@type\":\"ImageObject\",\"inLanguage\":\"tr\",\"@id\":\"https:\/\/annelertoplandik.com\/blog\/#\/schema\/person\/image\/\",\"url\":\"https:\/\/annelertoplandik.com\/blog\/wp-content\/litespeed\/avatar\/b11040300c1fe933a5185741d40560b6.jpg?ver=1777032257\",\"contentUrl\":\"https:\/\/annelertoplandik.com\/blog\/wp-content\/litespeed\/avatar\/b11040300c1fe933a5185741d40560b6.jpg?ver=1777032257\",\"caption\":\"Admin\"},\"logo\":{\"@id\":\"https:\/\/annelertoplandik.com\/blog\/#\/schema\/person\/image\/\"}},{\"@type\":\"Person\",\"@id\":\"https:\/\/annelertoplandik.com\/blog\/#\/schema\/person\/ed8c4b2b366e8fe17908065956b863be\",\"name\":\"Site varsay\u0131lan\u0131\",\"image\":{\"@type\":\"ImageObject\",\"inLanguage\":\"tr\",\"@id\":\"https:\/\/annelertoplandik.com\/blog\/#\/schema\/person\/image\/\",\"url\":\"https:\/\/annelertoplandik.com\/blog\/wp-content\/litespeed\/avatar\/c00c7d963bfc23c3840923d93a738b4c.jpg?ver=1777033036\",\"contentUrl\":\"https:\/\/annelertoplandik.com\/blog\/wp-content\/litespeed\/avatar\/c00c7d963bfc23c3840923d93a738b4c.jpg?ver=1777033036\",\"caption\":\"Site varsay\u0131lan\u0131\"}}]}<\/script>\n<!-- \/ Yoast SEO plugin. -->","yoast_head_json":{"title":"\u00c7ocuklarda Gece Ter\u00f6r\u00fc Nedir? | Anneler Topland\u0131k","description":"\u00c7ocuklarda gece ter\u00f6r\u00fc \u00e7ocu\u011funuz derin bir uykudan uyand\u0131\u011f\u0131nda ortaya \u00e7\u0131kan korku, \u00e7\u0131\u011fl\u0131k ve d\u00fczensiz davran\u0131\u015flard\u0131r.","robots":{"index":"index","follow":"follow","max-snippet":"max-snippet:-1","max-image-preview":"max-image-preview:large","max-video-preview":"max-video-preview:-1"},"canonical":"https:\/\/annelertoplandik.com\/blog\/cocuklarda-gece-teroru-nedir\/","og_locale":"tr_TR","og_type":"article","og_title":"\u00c7ocuklarda Gece Ter\u00f6r\u00fc Nedir? | Anneler Topland\u0131k","og_description":"\u00c7ocuklarda gece ter\u00f6r\u00fc \u00e7ocu\u011funuz derin bir uykudan uyand\u0131\u011f\u0131nda ortaya \u00e7\u0131kan korku, \u00e7\u0131\u011fl\u0131k ve d\u00fczensiz davran\u0131\u015flard\u0131r.","og_url":"https:\/\/annelertoplandik.com\/blog\/cocuklarda-gece-teroru-nedir\/","og_site_name":"Anneler Topland\u0131k","article_published_time":"2020-08-29T17:01:00+00:00","article_modified_time":"2020-08-30T17:07:49+00:00","og_image":[{"width":1000,"height":600,"url":"https:\/\/annelertoplandik.com\/blog\/wp-content\/uploads\/2020\/08\/C\u0327ocuklarda-gece-tero\u0308ru\u03081.jpg","type":"image\/jpeg"}],"author":"Site varsay\u0131lan\u0131","twitter_card":"summary_large_image","twitter_misc":{"Yazan:":"Site varsay\u0131lan\u0131","Tahmini okuma s\u00fcresi":"3 dakika"},"schema":{"@context":"https:\/\/schema.org","@graph":[{"@type":"Article","@id":"https:\/\/annelertoplandik.com\/blog\/cocuklarda-gece-teroru-nedir\/#article","isPartOf":{"@id":"https:\/\/annelertoplandik.com\/blog\/cocuklarda-gece-teroru-nedir\/"},"author":{"name":"Site varsay\u0131lan\u0131","@id":"https:\/\/annelertoplandik.com\/blog\/#\/schema\/person\/ed8c4b2b366e8fe17908065956b863be"},"headline":"\u00c7ocuklarda Gece Ter\u00f6r\u00fc Nedir?","datePublished":"2020-08-29T17:01:00+00:00","dateModified":"2020-08-30T17:07:49+00:00","mainEntityOfPage":{"@id":"https:\/\/annelertoplandik.com\/blog\/cocuklarda-gece-teroru-nedir\/"},"wordCount":671,"commentCount":0,"publisher":{"@id":"https:\/\/annelertoplandik.com\/blog\/#\/schema\/person\/1fe572fbbce7ca9b1429e03f3fc0d0a8"},"image":{"@id":"https:\/\/annelertoplandik.com\/blog\/cocuklarda-gece-teroru-nedir\/#primaryimage"},"thumbnailUrl":"https:\/\/annelertoplandik.com\/blog\/wp-content\/uploads\/2020\/08\/C\u0327ocuklarda-gece-tero\u0308ru\u03081.jpg","articleSection":["\u00c7ocuk Sa\u011fl\u0131\u011f\u0131"],"inLanguage":"tr","potentialAction":[{"@type":"CommentAction","name":"Comment","target":["https:\/\/annelertoplandik.com\/blog\/cocuklarda-gece-teroru-nedir\/#respond"]}]},{"@type":"WebPage","@id":"https:\/\/annelertoplandik.com\/blog\/cocuklarda-gece-teroru-nedir\/","url":"https:\/\/annelertoplandik.com\/blog\/cocuklarda-gece-teroru-nedir\/","name":"\u00c7ocuklarda Gece Ter\u00f6r\u00fc Nedir? | Anneler Topland\u0131k","isPartOf":{"@id":"https:\/\/annelertoplandik.com\/blog\/#website"},"primaryImageOfPage":{"@id":"https:\/\/annelertoplandik.com\/blog\/cocuklarda-gece-teroru-nedir\/#primaryimage"},"image":{"@id":"https:\/\/annelertoplandik.com\/blog\/cocuklarda-gece-teroru-nedir\/#primaryimage"},"thumbnailUrl":"https:\/\/annelertoplandik.com\/blog\/wp-content\/uploads\/2020\/08\/C\u0327ocuklarda-gece-tero\u0308ru\u03081.jpg","datePublished":"2020-08-29T17:01:00+00:00","dateModified":"2020-08-30T17:07:49+00:00","description":"\u00c7ocuklarda gece ter\u00f6r\u00fc \u00e7ocu\u011funuz derin bir uykudan uyand\u0131\u011f\u0131nda ortaya \u00e7\u0131kan korku, \u00e7\u0131\u011fl\u0131k ve d\u00fczensiz davran\u0131\u015flard\u0131r.","breadcrumb":{"@id":"https:\/\/annelertoplandik.com\/blog\/cocuklarda-gece-teroru-nedir\/#breadcrumb"},"inLanguage":"tr","potentialAction":[{"@type":"ReadAction","target":["https:\/\/annelertoplandik.com\/blog\/cocuklarda-gece-teroru-nedir\/"]}]},{"@type":"ImageObject","inLanguage":"tr","@id":"https:\/\/annelertoplandik.com\/blog\/cocuklarda-gece-teroru-nedir\/#primaryimage","url":"https:\/\/annelertoplandik.com\/blog\/wp-content\/uploads\/2020\/08\/C\u0327ocuklarda-gece-tero\u0308ru\u03081.jpg","contentUrl":"https:\/\/annelertoplandik.com\/blog\/wp-content\/uploads\/2020\/08\/C\u0327ocuklarda-gece-tero\u0308ru\u03081.jpg","width":1000,"height":600,"caption":"\u00c7ocuklarda gece ter\u00f6r\u00fc"},{"@type":"BreadcrumbList","@id":"https:\/\/annelertoplandik.com\/blog\/cocuklarda-gece-teroru-nedir\/#breadcrumb","itemListElement":[{"@type":"ListItem","position":1,"name":"Ana sayfa","item":"https:\/\/annelertoplandik.com\/blog\/"},{"@type":"ListItem","position":2,"name":"\u00c7ocuklarda Gece Ter\u00f6r\u00fc Nedir?"}]},{"@type":"WebSite","@id":"https:\/\/annelertoplandik.com\/blog\/#website","url":"https:\/\/annelertoplandik.com\/blog\/","name":"Anneler Topland\u0131k","description":"Annelerin sanal payla\u015f\u0131m merkezi","publisher":{"@id":"https:\/\/annelertoplandik.com\/blog\/#\/schema\/person\/1fe572fbbce7ca9b1429e03f3fc0d0a8"},"potentialAction":[{"@type":"SearchAction","target":{"@type":"EntryPoint","urlTemplate":"https:\/\/annelertoplandik.com\/blog\/?s={search_term_string}"},"query-input":{"@type":"PropertyValueSpecification","valueRequired":true,"valueName":"search_term_string"}}],"inLanguage":"tr"},{"@type":["Person","Organization"],"@id":"https:\/\/annelertoplandik.com\/blog\/#\/schema\/person\/1fe572fbbce7ca9b1429e03f3fc0d0a8","name":"Admin","image":{"@type":"ImageObject","inLanguage":"tr","@id":"https:\/\/annelertoplandik.com\/blog\/#\/schema\/person\/image\/","url":"https:\/\/annelertoplandik.com\/blog\/wp-content\/litespeed\/avatar\/b11040300c1fe933a5185741d40560b6.jpg?ver=1777032257","contentUrl":"https:\/\/annelertoplandik.com\/blog\/wp-content\/litespeed\/avatar\/b11040300c1fe933a5185741d40560b6.jpg?ver=1777032257","caption":"Admin"},"logo":{"@id":"https:\/\/annelertoplandik.com\/blog\/#\/schema\/person\/image\/"}},{"@type":"Person","@id":"https:\/\/annelertoplandik.com\/blog\/#\/schema\/person\/ed8c4b2b366e8fe17908065956b863be","name":"Site varsay\u0131lan\u0131","image":{"@type":"ImageObject","inLanguage":"tr","@id":"https:\/\/annelertoplandik.com\/blog\/#\/schema\/person\/image\/","url":"https:\/\/annelertoplandik.com\/blog\/wp-content\/litespeed\/avatar\/c00c7d963bfc23c3840923d93a738b4c.jpg?ver=1777033036","contentUrl":"https:\/\/annelertoplandik.com\/blog\/wp-content\/litespeed\/avatar\/c00c7d963bfc23c3840923d93a738b4c.jpg?ver=1777033036","caption":"Site varsay\u0131lan\u0131"}}]}},"amp_enabled":true,"_links":{"self":[{"href":"https:\/\/annelertoplandik.com\/blog\/wp-json\/wp\/v2\/posts\/2933"}],"collection":[{"href":"https:\/\/annelertoplandik.com\/blog\/wp-json\/wp\/v2\/posts"}],"about":[{"href":"https:\/\/annelertoplandik.com\/blog\/wp-json\/wp\/v2\/types\/post"}],"author":[{"embeddable":true,"href":"https:\/\/annelertoplandik.com\/blog\/wp-json\/wp\/v2\/users\/7"}],"replies":[{"embeddable":true,"href":"https:\/\/annelertoplandik.com\/blog\/wp-json\/wp\/v2\/comments?post=2933"}],"version-history":[{"count":0,"href":"https:\/\/annelertoplandik.com\/blog\/wp-json\/wp\/v2\/posts\/2933\/revisions"}],"wp:featuredmedia":[{"embeddable":true,"href":"https:\/\/annelertoplandik.com\/blog\/wp-json\/wp\/v2\/media\/2934"}],"wp:attachment":[{"href":"https:\/\/annelertoplandik.com\/blog\/wp-json\/wp\/v2\/media?parent=2933"}],"wp:term":[{"taxonomy":"category","embeddable":true,"href":"https:\/\/annelertoplandik.com\/blog\/wp-json\/wp\/v2\/categories?post=2933"},{"taxonomy":"post_tag","embeddable":true,"href":"https:\/\/annelertoplandik.com\/blog\/wp-json\/wp\/v2\/tags?post=2933"}],"curies":[{"name":"wp","href":"https:\/\/api.w.org\/{rel}","templated":true}]}}