{"id":2986,"date":"2023-07-09T20:15:00","date_gmt":"2023-07-09T17:15:00","guid":{"rendered":"https:\/\/annelertoplandik.com\/blog\/?p=2986"},"modified":"2023-06-02T17:34:08","modified_gmt":"2023-06-02T14:34:08","slug":"cocuklar-neden-yalan-soyler","status":"publish","type":"post","link":"https:\/\/annelertoplandik.com\/blog\/cocuklar-neden-yalan-soyler\/","title":{"rendered":"\u00c7ocuklar Neden Yalan S\u00f6yler?"},"content":{"rendered":"\n<p>\u00c7o\u011fu <a href=\"https:\/\/annelertoplandik.com\/blog\/cocuklarda-ozguven-nasil-arttirilir\/\">\u00e7ocuk<\/a> bir noktada yalan s\u00f6yler, ancak \u00e7ocu\u011funuzun yalan s\u00f6yledi\u011fini ilk duydu\u011funuzda bu sizin i\u00e7in s\u00fcrpriz olabilir.&nbsp;Nas\u0131l yalan s\u00f6ylenece\u011fini \u00f6\u011frenmek \u00e7ocu\u011fun geli\u015fiminin bir par\u00e7as\u0131d\u0131r. Elbette do\u011fruyu s\u00f6ylemeyi \u00f6\u011frenmek de \u00f6yledir.&nbsp;<\/p>\n\n\n\n<p>Yalan s\u00f6ylemek t\u00fcm \u00e7ocuklar\u0131n \u00f6\u011frendi\u011fi bir beceridir.&nbsp;Su\u00e7 veya cezadan ka\u00e7\u0131nmak ve zay\u0131f bir \u00f6z imaj\u0131 desteklemek i\u00e7in bir ara\u00e7t\u0131r.&nbsp;B\u00fct\u00fcn \u00e7ocuklar yalan s\u00f6yleyebilir. Fakat baz\u0131lar\u0131 bunu di\u011ferlerinden \u00e7ok daha fazla yapar.&nbsp;Yalan konusunda \u00e7al\u0131\u015fan psikologlar, hangi \u00e7ocuklar\u0131n en \u00e7ok yalan s\u00f6yleyece\u011fini tahmin etmeye yard\u0131mc\u0131 olan kal\u0131plar bulmu\u015flard\u0131r.<\/p>\n\n\n\n<h2 class=\"wp-block-heading\"><strong>\u00c7ocuklar ni\u00e7in yalan s\u00f6yler?<\/strong><\/h2>\n\n\n\n<p><br>\u00c7ocuklar a\u015fa\u011f\u0131daki durumlarda yalan s\u00f6yleyebilir:<\/p>\n\n\n\n<ul><li>Bir \u015feyi \u00f6rtbas edip ba\u015flar\u0131 belaya girmemesi i\u00e7in<\/li><li>Yalan s\u00f6yledikleri duydu\u011funda nas\u0131l tepki verilece\u011fini g\u00f6rmek i\u00e7in<\/li><li>Ger\u00e7e\u011fi bildi\u011fini bilseler bile dikkat \u00e7ekmek i\u00e7in<\/li><li>\u0130stedikleri bir \u015feyi elde etmek i\u00e7in.<\/li><\/ul>\n\n\n\n<h2 class=\"wp-block-heading\"><strong>\u00c7ocuklar en \u00e7ok ne hakk\u0131nda yalan s\u00f6yler?<\/strong><\/h2>\n\n\n\n<p>\u00c7ocuklar beladan kurtulmak, utan\u00e7tan ka\u00e7\u0131nmak veya di\u011fer insanlar\u0131 korumak i\u00e7in yalan s\u00f6yler.&nbsp;Ya\u015fland\u0131k\u00e7a, yalan s\u00f6ylemenin nedenleri genellikle ayn\u0131 g\u00fcd\u00fcler taraf\u0131ndan y\u00f6nlendirilir, ancak ayr\u0131nt\u0131lar de\u011fi\u015fecektir.<\/p>\n\n\n\n<p>Bir ara\u015ft\u0131rmaya g\u00f6re, gen\u00e7lerin yalan s\u00f6yleme e\u011filiminde oldu\u011fu \u015feyler \u015funlard\u0131r:<\/p>\n\n\n\n<ul><li>Paralar\u0131n\u0131n nereye gitti\u011fini,<\/li><li>Hangi filmi izledikleri<\/li><li>Kiminle tak\u0131ld\u0131klar\u0131n\u0131<\/li><li>Ebeveynleri i\u015fteyken yapt\u0131klar\u0131,<\/li><li>Alkol ve uyu\u015fturucu kullan\u0131m\u0131,<\/li><li>Evden \u00e7\u0131kt\u0131ktan sonra ne giydiklerini,<\/li><li>Oyun ve e\u011flence s\u0131ras\u0131nda ne oldu\u011fu<\/li><li>Okuldan sonra ne yapt\u0131klar\u0131<\/li><li>Okulda neler oldu\u011fu<\/li><\/ul>\n\n\n\n<h2 class=\"wp-block-heading\"><strong>\u00c7ocuklar ne zaman yalan s\u00f6ylemeye ba\u015flar?<\/strong><\/h2>\n\n\n\n<p><br>\u00c7ocuklar yalan s\u00f6ylemeyi erken ya\u015flardan, genellikle yakla\u015f\u0131k \u00fc\u00e7 ya\u015f\u0131na kadar \u00f6\u011frenebilirler.&nbsp;<br>\u00c7ocuklar 4-6 ya\u015flar\u0131nda daha \u00e7ok yalan s\u00f6yler.&nbsp;\u00c7ocu\u011funuz, y\u00fcz ifadelerini ve ses tonunu s\u00f6yledikleriyle e\u015fle\u015ftirerek yalan s\u00f6ylemekte daha iyi olabilir.&nbsp;Ona ne dedi\u011fini a\u00e7\u0131klamas\u0131n\u0131 istersen, genellikle hakl\u0131 \u00e7\u0131kar.<br>\u00c7ocuklar okul \u00e7a\u011f\u0131na geldiklerinde daha s\u0131k yalan s\u00f6yleyebilir ve yalan s\u00f6ylemekte daha iyi olabilirler.&nbsp;Yalanlar da daha karma\u015f\u0131k hale gelir \u00e7\u00fcnk\u00fc \u00e7ocu\u011funuzun daha \u00e7ok s\u00f6yleyecek s\u00f6z\u00fc vard\u0131r ve di\u011fer insanlar\u0131n nas\u0131l d\u00fc\u015f\u00fcnd\u00fc\u011f\u00fcn\u00fc anlamakta daha iyidir. Sekiz ya\u015f\u0131na kadar \u00e7ocuklar yakalanmadan ba\u015far\u0131l\u0131 bir \u015fekilde yalan s\u00f6yleyebilir.&nbsp;<\/p>\n\n\n\n<h2 class=\"wp-block-heading\"><strong>\u00c7ocuklar\u0131 do\u011fruyu s\u00f6ylemeye te\u015fvik etmek<\/strong><\/h2>\n\n\n\n<p><br><br>Do\u011fru ile do\u011fru olmayan aras\u0131ndaki fark\u0131 anlayacak kadar b\u00fcy\u00fcd\u00fcklerinde, onlar\u0131 do\u011fruyu s\u00f6yleme konusunda cesaretlendirmek ve desteklemek iyidir. Bunu, ailenizde d\u00fcr\u00fcstl\u00fc\u011f\u00fcn \u00f6nemini vurgulayarak ve \u00e7ocu\u011funuzu d\u00fcr\u00fcstl\u00fck i\u00e7in \u00f6verek yapabilirsiniz.<br>\u00c7ocu\u011funuza size yalan s\u00f6yledi\u011finde bundan ho\u015flanmad\u0131\u011f\u0131n\u0131z\u0131 s\u00f6yleyerek de d\u00fcr\u00fcstl\u00fckle ilgili mesajlar g\u00f6nderebilirsiniz.&nbsp;\u00d6rne\u011fin, &#8216;Bana ger\u00e7e\u011fi s\u00f6ylemedi\u011finde \u00fczg\u00fcn ve hayal k\u0131r\u0131kl\u0131\u011f\u0131na u\u011frad\u0131m&#8217; gibi bir \u015fey s\u00f6ylemeyi deneyebilirsiniz.<\/p>\n\n\n\n<figure class=\"wp-block-image size-large\"><img loading=\"lazy\" decoding=\"async\" width=\"948\" height=\"632\" src=\"https:\/\/annelertoplandik.com\/blog\/wp-content\/uploads\/2020\/09\/Yalan-So\u0308yler1.jpg\" alt=\"Yalan so\u0308yler\" class=\"wp-image-2988\" srcset=\"https:\/\/annelertoplandik.com\/blog\/wp-content\/uploads\/2020\/09\/Yalan-So\u0308yler1.jpg 948w, https:\/\/annelertoplandik.com\/blog\/wp-content\/uploads\/2020\/09\/Yalan-So\u0308yler1-500x333.jpg 500w, https:\/\/annelertoplandik.com\/blog\/wp-content\/uploads\/2020\/09\/Yalan-So\u0308yler1-768x512.jpg 768w, https:\/\/annelertoplandik.com\/blog\/wp-content\/uploads\/2020\/09\/Yalan-So\u0308yler1-696x464.jpg 696w, https:\/\/annelertoplandik.com\/blog\/wp-content\/uploads\/2020\/09\/Yalan-So\u0308yler1-630x420.jpg 630w, https:\/\/annelertoplandik.com\/blog\/wp-content\/uploads\/2020\/09\/Yalan-So\u0308yler1-300x200.jpg 300w\" sizes=\"(max-width: 948px) 100vw, 948px\" \/><\/figure>\n\n\n\n<h2 class=\"wp-block-heading\"><strong>\u00c7ocuk kompulsif yalan\u0131n\u0131 tedavi etmek<\/strong><\/h2>\n\n\n\n<p>Aile terapisi, ebeveynlerin ve \u00e7ocuklar\u0131n daha iyi ileti\u015fim kurmas\u0131na yard\u0131mc\u0131 olabilir.&nbsp;Ebeveynler, \u00e7ocuklar\u0131n\u0131n yalan s\u00f6yleme arzusunu ve te\u015fvikini azaltan stratejiler \u00f6\u011frenebilirler.&nbsp;\u00d6rne\u011fin, bir \u00e7ocu\u011fa kan\u0131tlar bunu g\u00f6sterdi\u011finde kurallar\u0131 ihlal edip etmedi\u011fini sormak yerine, bir ebeveyn basit\u00e7e \u00e7i\u011fnenmi\u015f kural hakk\u0131nda konu\u015fabilir.&nbsp;Bir \u00e7ocuk cezaland\u0131r\u0131lmaktan korktu\u011fu i\u00e7in yalan s\u00f6ylerse, terapi ebeveyn ve \u00e7ocu\u011fun korkunun \u00f6tesine ge\u00e7mesine ve adil, tutarl\u0131 aile kurallar\u0131 olu\u015fturmas\u0131na yard\u0131mc\u0131 olabilir.<\/p>\n\n\n\n<p>Bir \u00e7ocu\u011fun yalan s\u00f6ylemesi \u00e7ocuk veya aile i\u00e7in sorunlara neden oldu\u011funda, bireysel dan\u0131\u015fmanl\u0131k \u00e7ocu\u011fu destekleyebilir ve daha az yalan s\u00f6ylemesine yard\u0131mc\u0131 olabilir.&nbsp;Bir terapist, anksiyete ve&nbsp;depresyonu&nbsp;hafifletmek, benlik sayg\u0131s\u0131n\u0131 art\u0131rmak ve g\u00fc\u00e7l\u00fc bir benlik hissi geli\u015ftirmek&nbsp;i\u00e7in \u00e7ocukla birlikte \u00e7al\u0131\u015fabilir.&nbsp;Travma ge\u00e7mi\u015fi olan \u00e7ocuklar\u0131n travmay\u0131 i\u015flemesi ve hakk\u0131nda konu\u015fmas\u0131 i\u00e7in yard\u0131ma ihtiyac\u0131 olabilir.&nbsp; Yalan s\u00f6ylemek, geli\u015fimsel olarak normal olsa bile ebeveynler i\u00e7in sinir bozucu olabilir.&nbsp;Bir terapist, ebeveynlere yalan s\u00f6ylemenin ya\u015fa g\u00f6re mi yoksa daha ciddi bir sorunun i\u015fareti mi oldu\u011funu belirlemelerine yard\u0131mc\u0131 olabilir. Her \u00e7ocuk yalan s\u00f6yler fakat bunu y\u00f6netmek en \u00f6nemlisidir.<\/p>\n","protected":false},"excerpt":{"rendered":"<p>\u00c7o\u011fu \u00e7ocuk bir noktada yalan s\u00f6yler, ancak \u00e7ocu\u011funuzun yalan s\u00f6yledi\u011fini ilk duydu\u011funuzda bu sizin i\u00e7in s\u00fcrpriz olabilir.&nbsp;Nas\u0131l yalan s\u00f6ylenece\u011fini \u00f6\u011frenmek \u00e7ocu\u011fun geli\u015fiminin bir par\u00e7as\u0131d\u0131r. Elbette do\u011fruyu s\u00f6ylemeyi \u00f6\u011frenmek de \u00f6yledir.&nbsp; Yalan s\u00f6ylemek t\u00fcm \u00e7ocuklar\u0131n \u00f6\u011frendi\u011fi bir beceridir.&nbsp;Su\u00e7 veya cezadan ka\u00e7\u0131nmak ve zay\u0131f bir \u00f6z imaj\u0131 desteklemek i\u00e7in bir ara\u00e7t\u0131r.&nbsp;B\u00fct\u00fcn \u00e7ocuklar yalan s\u00f6yleyebilir. Fakat baz\u0131lar\u0131 bunu [&hellip;]<\/p>\n","protected":false},"author":7,"featured_media":2988,"comment_status":"open","ping_status":"open","sticky":false,"template":"","format":"standard","meta":{"tdm_status":"","tdm_grid_status":"","footnotes":""},"categories":[50],"tags":[],"yoast_head":"<!-- This site is optimized with the Yoast SEO plugin v24.5 - https:\/\/yoast.com\/wordpress\/plugins\/seo\/ -->\n<title>\u00c7ocuklar Neden Yalan S\u00f6yler? | Anneler Topland\u0131k<\/title>\n<meta name=\"description\" content=\"\u00c7o\u011fu \u00e7ocuk bir noktada yalan s\u00f6yler, ancak \u00e7ocu\u011funuzun yalan s\u00f6yledi\u011fini ilk duydu\u011funuzda bu sizin i\u00e7in s\u00fcrpriz olabilir.\" \/>\n<meta name=\"robots\" content=\"index, follow, max-snippet:-1, max-image-preview:large, max-video-preview:-1\" \/>\n<link rel=\"canonical\" href=\"https:\/\/annelertoplandik.com\/blog\/cocuklar-neden-yalan-soyler\/\" \/>\n<meta property=\"og:locale\" content=\"tr_TR\" \/>\n<meta property=\"og:type\" content=\"article\" \/>\n<meta property=\"og:title\" content=\"\u00c7ocuklar Neden Yalan S\u00f6yler? | Anneler Topland\u0131k\" \/>\n<meta property=\"og:description\" content=\"\u00c7o\u011fu \u00e7ocuk bir noktada yalan s\u00f6yler, ancak \u00e7ocu\u011funuzun yalan s\u00f6yledi\u011fini ilk duydu\u011funuzda bu sizin i\u00e7in s\u00fcrpriz olabilir.\" \/>\n<meta property=\"og:url\" content=\"https:\/\/annelertoplandik.com\/blog\/cocuklar-neden-yalan-soyler\/\" \/>\n<meta property=\"og:site_name\" content=\"Anneler Topland\u0131k\" \/>\n<meta property=\"article:published_time\" content=\"2023-07-09T17:15:00+00:00\" \/>\n<meta property=\"og:image\" content=\"https:\/\/annelertoplandik.com\/blog\/wp-content\/uploads\/2020\/09\/Yalan-So\u0308yler1.jpg\" \/>\n\t<meta property=\"og:image:width\" content=\"948\" \/>\n\t<meta property=\"og:image:height\" content=\"632\" \/>\n\t<meta property=\"og:image:type\" content=\"image\/jpeg\" \/>\n<meta name=\"author\" content=\"Site varsay\u0131lan\u0131\" \/>\n<meta name=\"twitter:card\" content=\"summary_large_image\" \/>\n<meta name=\"twitter:label1\" content=\"Yazan:\" \/>\n\t<meta name=\"twitter:data1\" content=\"Site varsay\u0131lan\u0131\" \/>\n\t<meta name=\"twitter:label2\" content=\"Tahmini okuma s\u00fcresi\" \/>\n\t<meta name=\"twitter:data2\" content=\"4 dakika\" \/>\n<script type=\"application\/ld+json\" class=\"yoast-schema-graph\">{\"@context\":\"https:\/\/schema.org\",\"@graph\":[{\"@type\":\"Article\",\"@id\":\"https:\/\/annelertoplandik.com\/blog\/cocuklar-neden-yalan-soyler\/#article\",\"isPartOf\":{\"@id\":\"https:\/\/annelertoplandik.com\/blog\/cocuklar-neden-yalan-soyler\/\"},\"author\":{\"name\":\"Site varsay\u0131lan\u0131\",\"@id\":\"https:\/\/annelertoplandik.com\/blog\/#\/schema\/person\/ed8c4b2b366e8fe17908065956b863be\"},\"headline\":\"\u00c7ocuklar Neden Yalan S\u00f6yler?\",\"datePublished\":\"2023-07-09T17:15:00+00:00\",\"mainEntityOfPage\":{\"@id\":\"https:\/\/annelertoplandik.com\/blog\/cocuklar-neden-yalan-soyler\/\"},\"wordCount\":771,\"commentCount\":0,\"publisher\":{\"@id\":\"https:\/\/annelertoplandik.com\/blog\/#\/schema\/person\/1fe572fbbce7ca9b1429e03f3fc0d0a8\"},\"image\":{\"@id\":\"https:\/\/annelertoplandik.com\/blog\/cocuklar-neden-yalan-soyler\/#primaryimage\"},\"thumbnailUrl\":\"https:\/\/annelertoplandik.com\/blog\/wp-content\/uploads\/2020\/09\/Yalan-So\u0308yler1.jpg\",\"articleSection\":[\"\u00c7ocuk Geli\u015fimi\"],\"inLanguage\":\"tr\",\"potentialAction\":[{\"@type\":\"CommentAction\",\"name\":\"Comment\",\"target\":[\"https:\/\/annelertoplandik.com\/blog\/cocuklar-neden-yalan-soyler\/#respond\"]}]},{\"@type\":\"WebPage\",\"@id\":\"https:\/\/annelertoplandik.com\/blog\/cocuklar-neden-yalan-soyler\/\",\"url\":\"https:\/\/annelertoplandik.com\/blog\/cocuklar-neden-yalan-soyler\/\",\"name\":\"\u00c7ocuklar Neden Yalan S\u00f6yler? | Anneler Topland\u0131k\",\"isPartOf\":{\"@id\":\"https:\/\/annelertoplandik.com\/blog\/#website\"},\"primaryImageOfPage\":{\"@id\":\"https:\/\/annelertoplandik.com\/blog\/cocuklar-neden-yalan-soyler\/#primaryimage\"},\"image\":{\"@id\":\"https:\/\/annelertoplandik.com\/blog\/cocuklar-neden-yalan-soyler\/#primaryimage\"},\"thumbnailUrl\":\"https:\/\/annelertoplandik.com\/blog\/wp-content\/uploads\/2020\/09\/Yalan-So\u0308yler1.jpg\",\"datePublished\":\"2023-07-09T17:15:00+00:00\",\"description\":\"\u00c7o\u011fu \u00e7ocuk bir noktada yalan s\u00f6yler, ancak \u00e7ocu\u011funuzun yalan s\u00f6yledi\u011fini ilk duydu\u011funuzda bu sizin i\u00e7in s\u00fcrpriz olabilir.\",\"breadcrumb\":{\"@id\":\"https:\/\/annelertoplandik.com\/blog\/cocuklar-neden-yalan-soyler\/#breadcrumb\"},\"inLanguage\":\"tr\",\"potentialAction\":[{\"@type\":\"ReadAction\",\"target\":[\"https:\/\/annelertoplandik.com\/blog\/cocuklar-neden-yalan-soyler\/\"]}]},{\"@type\":\"ImageObject\",\"inLanguage\":\"tr\",\"@id\":\"https:\/\/annelertoplandik.com\/blog\/cocuklar-neden-yalan-soyler\/#primaryimage\",\"url\":\"https:\/\/annelertoplandik.com\/blog\/wp-content\/uploads\/2020\/09\/Yalan-So\u0308yler1.jpg\",\"contentUrl\":\"https:\/\/annelertoplandik.com\/blog\/wp-content\/uploads\/2020\/09\/Yalan-So\u0308yler1.jpg\",\"width\":948,\"height\":632,\"caption\":\"Yalan so\u0308yler\"},{\"@type\":\"BreadcrumbList\",\"@id\":\"https:\/\/annelertoplandik.com\/blog\/cocuklar-neden-yalan-soyler\/#breadcrumb\",\"itemListElement\":[{\"@type\":\"ListItem\",\"position\":1,\"name\":\"Ana sayfa\",\"item\":\"https:\/\/annelertoplandik.com\/blog\/\"},{\"@type\":\"ListItem\",\"position\":2,\"name\":\"\u00c7ocuklar Neden Yalan S\u00f6yler?\"}]},{\"@type\":\"WebSite\",\"@id\":\"https:\/\/annelertoplandik.com\/blog\/#website\",\"url\":\"https:\/\/annelertoplandik.com\/blog\/\",\"name\":\"Anneler Topland\u0131k\",\"description\":\"Annelerin sanal payla\u015f\u0131m merkezi\",\"publisher\":{\"@id\":\"https:\/\/annelertoplandik.com\/blog\/#\/schema\/person\/1fe572fbbce7ca9b1429e03f3fc0d0a8\"},\"potentialAction\":[{\"@type\":\"SearchAction\",\"target\":{\"@type\":\"EntryPoint\",\"urlTemplate\":\"https:\/\/annelertoplandik.com\/blog\/?s={search_term_string}\"},\"query-input\":{\"@type\":\"PropertyValueSpecification\",\"valueRequired\":true,\"valueName\":\"search_term_string\"}}],\"inLanguage\":\"tr\"},{\"@type\":[\"Person\",\"Organization\"],\"@id\":\"https:\/\/annelertoplandik.com\/blog\/#\/schema\/person\/1fe572fbbce7ca9b1429e03f3fc0d0a8\",\"name\":\"Admin\",\"image\":{\"@type\":\"ImageObject\",\"inLanguage\":\"tr\",\"@id\":\"https:\/\/annelertoplandik.com\/blog\/#\/schema\/person\/image\/\",\"url\":\"https:\/\/annelertoplandik.com\/blog\/wp-content\/litespeed\/avatar\/b11040300c1fe933a5185741d40560b6.jpg?ver=1777637939\",\"contentUrl\":\"https:\/\/annelertoplandik.com\/blog\/wp-content\/litespeed\/avatar\/b11040300c1fe933a5185741d40560b6.jpg?ver=1777637939\",\"caption\":\"Admin\"},\"logo\":{\"@id\":\"https:\/\/annelertoplandik.com\/blog\/#\/schema\/person\/image\/\"}},{\"@type\":\"Person\",\"@id\":\"https:\/\/annelertoplandik.com\/blog\/#\/schema\/person\/ed8c4b2b366e8fe17908065956b863be\",\"name\":\"Site varsay\u0131lan\u0131\",\"image\":{\"@type\":\"ImageObject\",\"inLanguage\":\"tr\",\"@id\":\"https:\/\/annelertoplandik.com\/blog\/#\/schema\/person\/image\/\",\"url\":\"https:\/\/annelertoplandik.com\/blog\/wp-content\/litespeed\/avatar\/c00c7d963bfc23c3840923d93a738b4c.jpg?ver=1777637938\",\"contentUrl\":\"https:\/\/annelertoplandik.com\/blog\/wp-content\/litespeed\/avatar\/c00c7d963bfc23c3840923d93a738b4c.jpg?ver=1777637938\",\"caption\":\"Site varsay\u0131lan\u0131\"}}]}<\/script>\n<!-- \/ Yoast SEO plugin. -->","yoast_head_json":{"title":"\u00c7ocuklar Neden Yalan S\u00f6yler? | Anneler Topland\u0131k","description":"\u00c7o\u011fu \u00e7ocuk bir noktada yalan s\u00f6yler, ancak \u00e7ocu\u011funuzun yalan s\u00f6yledi\u011fini ilk duydu\u011funuzda bu sizin i\u00e7in s\u00fcrpriz olabilir.","robots":{"index":"index","follow":"follow","max-snippet":"max-snippet:-1","max-image-preview":"max-image-preview:large","max-video-preview":"max-video-preview:-1"},"canonical":"https:\/\/annelertoplandik.com\/blog\/cocuklar-neden-yalan-soyler\/","og_locale":"tr_TR","og_type":"article","og_title":"\u00c7ocuklar Neden Yalan S\u00f6yler? | Anneler Topland\u0131k","og_description":"\u00c7o\u011fu \u00e7ocuk bir noktada yalan s\u00f6yler, ancak \u00e7ocu\u011funuzun yalan s\u00f6yledi\u011fini ilk duydu\u011funuzda bu sizin i\u00e7in s\u00fcrpriz olabilir.","og_url":"https:\/\/annelertoplandik.com\/blog\/cocuklar-neden-yalan-soyler\/","og_site_name":"Anneler Topland\u0131k","article_published_time":"2023-07-09T17:15:00+00:00","og_image":[{"width":948,"height":632,"url":"https:\/\/annelertoplandik.com\/blog\/wp-content\/uploads\/2020\/09\/Yalan-So\u0308yler1.jpg","type":"image\/jpeg"}],"author":"Site varsay\u0131lan\u0131","twitter_card":"summary_large_image","twitter_misc":{"Yazan:":"Site varsay\u0131lan\u0131","Tahmini okuma s\u00fcresi":"4 dakika"},"schema":{"@context":"https:\/\/schema.org","@graph":[{"@type":"Article","@id":"https:\/\/annelertoplandik.com\/blog\/cocuklar-neden-yalan-soyler\/#article","isPartOf":{"@id":"https:\/\/annelertoplandik.com\/blog\/cocuklar-neden-yalan-soyler\/"},"author":{"name":"Site varsay\u0131lan\u0131","@id":"https:\/\/annelertoplandik.com\/blog\/#\/schema\/person\/ed8c4b2b366e8fe17908065956b863be"},"headline":"\u00c7ocuklar Neden Yalan S\u00f6yler?","datePublished":"2023-07-09T17:15:00+00:00","mainEntityOfPage":{"@id":"https:\/\/annelertoplandik.com\/blog\/cocuklar-neden-yalan-soyler\/"},"wordCount":771,"commentCount":0,"publisher":{"@id":"https:\/\/annelertoplandik.com\/blog\/#\/schema\/person\/1fe572fbbce7ca9b1429e03f3fc0d0a8"},"image":{"@id":"https:\/\/annelertoplandik.com\/blog\/cocuklar-neden-yalan-soyler\/#primaryimage"},"thumbnailUrl":"https:\/\/annelertoplandik.com\/blog\/wp-content\/uploads\/2020\/09\/Yalan-So\u0308yler1.jpg","articleSection":["\u00c7ocuk Geli\u015fimi"],"inLanguage":"tr","potentialAction":[{"@type":"CommentAction","name":"Comment","target":["https:\/\/annelertoplandik.com\/blog\/cocuklar-neden-yalan-soyler\/#respond"]}]},{"@type":"WebPage","@id":"https:\/\/annelertoplandik.com\/blog\/cocuklar-neden-yalan-soyler\/","url":"https:\/\/annelertoplandik.com\/blog\/cocuklar-neden-yalan-soyler\/","name":"\u00c7ocuklar Neden Yalan S\u00f6yler? | Anneler Topland\u0131k","isPartOf":{"@id":"https:\/\/annelertoplandik.com\/blog\/#website"},"primaryImageOfPage":{"@id":"https:\/\/annelertoplandik.com\/blog\/cocuklar-neden-yalan-soyler\/#primaryimage"},"image":{"@id":"https:\/\/annelertoplandik.com\/blog\/cocuklar-neden-yalan-soyler\/#primaryimage"},"thumbnailUrl":"https:\/\/annelertoplandik.com\/blog\/wp-content\/uploads\/2020\/09\/Yalan-So\u0308yler1.jpg","datePublished":"2023-07-09T17:15:00+00:00","description":"\u00c7o\u011fu \u00e7ocuk bir noktada yalan s\u00f6yler, ancak \u00e7ocu\u011funuzun yalan s\u00f6yledi\u011fini ilk duydu\u011funuzda bu sizin i\u00e7in s\u00fcrpriz olabilir.","breadcrumb":{"@id":"https:\/\/annelertoplandik.com\/blog\/cocuklar-neden-yalan-soyler\/#breadcrumb"},"inLanguage":"tr","potentialAction":[{"@type":"ReadAction","target":["https:\/\/annelertoplandik.com\/blog\/cocuklar-neden-yalan-soyler\/"]}]},{"@type":"ImageObject","inLanguage":"tr","@id":"https:\/\/annelertoplandik.com\/blog\/cocuklar-neden-yalan-soyler\/#primaryimage","url":"https:\/\/annelertoplandik.com\/blog\/wp-content\/uploads\/2020\/09\/Yalan-So\u0308yler1.jpg","contentUrl":"https:\/\/annelertoplandik.com\/blog\/wp-content\/uploads\/2020\/09\/Yalan-So\u0308yler1.jpg","width":948,"height":632,"caption":"Yalan so\u0308yler"},{"@type":"BreadcrumbList","@id":"https:\/\/annelertoplandik.com\/blog\/cocuklar-neden-yalan-soyler\/#breadcrumb","itemListElement":[{"@type":"ListItem","position":1,"name":"Ana sayfa","item":"https:\/\/annelertoplandik.com\/blog\/"},{"@type":"ListItem","position":2,"name":"\u00c7ocuklar Neden Yalan S\u00f6yler?"}]},{"@type":"WebSite","@id":"https:\/\/annelertoplandik.com\/blog\/#website","url":"https:\/\/annelertoplandik.com\/blog\/","name":"Anneler Topland\u0131k","description":"Annelerin sanal payla\u015f\u0131m merkezi","publisher":{"@id":"https:\/\/annelertoplandik.com\/blog\/#\/schema\/person\/1fe572fbbce7ca9b1429e03f3fc0d0a8"},"potentialAction":[{"@type":"SearchAction","target":{"@type":"EntryPoint","urlTemplate":"https:\/\/annelertoplandik.com\/blog\/?s={search_term_string}"},"query-input":{"@type":"PropertyValueSpecification","valueRequired":true,"valueName":"search_term_string"}}],"inLanguage":"tr"},{"@type":["Person","Organization"],"@id":"https:\/\/annelertoplandik.com\/blog\/#\/schema\/person\/1fe572fbbce7ca9b1429e03f3fc0d0a8","name":"Admin","image":{"@type":"ImageObject","inLanguage":"tr","@id":"https:\/\/annelertoplandik.com\/blog\/#\/schema\/person\/image\/","url":"https:\/\/annelertoplandik.com\/blog\/wp-content\/litespeed\/avatar\/b11040300c1fe933a5185741d40560b6.jpg?ver=1777637939","contentUrl":"https:\/\/annelertoplandik.com\/blog\/wp-content\/litespeed\/avatar\/b11040300c1fe933a5185741d40560b6.jpg?ver=1777637939","caption":"Admin"},"logo":{"@id":"https:\/\/annelertoplandik.com\/blog\/#\/schema\/person\/image\/"}},{"@type":"Person","@id":"https:\/\/annelertoplandik.com\/blog\/#\/schema\/person\/ed8c4b2b366e8fe17908065956b863be","name":"Site varsay\u0131lan\u0131","image":{"@type":"ImageObject","inLanguage":"tr","@id":"https:\/\/annelertoplandik.com\/blog\/#\/schema\/person\/image\/","url":"https:\/\/annelertoplandik.com\/blog\/wp-content\/litespeed\/avatar\/c00c7d963bfc23c3840923d93a738b4c.jpg?ver=1777637938","contentUrl":"https:\/\/annelertoplandik.com\/blog\/wp-content\/litespeed\/avatar\/c00c7d963bfc23c3840923d93a738b4c.jpg?ver=1777637938","caption":"Site varsay\u0131lan\u0131"}}]}},"amp_enabled":true,"_links":{"self":[{"href":"https:\/\/annelertoplandik.com\/blog\/wp-json\/wp\/v2\/posts\/2986"}],"collection":[{"href":"https:\/\/annelertoplandik.com\/blog\/wp-json\/wp\/v2\/posts"}],"about":[{"href":"https:\/\/annelertoplandik.com\/blog\/wp-json\/wp\/v2\/types\/post"}],"author":[{"embeddable":true,"href":"https:\/\/annelertoplandik.com\/blog\/wp-json\/wp\/v2\/users\/7"}],"replies":[{"embeddable":true,"href":"https:\/\/annelertoplandik.com\/blog\/wp-json\/wp\/v2\/comments?post=2986"}],"version-history":[{"count":0,"href":"https:\/\/annelertoplandik.com\/blog\/wp-json\/wp\/v2\/posts\/2986\/revisions"}],"wp:featuredmedia":[{"embeddable":true,"href":"https:\/\/annelertoplandik.com\/blog\/wp-json\/wp\/v2\/media\/2988"}],"wp:attachment":[{"href":"https:\/\/annelertoplandik.com\/blog\/wp-json\/wp\/v2\/media?parent=2986"}],"wp:term":[{"taxonomy":"category","embeddable":true,"href":"https:\/\/annelertoplandik.com\/blog\/wp-json\/wp\/v2\/categories?post=2986"},{"taxonomy":"post_tag","embeddable":true,"href":"https:\/\/annelertoplandik.com\/blog\/wp-json\/wp\/v2\/tags?post=2986"}],"curies":[{"name":"wp","href":"https:\/\/api.w.org\/{rel}","templated":true}]}}