{"id":3431,"date":"2020-12-07T11:26:00","date_gmt":"2020-12-07T08:26:00","guid":{"rendered":"https:\/\/annelertoplandik.com\/blog\/?p=3431"},"modified":"2020-12-10T11:31:11","modified_gmt":"2020-12-10T08:31:11","slug":"cocuklarda-dil-ve-konusma-terapisi","status":"publish","type":"post","link":"https:\/\/annelertoplandik.com\/blog\/cocuklarda-dil-ve-konusma-terapisi\/","title":{"rendered":"\u00c7ocuklarda Dil ve Konu\u015fma Terapisi"},"content":{"rendered":"\n<p>\u00c7ocuklarda dil ve konu\u015fma terapisi, ileti\u015fim sorunlar\u0131 ve konu\u015fma bozukluklar\u0131n\u0131n de\u011ferlendirilmesi ve tedavisidir.&nbsp;Genellikle konu\u015fma terapistleri olarak adland\u0131r\u0131lan konu\u015fma dili patologlar\u0131 (SLP&#8217;ler) taraf\u0131ndan ger\u00e7ekle\u015ftirilir.<\/p>\n\n\n\n<p>\u0130leti\u015fimi geli\u015ftirmek i\u00e7in konu\u015fma terapisi teknikleri kullan\u0131l\u0131r.&nbsp;Bunlar, konu\u015fma veya&nbsp;dil bozuklu\u011funun&nbsp;t\u00fcr\u00fcne ba\u011fl\u0131 olarak artik\u00fclasyon terapisini, dil m\u00fcdahale aktivitelerini ve di\u011ferlerini i\u00e7erir.<\/p>\n\n\n\n<p>Konu\u015fma veya dil bozukluklar\u0131, \u00e7ocukluk \u00e7a\u011f\u0131nda en s\u0131k g\u00f6r\u00fclen geli\u015fimsel zorluklar aras\u0131ndad\u0131r.&nbsp;Bu t\u00fcr zorluklar, bilinen etiyolojileri yoksa &#8216;birincil&#8217;, otizm, i\u015fitme bozuklu\u011fu, genel geli\u015fim zorluklar\u0131, davran\u0131\u015fsal veya duygusal zorluklar veya n\u00f6rolojik bozukluklar gibi ba\u015fka bir durumdan kaynaklan\u0131yorsa &#8216;ikincil&#8217; olarak adland\u0131r\u0131l\u0131r&nbsp;<\/p>\n\n\n\n<h2 class=\"wp-block-heading\"><strong>Konu\u015fma bozukluklar\u0131 nelerdir?<\/strong><\/h2>\n\n\n\n<p>Konu\u015fma bozuklu\u011fu, ses \u00e7\u0131karmayla ilgili bir sorunu ifade eder.&nbsp;Konu\u015fma bozukluklar\u0131 \u015funlard\u0131r:<\/p>\n\n\n\n<ul><li><strong>Artik\u00fclasyon bozukluklar\u0131:<\/strong>&nbsp;Bunlar, hecelerde ses \u00e7\u0131karma veya dinleyicilerin ne s\u00f6ylendi\u011fini anlayamayacak kadar kelimeleri yanl\u0131\u015f s\u00f6yleme ile ilgili problemlerdir.<\/li><li><strong>Ak\u0131c\u0131l\u0131k bozukluklar\u0131:<\/strong>&nbsp;Bunlar, konu\u015fma ak\u0131\u015f\u0131n\u0131n al\u0131\u015f\u0131lmad\u0131k durmalar, k\u0131smi kelime tekrarlar\u0131 (&#8220;bb-boy&#8221;) veya uzayan sesler ve heceler (sssss) ile kesintiye u\u011frad\u0131\u011f\u0131&nbsp;kekemelik&nbsp;gibi sorunlar\u0131 i\u00e7erir.<\/li><li><strong>Ses bozukluklar\u0131:<\/strong>&nbsp;Bunlar, dinleyicileri s\u00f6ylenenden uzakla\u015ft\u0131ran ses perdesi, ses seviyesi veya kalitesiyle ilgili problemlerdir.&nbsp;Bu t\u00fcr bozukluklar, konu\u015furken \u00e7ocukta a\u011fr\u0131 veya rahats\u0131zl\u0131\u011fa da neden olabilir.<\/li><\/ul>\n\n\n\n<h3 class=\"wp-block-heading\">&nbsp;<\/h3>\n\n\n\n<h2 class=\"wp-block-heading\"><strong>Dil bozukluklar\u0131 nelerdir?<\/strong><\/h2>\n\n\n\n<p>Dil bozuklu\u011fu, fikirleri iletmek i\u00e7in kelimeleri anlama veya bir araya getirme sorununu ifade eder.<\/p>\n\n\n\n<ul><li>Al\u0131c\u0131 bozukluklar, dili anlama veya&nbsp;i\u015flemeyle&nbsp;ilgili sorunlard\u0131r.<\/li><li>\u0130fade bozukluklar\u0131, kelimeleri bir araya getirme, s\u0131n\u0131rl\u0131 bir kelime da\u011farc\u0131\u011f\u0131na sahip olma veya dili sosyal olarak uygun bir \u015fekilde kullanamama ile ilgili problemlerdir.<\/li><li>Bili\u015fsel ileti\u015fim bozukluklar\u0131, haf\u0131za, dikkat, alg\u0131lama, organizasyon, d\u00fczenleme ve problem \u00e7\u00f6zmeyi i\u00e7eren ileti\u015fim becerileri ile ilgili problemlerdir.<\/li><\/ul>\n\n\n\n<h3 class=\"wp-block-heading\">&nbsp;<\/h3>\n\n\n\n<h2 class=\"wp-block-heading\"><strong>Hangi \u00e7ocuklar\u0131n konu\u015fma ve dil terapisine ihtiyac\u0131 vard\u0131r?<\/strong><\/h2>\n\n\n\n<figure class=\"wp-block-image size-large\"><img loading=\"lazy\" decoding=\"async\" width=\"900\" height=\"600\" src=\"https:\/\/annelertoplandik.com\/blog\/wp-content\/uploads\/2020\/12\/C\u0327ocuklarda-Dil-ve-Konus\u0327ma-Terapisi1.jpg\" alt=\"\u00c7ocuklarda dil ve konu\u015fma terapisi\" class=\"wp-image-3432\" srcset=\"https:\/\/annelertoplandik.com\/blog\/wp-content\/uploads\/2020\/12\/C\u0327ocuklarda-Dil-ve-Konus\u0327ma-Terapisi1.jpg 900w, https:\/\/annelertoplandik.com\/blog\/wp-content\/uploads\/2020\/12\/C\u0327ocuklarda-Dil-ve-Konus\u0327ma-Terapisi1-300x200.jpg 300w, https:\/\/annelertoplandik.com\/blog\/wp-content\/uploads\/2020\/12\/C\u0327ocuklarda-Dil-ve-Konus\u0327ma-Terapisi1-768x512.jpg 768w, https:\/\/annelertoplandik.com\/blog\/wp-content\/uploads\/2020\/12\/C\u0327ocuklarda-Dil-ve-Konus\u0327ma-Terapisi1-696x464.jpg 696w, https:\/\/annelertoplandik.com\/blog\/wp-content\/uploads\/2020\/12\/C\u0327ocuklarda-Dil-ve-Konus\u0327ma-Terapisi1-630x420.jpg 630w\" sizes=\"(max-width: 900px) 100vw, 900px\" \/><\/figure>\n\n\n\n<p>\u00c7ocuklar, a\u015fa\u011f\u0131daki nedenden dolay\u0131 konu\u015fma dili terapisine ihtiya\u00e7 duyabilir:<\/p>\n\n\n\n<ul><li>\u0130\u015fitme bozukluklar\u0131<\/li><li>Bili\u015fsel (d\u00fc\u015f\u00fcnme) veya di\u011fer geli\u015fimsel gecikmeler<\/li><li>Zay\u0131f a\u011f\u0131z kaslar\u0131<\/li><li>Kronik\u00a0ses k\u0131s\u0131kl\u0131\u011f\u0131<\/li><li>Yar\u0131k dudak veya yar\u0131k damak<\/li><li>Otizm<\/li><li>Artik\u00fclasyon sorunlar\u0131<\/li><li>Ak\u0131c\u0131l\u0131k bozukluklar\u0131<\/li><li><a href=\"https:\/\/annelertoplandik.com\/blog\/cocuklarda-kuru-oksuruk-nasil-tedavi-edilir\/\" class=\"rank-math-link\">Solunum<\/a> problemleri (solunum bozukluklar\u0131)<\/li><li>Beslenme ve yutma bozukluklar\u0131<\/li><li>Travmatik beyin hasar\u0131<\/li><\/ul>\n\n\n\n<p>Tedavi m\u00fcmk\u00fcn olan en k\u0131sa s\u00fcrede ba\u015flamal\u0131d\u0131r.&nbsp;Tedaviye erken ba\u015flayan \u00e7ocuklar (5 ya\u015f\u0131ndan \u00f6nce), daha sonra ba\u015flayanlardan daha iyi sonu\u00e7 alma e\u011filimindedir.<\/p>\n\n\n\n<p>Bu, daha b\u00fcy\u00fck \u00e7ocuklar\u0131n terapide ba\u015far\u0131l\u0131 olmayaca\u011f\u0131 anlam\u0131na gelmez.&nbsp;Yine de ilerlemeleri daha yava\u015f olabilir \u00e7\u00fcnk\u00fc de\u011fi\u015ftirilmesi gereken kal\u0131plar\u0131 \u00f6nceden \u00f6\u011frenmi\u015flerdir.<\/p>\n\n\n\n<h2 class=\"wp-block-heading\"><strong>\u00c7ocuklarda dil ve konu\u015fma terapisi kim taraf\u0131ndan verilir?<\/strong><\/h2>\n\n\n\n<p>Genellikle konu\u015fma terapistleri olarak adland\u0131r\u0131lan konu\u015fma dili patologlar\u0131 (SLP&#8217;ler), insan ileti\u015fimi, geli\u015fimi ve bozukluklar\u0131 konusunda e\u011fitim al\u0131rlar.&nbsp;SLP&#8217;ler konu\u015fma, dil, bili\u015fsel ileti\u015fim ve s\u00f6zl\u00fc \/ besleme \/ yutma becerilerini de\u011ferlendirir.&nbsp;Bu durum, bir sorunu tespit ve tedavi etmenin en iyi yolunu belirlemelerine olanak tan\u0131r.<\/p>\n\n\n\n<h2 class=\"wp-block-heading\"><strong>Dil ve konu\u015fma terapisti ne yapar?<\/strong><\/h2>\n\n\n\n<p>Konu\u015fma, dil ve ileti\u015fim sorunlar\u0131, yeme ve yutma sorunlar\u0131 olan ki\u015filere yard\u0131m eder.\u00a0Genellikle <a href=\"https:\/\/annelertoplandik.com\/blog\/cocuklarda-boy-kilo-endeksi-nasil-olmali\/\" class=\"rank-math-link\">\u00e7ocuklar<\/a> ve yeti\u015fkinler i\u00e7in ayr\u0131 hizmetleri vard\u0131r.\u00a0Genellikle\u00a0fel\u00e7\u00a0veya kafa travmas\u0131\u00a0ge\u00e7iren insanlar\u0131 desteklerler\u00a0ve ayr\u0131ca kanser, sa\u011f\u0131rl\u0131k, demans, kekemelik veya \u00e7i\u011fneme, konu\u015fma veya yutma g\u00fc\u00e7l\u00fc\u011f\u00fc olan ki\u015filerle de \u00e7al\u0131\u015fabilirler.\u00a0Problemleri \u00f6nce g\u00f6zlem yaparak, sizinle konu\u015farak veya ilgili testleri kullanarak de\u011ferlendireceklerdir.\u00a0Terapist daha sonra ihtiya\u00e7lar\u0131n\u0131za uygun bir tedavi plan\u0131 haz\u0131rlayacakt\u0131r.\u00a0Bu faaliyetler, al\u0131\u015ft\u0131rmalar ve yard\u0131mc\u0131 olacak stratejilerin kullan\u0131m\u0131n\u0131 i\u00e7erebilir.\u00a0Hastaneden ayr\u0131ld\u0131ktan sonra, terapist gerekirse tedavinin devam edebilmesi i\u00e7in sizi toplumdaki di\u011fer terapistlere y\u00f6nlendirir. Gerekirse ileti\u015fim yeteneklerini geli\u015ftirmek i\u00e7in i\u015fitme de\u011ferlendirmeleri veya yard\u0131mc\u0131 teknoloji gibi di\u011fer ilgili hizmetlerle ba\u011flant\u0131 kurar. Dil geli\u015fimini ve okul m\u00fcfredat\u0131n\u0131 desteklemek i\u00e7in uygun olan yerlerde \u00f6\u011fretmenlerle ba\u011flant\u0131 sa\u011flar.<\/p>\n","protected":false},"excerpt":{"rendered":"<p>\u00c7ocuklarda dil ve konu\u015fma terapisi, ileti\u015fim sorunlar\u0131 ve konu\u015fma bozukluklar\u0131n\u0131n de\u011ferlendirilmesi ve tedavisidir.&nbsp;Genellikle konu\u015fma terapistleri olarak adland\u0131r\u0131lan konu\u015fma dili patologlar\u0131 (SLP&#8217;ler) taraf\u0131ndan ger\u00e7ekle\u015ftirilir. \u0130leti\u015fimi geli\u015ftirmek i\u00e7in konu\u015fma terapisi teknikleri kullan\u0131l\u0131r.&nbsp;Bunlar, konu\u015fma veya&nbsp;dil bozuklu\u011funun&nbsp;t\u00fcr\u00fcne ba\u011fl\u0131 olarak artik\u00fclasyon terapisini, dil m\u00fcdahale aktivitelerini ve di\u011ferlerini i\u00e7erir. Konu\u015fma veya dil bozukluklar\u0131, \u00e7ocukluk \u00e7a\u011f\u0131nda en s\u0131k g\u00f6r\u00fclen geli\u015fimsel zorluklar aras\u0131ndad\u0131r.&nbsp;Bu [&hellip;]<\/p>\n","protected":false},"author":1,"featured_media":3433,"comment_status":"open","ping_status":"open","sticky":false,"template":"","format":"standard","meta":{"tdm_status":"","tdm_grid_status":"","footnotes":""},"categories":[50],"tags":[],"yoast_head":"<!-- This site is optimized with the Yoast SEO plugin v24.5 - https:\/\/yoast.com\/wordpress\/plugins\/seo\/ -->\n<title>\u00c7ocuklarda Dil ve Konu\u015fma Terapisi | Anneler Topland\u0131k<\/title>\n<meta name=\"robots\" content=\"index, follow, max-snippet:-1, max-image-preview:large, max-video-preview:-1\" \/>\n<link rel=\"canonical\" href=\"https:\/\/annelertoplandik.com\/blog\/cocuklarda-dil-ve-konusma-terapisi\/\" \/>\n<meta property=\"og:locale\" content=\"tr_TR\" \/>\n<meta property=\"og:type\" content=\"article\" \/>\n<meta property=\"og:title\" content=\"\u00c7ocuklarda Dil ve Konu\u015fma Terapisi | Anneler Topland\u0131k\" \/>\n<meta property=\"og:description\" content=\"\u00c7ocuklarda dil ve konu\u015fma terapisi, ileti\u015fim sorunlar\u0131 ve konu\u015fma bozukluklar\u0131n\u0131n de\u011ferlendirilmesi ve tedavisidir.&nbsp;Genellikle konu\u015fma terapistleri olarak adland\u0131r\u0131lan konu\u015fma dili patologlar\u0131 (SLP&#8217;ler) taraf\u0131ndan ger\u00e7ekle\u015ftirilir. \u0130leti\u015fimi geli\u015ftirmek i\u00e7in konu\u015fma terapisi teknikleri kullan\u0131l\u0131r.&nbsp;Bunlar, konu\u015fma veya&nbsp;dil bozuklu\u011funun&nbsp;t\u00fcr\u00fcne ba\u011fl\u0131 olarak artik\u00fclasyon terapisini, dil m\u00fcdahale aktivitelerini ve di\u011ferlerini i\u00e7erir. Konu\u015fma veya dil bozukluklar\u0131, \u00e7ocukluk \u00e7a\u011f\u0131nda en s\u0131k g\u00f6r\u00fclen geli\u015fimsel zorluklar aras\u0131ndad\u0131r.&nbsp;Bu [&hellip;]\" \/>\n<meta property=\"og:url\" content=\"https:\/\/annelertoplandik.com\/blog\/cocuklarda-dil-ve-konusma-terapisi\/\" \/>\n<meta property=\"og:site_name\" content=\"Anneler Topland\u0131k\" \/>\n<meta property=\"article:published_time\" content=\"2020-12-07T08:26:00+00:00\" \/>\n<meta property=\"article:modified_time\" content=\"2020-12-10T08:31:11+00:00\" \/>\n<meta property=\"og:image\" content=\"https:\/\/annelertoplandik.com\/blog\/wp-content\/uploads\/2020\/12\/C\u0327ocuklarda-Dil-ve-Konus\u0327ma-Terapisi.jpg\" \/>\n\t<meta property=\"og:image:width\" content=\"1600\" \/>\n\t<meta property=\"og:image:height\" content=\"1067\" \/>\n\t<meta property=\"og:image:type\" content=\"image\/jpeg\" \/>\n<meta name=\"author\" content=\"Admin\" \/>\n<meta name=\"twitter:card\" content=\"summary_large_image\" \/>\n<meta name=\"twitter:label1\" content=\"Yazan:\" \/>\n\t<meta name=\"twitter:data1\" content=\"Admin\" \/>\n\t<meta name=\"twitter:label2\" content=\"Tahmini okuma s\u00fcresi\" \/>\n\t<meta name=\"twitter:data2\" content=\"4 dakika\" \/>\n<script type=\"application\/ld+json\" class=\"yoast-schema-graph\">{\"@context\":\"https:\/\/schema.org\",\"@graph\":[{\"@type\":\"Article\",\"@id\":\"https:\/\/annelertoplandik.com\/blog\/cocuklarda-dil-ve-konusma-terapisi\/#article\",\"isPartOf\":{\"@id\":\"https:\/\/annelertoplandik.com\/blog\/cocuklarda-dil-ve-konusma-terapisi\/\"},\"author\":{\"name\":\"Admin\",\"@id\":\"https:\/\/annelertoplandik.com\/blog\/#\/schema\/person\/1fe572fbbce7ca9b1429e03f3fc0d0a8\"},\"headline\":\"\u00c7ocuklarda Dil ve Konu\u015fma Terapisi\",\"datePublished\":\"2020-12-07T08:26:00+00:00\",\"dateModified\":\"2020-12-10T08:31:11+00:00\",\"mainEntityOfPage\":{\"@id\":\"https:\/\/annelertoplandik.com\/blog\/cocuklarda-dil-ve-konusma-terapisi\/\"},\"wordCount\":726,\"commentCount\":0,\"publisher\":{\"@id\":\"https:\/\/annelertoplandik.com\/blog\/#\/schema\/person\/1fe572fbbce7ca9b1429e03f3fc0d0a8\"},\"image\":{\"@id\":\"https:\/\/annelertoplandik.com\/blog\/cocuklarda-dil-ve-konusma-terapisi\/#primaryimage\"},\"thumbnailUrl\":\"https:\/\/annelertoplandik.com\/blog\/wp-content\/uploads\/2020\/12\/C\u0327ocuklarda-Dil-ve-Konus\u0327ma-Terapisi.jpg\",\"articleSection\":[\"\u00c7ocuk Geli\u015fimi\"],\"inLanguage\":\"tr\",\"potentialAction\":[{\"@type\":\"CommentAction\",\"name\":\"Comment\",\"target\":[\"https:\/\/annelertoplandik.com\/blog\/cocuklarda-dil-ve-konusma-terapisi\/#respond\"]}]},{\"@type\":\"WebPage\",\"@id\":\"https:\/\/annelertoplandik.com\/blog\/cocuklarda-dil-ve-konusma-terapisi\/\",\"url\":\"https:\/\/annelertoplandik.com\/blog\/cocuklarda-dil-ve-konusma-terapisi\/\",\"name\":\"\u00c7ocuklarda Dil ve Konu\u015fma Terapisi | Anneler Topland\u0131k\",\"isPartOf\":{\"@id\":\"https:\/\/annelertoplandik.com\/blog\/#website\"},\"primaryImageOfPage\":{\"@id\":\"https:\/\/annelertoplandik.com\/blog\/cocuklarda-dil-ve-konusma-terapisi\/#primaryimage\"},\"image\":{\"@id\":\"https:\/\/annelertoplandik.com\/blog\/cocuklarda-dil-ve-konusma-terapisi\/#primaryimage\"},\"thumbnailUrl\":\"https:\/\/annelertoplandik.com\/blog\/wp-content\/uploads\/2020\/12\/C\u0327ocuklarda-Dil-ve-Konus\u0327ma-Terapisi.jpg\",\"datePublished\":\"2020-12-07T08:26:00+00:00\",\"dateModified\":\"2020-12-10T08:31:11+00:00\",\"breadcrumb\":{\"@id\":\"https:\/\/annelertoplandik.com\/blog\/cocuklarda-dil-ve-konusma-terapisi\/#breadcrumb\"},\"inLanguage\":\"tr\",\"potentialAction\":[{\"@type\":\"ReadAction\",\"target\":[\"https:\/\/annelertoplandik.com\/blog\/cocuklarda-dil-ve-konusma-terapisi\/\"]}]},{\"@type\":\"ImageObject\",\"inLanguage\":\"tr\",\"@id\":\"https:\/\/annelertoplandik.com\/blog\/cocuklarda-dil-ve-konusma-terapisi\/#primaryimage\",\"url\":\"https:\/\/annelertoplandik.com\/blog\/wp-content\/uploads\/2020\/12\/C\u0327ocuklarda-Dil-ve-Konus\u0327ma-Terapisi.jpg\",\"contentUrl\":\"https:\/\/annelertoplandik.com\/blog\/wp-content\/uploads\/2020\/12\/C\u0327ocuklarda-Dil-ve-Konus\u0327ma-Terapisi.jpg\",\"width\":1600,\"height\":1067,\"caption\":\"\u00c7ocuklarda dil ve konu\u015fma terapisi\"},{\"@type\":\"BreadcrumbList\",\"@id\":\"https:\/\/annelertoplandik.com\/blog\/cocuklarda-dil-ve-konusma-terapisi\/#breadcrumb\",\"itemListElement\":[{\"@type\":\"ListItem\",\"position\":1,\"name\":\"Ana sayfa\",\"item\":\"https:\/\/annelertoplandik.com\/blog\/\"},{\"@type\":\"ListItem\",\"position\":2,\"name\":\"\u00c7ocuklarda Dil ve Konu\u015fma Terapisi\"}]},{\"@type\":\"WebSite\",\"@id\":\"https:\/\/annelertoplandik.com\/blog\/#website\",\"url\":\"https:\/\/annelertoplandik.com\/blog\/\",\"name\":\"Anneler Topland\u0131k\",\"description\":\"Annelerin sanal payla\u015f\u0131m merkezi\",\"publisher\":{\"@id\":\"https:\/\/annelertoplandik.com\/blog\/#\/schema\/person\/1fe572fbbce7ca9b1429e03f3fc0d0a8\"},\"potentialAction\":[{\"@type\":\"SearchAction\",\"target\":{\"@type\":\"EntryPoint\",\"urlTemplate\":\"https:\/\/annelertoplandik.com\/blog\/?s={search_term_string}\"},\"query-input\":{\"@type\":\"PropertyValueSpecification\",\"valueRequired\":true,\"valueName\":\"search_term_string\"}}],\"inLanguage\":\"tr\"},{\"@type\":[\"Person\",\"Organization\"],\"@id\":\"https:\/\/annelertoplandik.com\/blog\/#\/schema\/person\/1fe572fbbce7ca9b1429e03f3fc0d0a8\",\"name\":\"Admin\",\"image\":{\"@type\":\"ImageObject\",\"inLanguage\":\"tr\",\"@id\":\"https:\/\/annelertoplandik.com\/blog\/#\/schema\/person\/image\/\",\"url\":\"https:\/\/annelertoplandik.com\/blog\/wp-content\/litespeed\/avatar\/b11040300c1fe933a5185741d40560b6.jpg?ver=1777032257\",\"contentUrl\":\"https:\/\/annelertoplandik.com\/blog\/wp-content\/litespeed\/avatar\/b11040300c1fe933a5185741d40560b6.jpg?ver=1777032257\",\"caption\":\"Admin\"},\"logo\":{\"@id\":\"https:\/\/annelertoplandik.com\/blog\/#\/schema\/person\/image\/\"}}]}<\/script>\n<!-- \/ Yoast SEO plugin. -->","yoast_head_json":{"title":"\u00c7ocuklarda Dil ve Konu\u015fma Terapisi | Anneler Topland\u0131k","robots":{"index":"index","follow":"follow","max-snippet":"max-snippet:-1","max-image-preview":"max-image-preview:large","max-video-preview":"max-video-preview:-1"},"canonical":"https:\/\/annelertoplandik.com\/blog\/cocuklarda-dil-ve-konusma-terapisi\/","og_locale":"tr_TR","og_type":"article","og_title":"\u00c7ocuklarda Dil ve Konu\u015fma Terapisi | Anneler Topland\u0131k","og_description":"\u00c7ocuklarda dil ve konu\u015fma terapisi, ileti\u015fim sorunlar\u0131 ve konu\u015fma bozukluklar\u0131n\u0131n de\u011ferlendirilmesi ve tedavisidir.&nbsp;Genellikle konu\u015fma terapistleri olarak adland\u0131r\u0131lan konu\u015fma dili patologlar\u0131 (SLP&#8217;ler) taraf\u0131ndan ger\u00e7ekle\u015ftirilir. \u0130leti\u015fimi geli\u015ftirmek i\u00e7in konu\u015fma terapisi teknikleri kullan\u0131l\u0131r.&nbsp;Bunlar, konu\u015fma veya&nbsp;dil bozuklu\u011funun&nbsp;t\u00fcr\u00fcne ba\u011fl\u0131 olarak artik\u00fclasyon terapisini, dil m\u00fcdahale aktivitelerini ve di\u011ferlerini i\u00e7erir. Konu\u015fma veya dil bozukluklar\u0131, \u00e7ocukluk \u00e7a\u011f\u0131nda en s\u0131k g\u00f6r\u00fclen geli\u015fimsel zorluklar aras\u0131ndad\u0131r.&nbsp;Bu [&hellip;]","og_url":"https:\/\/annelertoplandik.com\/blog\/cocuklarda-dil-ve-konusma-terapisi\/","og_site_name":"Anneler Topland\u0131k","article_published_time":"2020-12-07T08:26:00+00:00","article_modified_time":"2020-12-10T08:31:11+00:00","og_image":[{"width":1600,"height":1067,"url":"https:\/\/annelertoplandik.com\/blog\/wp-content\/uploads\/2020\/12\/C\u0327ocuklarda-Dil-ve-Konus\u0327ma-Terapisi.jpg","type":"image\/jpeg"}],"author":"Admin","twitter_card":"summary_large_image","twitter_misc":{"Yazan:":"Admin","Tahmini okuma s\u00fcresi":"4 dakika"},"schema":{"@context":"https:\/\/schema.org","@graph":[{"@type":"Article","@id":"https:\/\/annelertoplandik.com\/blog\/cocuklarda-dil-ve-konusma-terapisi\/#article","isPartOf":{"@id":"https:\/\/annelertoplandik.com\/blog\/cocuklarda-dil-ve-konusma-terapisi\/"},"author":{"name":"Admin","@id":"https:\/\/annelertoplandik.com\/blog\/#\/schema\/person\/1fe572fbbce7ca9b1429e03f3fc0d0a8"},"headline":"\u00c7ocuklarda Dil ve Konu\u015fma Terapisi","datePublished":"2020-12-07T08:26:00+00:00","dateModified":"2020-12-10T08:31:11+00:00","mainEntityOfPage":{"@id":"https:\/\/annelertoplandik.com\/blog\/cocuklarda-dil-ve-konusma-terapisi\/"},"wordCount":726,"commentCount":0,"publisher":{"@id":"https:\/\/annelertoplandik.com\/blog\/#\/schema\/person\/1fe572fbbce7ca9b1429e03f3fc0d0a8"},"image":{"@id":"https:\/\/annelertoplandik.com\/blog\/cocuklarda-dil-ve-konusma-terapisi\/#primaryimage"},"thumbnailUrl":"https:\/\/annelertoplandik.com\/blog\/wp-content\/uploads\/2020\/12\/C\u0327ocuklarda-Dil-ve-Konus\u0327ma-Terapisi.jpg","articleSection":["\u00c7ocuk Geli\u015fimi"],"inLanguage":"tr","potentialAction":[{"@type":"CommentAction","name":"Comment","target":["https:\/\/annelertoplandik.com\/blog\/cocuklarda-dil-ve-konusma-terapisi\/#respond"]}]},{"@type":"WebPage","@id":"https:\/\/annelertoplandik.com\/blog\/cocuklarda-dil-ve-konusma-terapisi\/","url":"https:\/\/annelertoplandik.com\/blog\/cocuklarda-dil-ve-konusma-terapisi\/","name":"\u00c7ocuklarda Dil ve Konu\u015fma Terapisi | Anneler Topland\u0131k","isPartOf":{"@id":"https:\/\/annelertoplandik.com\/blog\/#website"},"primaryImageOfPage":{"@id":"https:\/\/annelertoplandik.com\/blog\/cocuklarda-dil-ve-konusma-terapisi\/#primaryimage"},"image":{"@id":"https:\/\/annelertoplandik.com\/blog\/cocuklarda-dil-ve-konusma-terapisi\/#primaryimage"},"thumbnailUrl":"https:\/\/annelertoplandik.com\/blog\/wp-content\/uploads\/2020\/12\/C\u0327ocuklarda-Dil-ve-Konus\u0327ma-Terapisi.jpg","datePublished":"2020-12-07T08:26:00+00:00","dateModified":"2020-12-10T08:31:11+00:00","breadcrumb":{"@id":"https:\/\/annelertoplandik.com\/blog\/cocuklarda-dil-ve-konusma-terapisi\/#breadcrumb"},"inLanguage":"tr","potentialAction":[{"@type":"ReadAction","target":["https:\/\/annelertoplandik.com\/blog\/cocuklarda-dil-ve-konusma-terapisi\/"]}]},{"@type":"ImageObject","inLanguage":"tr","@id":"https:\/\/annelertoplandik.com\/blog\/cocuklarda-dil-ve-konusma-terapisi\/#primaryimage","url":"https:\/\/annelertoplandik.com\/blog\/wp-content\/uploads\/2020\/12\/C\u0327ocuklarda-Dil-ve-Konus\u0327ma-Terapisi.jpg","contentUrl":"https:\/\/annelertoplandik.com\/blog\/wp-content\/uploads\/2020\/12\/C\u0327ocuklarda-Dil-ve-Konus\u0327ma-Terapisi.jpg","width":1600,"height":1067,"caption":"\u00c7ocuklarda dil ve konu\u015fma terapisi"},{"@type":"BreadcrumbList","@id":"https:\/\/annelertoplandik.com\/blog\/cocuklarda-dil-ve-konusma-terapisi\/#breadcrumb","itemListElement":[{"@type":"ListItem","position":1,"name":"Ana sayfa","item":"https:\/\/annelertoplandik.com\/blog\/"},{"@type":"ListItem","position":2,"name":"\u00c7ocuklarda Dil ve Konu\u015fma Terapisi"}]},{"@type":"WebSite","@id":"https:\/\/annelertoplandik.com\/blog\/#website","url":"https:\/\/annelertoplandik.com\/blog\/","name":"Anneler Topland\u0131k","description":"Annelerin sanal payla\u015f\u0131m merkezi","publisher":{"@id":"https:\/\/annelertoplandik.com\/blog\/#\/schema\/person\/1fe572fbbce7ca9b1429e03f3fc0d0a8"},"potentialAction":[{"@type":"SearchAction","target":{"@type":"EntryPoint","urlTemplate":"https:\/\/annelertoplandik.com\/blog\/?s={search_term_string}"},"query-input":{"@type":"PropertyValueSpecification","valueRequired":true,"valueName":"search_term_string"}}],"inLanguage":"tr"},{"@type":["Person","Organization"],"@id":"https:\/\/annelertoplandik.com\/blog\/#\/schema\/person\/1fe572fbbce7ca9b1429e03f3fc0d0a8","name":"Admin","image":{"@type":"ImageObject","inLanguage":"tr","@id":"https:\/\/annelertoplandik.com\/blog\/#\/schema\/person\/image\/","url":"https:\/\/annelertoplandik.com\/blog\/wp-content\/litespeed\/avatar\/b11040300c1fe933a5185741d40560b6.jpg?ver=1777032257","contentUrl":"https:\/\/annelertoplandik.com\/blog\/wp-content\/litespeed\/avatar\/b11040300c1fe933a5185741d40560b6.jpg?ver=1777032257","caption":"Admin"},"logo":{"@id":"https:\/\/annelertoplandik.com\/blog\/#\/schema\/person\/image\/"}}]}},"amp_enabled":true,"_links":{"self":[{"href":"https:\/\/annelertoplandik.com\/blog\/wp-json\/wp\/v2\/posts\/3431"}],"collection":[{"href":"https:\/\/annelertoplandik.com\/blog\/wp-json\/wp\/v2\/posts"}],"about":[{"href":"https:\/\/annelertoplandik.com\/blog\/wp-json\/wp\/v2\/types\/post"}],"author":[{"embeddable":true,"href":"https:\/\/annelertoplandik.com\/blog\/wp-json\/wp\/v2\/users\/1"}],"replies":[{"embeddable":true,"href":"https:\/\/annelertoplandik.com\/blog\/wp-json\/wp\/v2\/comments?post=3431"}],"version-history":[{"count":0,"href":"https:\/\/annelertoplandik.com\/blog\/wp-json\/wp\/v2\/posts\/3431\/revisions"}],"wp:featuredmedia":[{"embeddable":true,"href":"https:\/\/annelertoplandik.com\/blog\/wp-json\/wp\/v2\/media\/3433"}],"wp:attachment":[{"href":"https:\/\/annelertoplandik.com\/blog\/wp-json\/wp\/v2\/media?parent=3431"}],"wp:term":[{"taxonomy":"category","embeddable":true,"href":"https:\/\/annelertoplandik.com\/blog\/wp-json\/wp\/v2\/categories?post=3431"},{"taxonomy":"post_tag","embeddable":true,"href":"https:\/\/annelertoplandik.com\/blog\/wp-json\/wp\/v2\/tags?post=3431"}],"curies":[{"name":"wp","href":"https:\/\/api.w.org\/{rel}","templated":true}]}}