{"id":351,"date":"2024-05-16T16:42:07","date_gmt":"2024-05-16T13:42:07","guid":{"rendered":"http:\/\/annelertoplandik.com\/portal\/?p=351"},"modified":"2024-05-15T09:26:01","modified_gmt":"2024-05-15T06:26:01","slug":"televizyon-karsisinda-ders-calisilir-mi","status":"publish","type":"post","link":"https:\/\/annelertoplandik.com\/blog\/televizyon-karsisinda-ders-calisilir-mi\/","title":{"rendered":"Televizyon kar\u015f\u0131s\u0131nda ders \u00e7al\u0131\u015f\u0131l\u0131r m\u0131?"},"content":{"rendered":"\n<h3 class=\"wp-block-heading\">Televizyon Kar\u015f\u0131s\u0131nda Ders \u00c7al\u0131\u015fmak Verimli Olur Mu?<\/h3>\n\n\n\n<p>Ba\u015far\u0131s\u0131z bir \u00f6\u011frencinin ba\u015far\u0131s\u0131z olmas\u0131n\u0131n nedenleri ara\u015ft\u0131r\u0131ld\u0131\u011f\u0131nda g\u00f6ze batan en ac\u0131 ger\u00e7ek \u00f6\u011frencinin televizyon kar\u015f\u0131s\u0131nda ders \u00e7al\u0131\u015fm\u0131\u015f olmas\u0131d\u0131r. Bir\u00e7ok \u00e7ocuk televizyonun kar\u015f\u0131s\u0131nda ders \u00e7al\u0131\u015fmaya ailenin tutumu y\u00fcz\u00fcne al\u0131\u015fmaktad\u0131r. Yurdum insan\u0131 so\u011fuk k\u0131\u015f g\u00fcnlerinde \u0131s\u0131nmak amac\u0131yla soba kullan\u0131r. Sobalar genellikle evin en kullan\u0131\u015fl\u0131 ve k\u00fc\u00e7\u00fck odas\u0131na kurulur. Bu k\u00fc\u00e7\u00fck oda \u00e7ok s\u0131cakken di\u011fer odalar buz kesmektedir. Bu oda \u00f6\u011frencinin ders \u00e7al\u0131\u015fmas\u0131 i\u00e7in verimli bir oda de\u011fildir. Televizyon ba\u011f\u0131ml\u0131s\u0131 anne ve babalar \u00e7ocu\u011fun ba\u015far\u0131s\u0131 i\u00e7in televizyonu kapatmay\u0131 ak\u0131llar\u0131na getirmezler. \u00d6\u011frenciye di\u011fer odaya \u00e7ekilmesini s\u00f6ylerler.<\/p>\n\n\n\n<figure class=\"wp-block-image\"><img loading=\"lazy\" decoding=\"async\" width=\"1000\" height=\"1000\" src=\"http:\/\/annelertoplandik.com\/portal\/wp-content\/uploads\/2019\/09\/tv1000.jpg\" alt=\"televizyon izleyen k\u0131z \u00e7ocu\u011fu\" class=\"wp-image-353\" srcset=\"https:\/\/annelertoplandik.com\/blog\/wp-content\/uploads\/2019\/09\/tv1000.jpg 1000w, https:\/\/annelertoplandik.com\/blog\/wp-content\/uploads\/2019\/09\/tv1000-150x150.jpg 150w, https:\/\/annelertoplandik.com\/blog\/wp-content\/uploads\/2019\/09\/tv1000-300x300.jpg 300w, https:\/\/annelertoplandik.com\/blog\/wp-content\/uploads\/2019\/09\/tv1000-768x768.jpg 768w, https:\/\/annelertoplandik.com\/blog\/wp-content\/uploads\/2019\/09\/tv1000-696x696.jpg 696w, https:\/\/annelertoplandik.com\/blog\/wp-content\/uploads\/2019\/09\/tv1000-420x420.jpg 420w\" sizes=\"(max-width: 1000px) 100vw, 1000px\" \/><\/figure>\n\n\n\n<h3 class=\"wp-block-heading\">\u00d6\u011frencinin verimli ders \u00e7al\u0131\u015fmas\u0131 i\u00e7in ortam\u0131n verimli olmas\u0131 gerekir. <\/h3>\n\n\n\n<p>Bu anlamda ders \u00e7al\u0131\u015f\u0131lan ortam\u0131n \u0131s\u0131, \u0131\u015f\u0131k ve ses d\u00fczeni\niyi ayarlanm\u0131\u015f olmas\u0131 gerekir. So\u011fuktan \u00fc\u015f\u00fcyen birisinin verimli ders\n\u00e7al\u0131\u015fmas\u0131n\u0131 bekleyemeyiz. S\u0131caktan terleyen birisi de verimli \u00e7al\u0131\u015famaz.\nKaranl\u0131k bir ortamda ders \u00e7al\u0131\u015fmak ki\u015finin g\u00f6z\u00fcn\u00fc bozar, \u00e7ok ayd\u0131nl\u0131k bir\nortamda ki\u015finin g\u00f6z sa\u011fl\u0131\u011f\u0131n\u0131 bozar.<\/p>\n\n\n\n<figure class=\"wp-block-image\"><img loading=\"lazy\" decoding=\"async\" width=\"596\" height=\"410\" src=\"https:\/\/annelertoplandik.com\/blog\/portal\/wp-content\/uploads\/2019\/09\/5c8e040b07291c1d74053070.jpg\" alt=\"Televiyon izleyen \u00e7ocuklar dikkat eksikli\u011fi ya\u015farlar.\" class=\"wp-image-355\" srcset=\"https:\/\/annelertoplandik.com\/blog\/wp-content\/uploads\/2019\/09\/5c8e040b07291c1d74053070.jpg 596w, https:\/\/annelertoplandik.com\/blog\/wp-content\/uploads\/2019\/09\/5c8e040b07291c1d74053070-300x206.jpg 300w, https:\/\/annelertoplandik.com\/blog\/wp-content\/uploads\/2019\/09\/5c8e040b07291c1d74053070-100x70.jpg 100w, https:\/\/annelertoplandik.com\/blog\/wp-content\/uploads\/2019\/09\/5c8e040b07291c1d74053070-218x150.jpg 218w\" sizes=\"(max-width: 596px) 100vw, 596px\" \/><\/figure>\n\n\n\n<h3 class=\"wp-block-heading\">Televizyon kar\u015f\u0131s\u0131nda ders \u00e7al\u0131\u015fan \u00e7ocu\u011fun genel uyar\u0131lm\u0131\u015fl\u0131k d\u00fczeyi d\u00fc\u015f\u00fck olur. <\/h3>\n\n\n\n<p>Okudu\u011funu anlayamaz. \u00d6devini bilin\u00e7li ve anlayarak yapmaz.\n\u0130\u015fini ba\u015ftan savma yaparlar. Bu y\u00fczden televizyon kar\u015f\u0131s\u0131nda ders \u00e7al\u0131\u015fman\u0131n\n\u00f6nlenmesi gerekir. Bu anlamda en b\u00fcy\u00fck g\u00f6rev anne ve babalara d\u00fc\u015fmektedir.\nHi\u00e7bir dizinin hi\u00e7bir b\u00f6l\u00fcm\u00fc \u00e7ocu\u011funuzun e\u011fitiminden ba\u015far\u0131s\u0131ndan daha \u00f6nemli\nde\u011fildir. Bu y\u00fczden evinizi \u00e7ocu\u011funuzun ba\u015far\u0131l\u0131 olmas\u0131na g\u00f6re dizayn edin. M\u00fcmk\u00fcnse\n\u00e7ocu\u011funuza bir \u00e7al\u0131\u015fma odas\u0131 yap\u0131n. Bu oday\u0131 renk, \u0131s\u0131 ve \u0131\u015f\u0131k y\u00f6n\u00fcnden iyi\nayarlaman\u0131z gerekir. B\u00f6ylece onun ba\u015far\u0131l\u0131 olmas\u0131nda pay sahibi olmu\u015f,\nba\u015far\u0131s\u0131zl\u0131\u011f\u0131nda pay sahibi olmam\u0131\u015f olursunuz.<\/p>\n","protected":false},"excerpt":{"rendered":"<p>Ba\u015far\u0131s\u0131z bir \u00f6\u011frencinin ba\u015far\u0131s\u0131z olmas\u0131n\u0131n nedenleri ara\u015ft\u0131r\u0131ld\u0131\u011f\u0131nda g\u00f6ze batan en ac\u0131 ger\u00e7ek \u00f6\u011frencinin televizyon kar\u015f\u0131s\u0131nda ders \u00e7al\u0131\u015fm\u0131\u015f olmas\u0131d\u0131r. <\/p>\n","protected":false},"author":1,"featured_media":354,"comment_status":"open","ping_status":"open","sticky":false,"template":"","format":"standard","meta":{"tdm_status":"","tdm_grid_status":"","footnotes":""},"categories":[50],"tags":[72,71],"yoast_head":"<!-- This site is optimized with the Yoast SEO plugin v24.5 - https:\/\/yoast.com\/wordpress\/plugins\/seo\/ -->\n<title>Televizyon kar\u015f\u0131s\u0131nda ders \u00e7al\u0131\u015f\u0131l\u0131r m\u0131? | Anneler Topland\u0131k<\/title>\n<meta name=\"description\" content=\"Ba\u015far\u0131s\u0131z bir \u00f6\u011frencinin ba\u015far\u0131s\u0131z olmas\u0131n\u0131n nedenleri ara\u015ft\u0131r\u0131ld\u0131\u011f\u0131nda g\u00f6ze batan en ac\u0131 ger\u00e7ek \u00f6\u011frencinin televizyon kar\u015f\u0131s\u0131nda ders \u00e7al\u0131\u015fm\u0131\u015f olmas\u0131d\u0131r.\" \/>\n<meta name=\"robots\" content=\"index, follow, max-snippet:-1, max-image-preview:large, max-video-preview:-1\" \/>\n<link rel=\"canonical\" href=\"https:\/\/annelertoplandik.com\/blog\/televizyon-karsisinda-ders-calisilir-mi\/\" \/>\n<meta property=\"og:locale\" content=\"tr_TR\" \/>\n<meta property=\"og:type\" content=\"article\" \/>\n<meta property=\"og:title\" content=\"Televizyon kar\u015f\u0131s\u0131nda ders \u00e7al\u0131\u015f\u0131l\u0131r m\u0131? | Anneler Topland\u0131k\" \/>\n<meta property=\"og:description\" content=\"Ba\u015far\u0131s\u0131z bir \u00f6\u011frencinin ba\u015far\u0131s\u0131z olmas\u0131n\u0131n nedenleri ara\u015ft\u0131r\u0131ld\u0131\u011f\u0131nda g\u00f6ze batan en ac\u0131 ger\u00e7ek \u00f6\u011frencinin televizyon kar\u015f\u0131s\u0131nda ders \u00e7al\u0131\u015fm\u0131\u015f olmas\u0131d\u0131r.\" \/>\n<meta property=\"og:url\" content=\"https:\/\/annelertoplandik.com\/blog\/televizyon-karsisinda-ders-calisilir-mi\/\" \/>\n<meta property=\"og:site_name\" content=\"Anneler Topland\u0131k\" \/>\n<meta property=\"article:published_time\" content=\"2024-05-16T13:42:07+00:00\" \/>\n<meta property=\"og:image\" content=\"https:\/\/annelertoplandik.com\/blog\/wp-content\/uploads\/2019\/09\/cropped-maxresdefault-12.jpg\" \/>\n\t<meta property=\"og:image:width\" content=\"1000\" \/>\n\t<meta property=\"og:image:height\" content=\"562\" \/>\n\t<meta property=\"og:image:type\" content=\"image\/jpeg\" \/>\n<meta name=\"author\" content=\"Admin\" \/>\n<meta name=\"twitter:card\" content=\"summary_large_image\" \/>\n<meta name=\"twitter:label1\" content=\"Yazan:\" \/>\n\t<meta name=\"twitter:data1\" content=\"Admin\" \/>\n\t<meta name=\"twitter:label2\" content=\"Tahmini okuma s\u00fcresi\" \/>\n\t<meta name=\"twitter:data2\" content=\"2 dakika\" \/>\n<script type=\"application\/ld+json\" class=\"yoast-schema-graph\">{\"@context\":\"https:\/\/schema.org\",\"@graph\":[{\"@type\":\"Article\",\"@id\":\"https:\/\/annelertoplandik.com\/blog\/televizyon-karsisinda-ders-calisilir-mi\/#article\",\"isPartOf\":{\"@id\":\"https:\/\/annelertoplandik.com\/blog\/televizyon-karsisinda-ders-calisilir-mi\/\"},\"author\":{\"name\":\"Admin\",\"@id\":\"https:\/\/annelertoplandik.com\/blog\/#\/schema\/person\/1fe572fbbce7ca9b1429e03f3fc0d0a8\"},\"headline\":\"Televizyon kar\u015f\u0131s\u0131nda ders \u00e7al\u0131\u015f\u0131l\u0131r m\u0131?\",\"datePublished\":\"2024-05-16T13:42:07+00:00\",\"mainEntityOfPage\":{\"@id\":\"https:\/\/annelertoplandik.com\/blog\/televizyon-karsisinda-ders-calisilir-mi\/\"},\"wordCount\":364,\"commentCount\":0,\"publisher\":{\"@id\":\"https:\/\/annelertoplandik.com\/blog\/#\/schema\/person\/1fe572fbbce7ca9b1429e03f3fc0d0a8\"},\"image\":{\"@id\":\"https:\/\/annelertoplandik.com\/blog\/televizyon-karsisinda-ders-calisilir-mi\/#primaryimage\"},\"thumbnailUrl\":\"https:\/\/annelertoplandik.com\/blog\/wp-content\/uploads\/2019\/09\/cropped-maxresdefault-12.jpg\",\"keywords\":[\"Tv izlerken ders \u00e7al\u0131\u015f\u0131l\u0131r m\u0131?\",\"Tv kar\u015f\u0131s\u0131nda ders olur mu?\"],\"articleSection\":[\"\u00c7ocuk Geli\u015fimi\"],\"inLanguage\":\"tr\",\"potentialAction\":[{\"@type\":\"CommentAction\",\"name\":\"Comment\",\"target\":[\"https:\/\/annelertoplandik.com\/blog\/televizyon-karsisinda-ders-calisilir-mi\/#respond\"]}]},{\"@type\":\"WebPage\",\"@id\":\"https:\/\/annelertoplandik.com\/blog\/televizyon-karsisinda-ders-calisilir-mi\/\",\"url\":\"https:\/\/annelertoplandik.com\/blog\/televizyon-karsisinda-ders-calisilir-mi\/\",\"name\":\"Televizyon kar\u015f\u0131s\u0131nda ders \u00e7al\u0131\u015f\u0131l\u0131r m\u0131? | Anneler Topland\u0131k\",\"isPartOf\":{\"@id\":\"https:\/\/annelertoplandik.com\/blog\/#website\"},\"primaryImageOfPage\":{\"@id\":\"https:\/\/annelertoplandik.com\/blog\/televizyon-karsisinda-ders-calisilir-mi\/#primaryimage\"},\"image\":{\"@id\":\"https:\/\/annelertoplandik.com\/blog\/televizyon-karsisinda-ders-calisilir-mi\/#primaryimage\"},\"thumbnailUrl\":\"https:\/\/annelertoplandik.com\/blog\/wp-content\/uploads\/2019\/09\/cropped-maxresdefault-12.jpg\",\"datePublished\":\"2024-05-16T13:42:07+00:00\",\"description\":\"Ba\u015far\u0131s\u0131z bir \u00f6\u011frencinin ba\u015far\u0131s\u0131z olmas\u0131n\u0131n nedenleri ara\u015ft\u0131r\u0131ld\u0131\u011f\u0131nda g\u00f6ze batan en ac\u0131 ger\u00e7ek \u00f6\u011frencinin televizyon kar\u015f\u0131s\u0131nda ders \u00e7al\u0131\u015fm\u0131\u015f olmas\u0131d\u0131r.\",\"breadcrumb\":{\"@id\":\"https:\/\/annelertoplandik.com\/blog\/televizyon-karsisinda-ders-calisilir-mi\/#breadcrumb\"},\"inLanguage\":\"tr\",\"potentialAction\":[{\"@type\":\"ReadAction\",\"target\":[\"https:\/\/annelertoplandik.com\/blog\/televizyon-karsisinda-ders-calisilir-mi\/\"]}]},{\"@type\":\"ImageObject\",\"inLanguage\":\"tr\",\"@id\":\"https:\/\/annelertoplandik.com\/blog\/televizyon-karsisinda-ders-calisilir-mi\/#primaryimage\",\"url\":\"https:\/\/annelertoplandik.com\/blog\/wp-content\/uploads\/2019\/09\/cropped-maxresdefault-12.jpg\",\"contentUrl\":\"https:\/\/annelertoplandik.com\/blog\/wp-content\/uploads\/2019\/09\/cropped-maxresdefault-12.jpg\",\"width\":1000,\"height\":562},{\"@type\":\"BreadcrumbList\",\"@id\":\"https:\/\/annelertoplandik.com\/blog\/televizyon-karsisinda-ders-calisilir-mi\/#breadcrumb\",\"itemListElement\":[{\"@type\":\"ListItem\",\"position\":1,\"name\":\"Ana sayfa\",\"item\":\"https:\/\/annelertoplandik.com\/blog\/\"},{\"@type\":\"ListItem\",\"position\":2,\"name\":\"Televizyon kar\u015f\u0131s\u0131nda ders \u00e7al\u0131\u015f\u0131l\u0131r m\u0131?\"}]},{\"@type\":\"WebSite\",\"@id\":\"https:\/\/annelertoplandik.com\/blog\/#website\",\"url\":\"https:\/\/annelertoplandik.com\/blog\/\",\"name\":\"Anneler Topland\u0131k\",\"description\":\"Annelerin sanal payla\u015f\u0131m merkezi\",\"publisher\":{\"@id\":\"https:\/\/annelertoplandik.com\/blog\/#\/schema\/person\/1fe572fbbce7ca9b1429e03f3fc0d0a8\"},\"potentialAction\":[{\"@type\":\"SearchAction\",\"target\":{\"@type\":\"EntryPoint\",\"urlTemplate\":\"https:\/\/annelertoplandik.com\/blog\/?s={search_term_string}\"},\"query-input\":{\"@type\":\"PropertyValueSpecification\",\"valueRequired\":true,\"valueName\":\"search_term_string\"}}],\"inLanguage\":\"tr\"},{\"@type\":[\"Person\",\"Organization\"],\"@id\":\"https:\/\/annelertoplandik.com\/blog\/#\/schema\/person\/1fe572fbbce7ca9b1429e03f3fc0d0a8\",\"name\":\"Admin\",\"image\":{\"@type\":\"ImageObject\",\"inLanguage\":\"tr\",\"@id\":\"https:\/\/annelertoplandik.com\/blog\/#\/schema\/person\/image\/\",\"url\":\"https:\/\/annelertoplandik.com\/blog\/wp-content\/litespeed\/avatar\/b11040300c1fe933a5185741d40560b6.jpg?ver=1777032257\",\"contentUrl\":\"https:\/\/annelertoplandik.com\/blog\/wp-content\/litespeed\/avatar\/b11040300c1fe933a5185741d40560b6.jpg?ver=1777032257\",\"caption\":\"Admin\"},\"logo\":{\"@id\":\"https:\/\/annelertoplandik.com\/blog\/#\/schema\/person\/image\/\"}}]}<\/script>\n<!-- \/ Yoast SEO plugin. -->","yoast_head_json":{"title":"Televizyon kar\u015f\u0131s\u0131nda ders \u00e7al\u0131\u015f\u0131l\u0131r m\u0131? | Anneler Topland\u0131k","description":"Ba\u015far\u0131s\u0131z bir \u00f6\u011frencinin ba\u015far\u0131s\u0131z olmas\u0131n\u0131n nedenleri ara\u015ft\u0131r\u0131ld\u0131\u011f\u0131nda g\u00f6ze batan en ac\u0131 ger\u00e7ek \u00f6\u011frencinin televizyon kar\u015f\u0131s\u0131nda ders \u00e7al\u0131\u015fm\u0131\u015f olmas\u0131d\u0131r.","robots":{"index":"index","follow":"follow","max-snippet":"max-snippet:-1","max-image-preview":"max-image-preview:large","max-video-preview":"max-video-preview:-1"},"canonical":"https:\/\/annelertoplandik.com\/blog\/televizyon-karsisinda-ders-calisilir-mi\/","og_locale":"tr_TR","og_type":"article","og_title":"Televizyon kar\u015f\u0131s\u0131nda ders \u00e7al\u0131\u015f\u0131l\u0131r m\u0131? | Anneler Topland\u0131k","og_description":"Ba\u015far\u0131s\u0131z bir \u00f6\u011frencinin ba\u015far\u0131s\u0131z olmas\u0131n\u0131n nedenleri ara\u015ft\u0131r\u0131ld\u0131\u011f\u0131nda g\u00f6ze batan en ac\u0131 ger\u00e7ek \u00f6\u011frencinin televizyon kar\u015f\u0131s\u0131nda ders \u00e7al\u0131\u015fm\u0131\u015f olmas\u0131d\u0131r.","og_url":"https:\/\/annelertoplandik.com\/blog\/televizyon-karsisinda-ders-calisilir-mi\/","og_site_name":"Anneler Topland\u0131k","article_published_time":"2024-05-16T13:42:07+00:00","og_image":[{"width":1000,"height":562,"url":"https:\/\/annelertoplandik.com\/blog\/wp-content\/uploads\/2019\/09\/cropped-maxresdefault-12.jpg","type":"image\/jpeg"}],"author":"Admin","twitter_card":"summary_large_image","twitter_misc":{"Yazan:":"Admin","Tahmini okuma s\u00fcresi":"2 dakika"},"schema":{"@context":"https:\/\/schema.org","@graph":[{"@type":"Article","@id":"https:\/\/annelertoplandik.com\/blog\/televizyon-karsisinda-ders-calisilir-mi\/#article","isPartOf":{"@id":"https:\/\/annelertoplandik.com\/blog\/televizyon-karsisinda-ders-calisilir-mi\/"},"author":{"name":"Admin","@id":"https:\/\/annelertoplandik.com\/blog\/#\/schema\/person\/1fe572fbbce7ca9b1429e03f3fc0d0a8"},"headline":"Televizyon kar\u015f\u0131s\u0131nda ders \u00e7al\u0131\u015f\u0131l\u0131r m\u0131?","datePublished":"2024-05-16T13:42:07+00:00","mainEntityOfPage":{"@id":"https:\/\/annelertoplandik.com\/blog\/televizyon-karsisinda-ders-calisilir-mi\/"},"wordCount":364,"commentCount":0,"publisher":{"@id":"https:\/\/annelertoplandik.com\/blog\/#\/schema\/person\/1fe572fbbce7ca9b1429e03f3fc0d0a8"},"image":{"@id":"https:\/\/annelertoplandik.com\/blog\/televizyon-karsisinda-ders-calisilir-mi\/#primaryimage"},"thumbnailUrl":"https:\/\/annelertoplandik.com\/blog\/wp-content\/uploads\/2019\/09\/cropped-maxresdefault-12.jpg","keywords":["Tv izlerken ders \u00e7al\u0131\u015f\u0131l\u0131r m\u0131?","Tv kar\u015f\u0131s\u0131nda ders olur mu?"],"articleSection":["\u00c7ocuk Geli\u015fimi"],"inLanguage":"tr","potentialAction":[{"@type":"CommentAction","name":"Comment","target":["https:\/\/annelertoplandik.com\/blog\/televizyon-karsisinda-ders-calisilir-mi\/#respond"]}]},{"@type":"WebPage","@id":"https:\/\/annelertoplandik.com\/blog\/televizyon-karsisinda-ders-calisilir-mi\/","url":"https:\/\/annelertoplandik.com\/blog\/televizyon-karsisinda-ders-calisilir-mi\/","name":"Televizyon kar\u015f\u0131s\u0131nda ders \u00e7al\u0131\u015f\u0131l\u0131r m\u0131? | Anneler Topland\u0131k","isPartOf":{"@id":"https:\/\/annelertoplandik.com\/blog\/#website"},"primaryImageOfPage":{"@id":"https:\/\/annelertoplandik.com\/blog\/televizyon-karsisinda-ders-calisilir-mi\/#primaryimage"},"image":{"@id":"https:\/\/annelertoplandik.com\/blog\/televizyon-karsisinda-ders-calisilir-mi\/#primaryimage"},"thumbnailUrl":"https:\/\/annelertoplandik.com\/blog\/wp-content\/uploads\/2019\/09\/cropped-maxresdefault-12.jpg","datePublished":"2024-05-16T13:42:07+00:00","description":"Ba\u015far\u0131s\u0131z bir \u00f6\u011frencinin ba\u015far\u0131s\u0131z olmas\u0131n\u0131n nedenleri ara\u015ft\u0131r\u0131ld\u0131\u011f\u0131nda g\u00f6ze batan en ac\u0131 ger\u00e7ek \u00f6\u011frencinin televizyon kar\u015f\u0131s\u0131nda ders \u00e7al\u0131\u015fm\u0131\u015f olmas\u0131d\u0131r.","breadcrumb":{"@id":"https:\/\/annelertoplandik.com\/blog\/televizyon-karsisinda-ders-calisilir-mi\/#breadcrumb"},"inLanguage":"tr","potentialAction":[{"@type":"ReadAction","target":["https:\/\/annelertoplandik.com\/blog\/televizyon-karsisinda-ders-calisilir-mi\/"]}]},{"@type":"ImageObject","inLanguage":"tr","@id":"https:\/\/annelertoplandik.com\/blog\/televizyon-karsisinda-ders-calisilir-mi\/#primaryimage","url":"https:\/\/annelertoplandik.com\/blog\/wp-content\/uploads\/2019\/09\/cropped-maxresdefault-12.jpg","contentUrl":"https:\/\/annelertoplandik.com\/blog\/wp-content\/uploads\/2019\/09\/cropped-maxresdefault-12.jpg","width":1000,"height":562},{"@type":"BreadcrumbList","@id":"https:\/\/annelertoplandik.com\/blog\/televizyon-karsisinda-ders-calisilir-mi\/#breadcrumb","itemListElement":[{"@type":"ListItem","position":1,"name":"Ana sayfa","item":"https:\/\/annelertoplandik.com\/blog\/"},{"@type":"ListItem","position":2,"name":"Televizyon kar\u015f\u0131s\u0131nda ders \u00e7al\u0131\u015f\u0131l\u0131r m\u0131?"}]},{"@type":"WebSite","@id":"https:\/\/annelertoplandik.com\/blog\/#website","url":"https:\/\/annelertoplandik.com\/blog\/","name":"Anneler Topland\u0131k","description":"Annelerin sanal payla\u015f\u0131m merkezi","publisher":{"@id":"https:\/\/annelertoplandik.com\/blog\/#\/schema\/person\/1fe572fbbce7ca9b1429e03f3fc0d0a8"},"potentialAction":[{"@type":"SearchAction","target":{"@type":"EntryPoint","urlTemplate":"https:\/\/annelertoplandik.com\/blog\/?s={search_term_string}"},"query-input":{"@type":"PropertyValueSpecification","valueRequired":true,"valueName":"search_term_string"}}],"inLanguage":"tr"},{"@type":["Person","Organization"],"@id":"https:\/\/annelertoplandik.com\/blog\/#\/schema\/person\/1fe572fbbce7ca9b1429e03f3fc0d0a8","name":"Admin","image":{"@type":"ImageObject","inLanguage":"tr","@id":"https:\/\/annelertoplandik.com\/blog\/#\/schema\/person\/image\/","url":"https:\/\/annelertoplandik.com\/blog\/wp-content\/litespeed\/avatar\/b11040300c1fe933a5185741d40560b6.jpg?ver=1777032257","contentUrl":"https:\/\/annelertoplandik.com\/blog\/wp-content\/litespeed\/avatar\/b11040300c1fe933a5185741d40560b6.jpg?ver=1777032257","caption":"Admin"},"logo":{"@id":"https:\/\/annelertoplandik.com\/blog\/#\/schema\/person\/image\/"}}]}},"amp_enabled":true,"_links":{"self":[{"href":"https:\/\/annelertoplandik.com\/blog\/wp-json\/wp\/v2\/posts\/351"}],"collection":[{"href":"https:\/\/annelertoplandik.com\/blog\/wp-json\/wp\/v2\/posts"}],"about":[{"href":"https:\/\/annelertoplandik.com\/blog\/wp-json\/wp\/v2\/types\/post"}],"author":[{"embeddable":true,"href":"https:\/\/annelertoplandik.com\/blog\/wp-json\/wp\/v2\/users\/1"}],"replies":[{"embeddable":true,"href":"https:\/\/annelertoplandik.com\/blog\/wp-json\/wp\/v2\/comments?post=351"}],"version-history":[{"count":0,"href":"https:\/\/annelertoplandik.com\/blog\/wp-json\/wp\/v2\/posts\/351\/revisions"}],"wp:featuredmedia":[{"embeddable":true,"href":"https:\/\/annelertoplandik.com\/blog\/wp-json\/wp\/v2\/media\/354"}],"wp:attachment":[{"href":"https:\/\/annelertoplandik.com\/blog\/wp-json\/wp\/v2\/media?parent=351"}],"wp:term":[{"taxonomy":"category","embeddable":true,"href":"https:\/\/annelertoplandik.com\/blog\/wp-json\/wp\/v2\/categories?post=351"},{"taxonomy":"post_tag","embeddable":true,"href":"https:\/\/annelertoplandik.com\/blog\/wp-json\/wp\/v2\/tags?post=351"}],"curies":[{"name":"wp","href":"https:\/\/api.w.org\/{rel}","templated":true}]}}