{"id":3510,"date":"2020-12-25T11:38:00","date_gmt":"2020-12-25T08:38:00","guid":{"rendered":"https:\/\/annelertoplandik.com\/blog\/?p=3510"},"modified":"2020-12-28T11:43:36","modified_gmt":"2020-12-28T08:43:36","slug":"cocuklarda-idrar-kacirma-enurezis","status":"publish","type":"post","link":"https:\/\/annelertoplandik.com\/blog\/cocuklarda-idrar-kacirma-enurezis\/","title":{"rendered":"\u00c7ocuklarda \u0130drar Ka\u00e7\u0131rma (En\u00fcrezis)"},"content":{"rendered":"\n<p>\u00c7ocuklarda idrar ka\u00e7\u0131rma, tuvalet e\u011fitiminden sonra ayda iki veya daha fazla kez meydana gelen istemsiz idrar \u00e7\u0131k\u0131\u015f\u0131 olarak tan\u0131mlan\u0131r.&nbsp;Yatak \u0131slatma (gece idrar ka\u00e7\u0131rma) ve g\u00fcnd\u00fcz inkontinans\u0131, ebeveynler ve \u00e7ocuklar i\u00e7in bir hayal k\u0131r\u0131kl\u0131\u011f\u0131 kayna\u011f\u0131 olabilir.&nbsp;\u00c7ocuklar, \u00f6zellikle b\u00fcy\u00fcd\u00fck\u00e7e, g\u00fcnd\u00fcz ve gece alt\u0131na ka\u00e7\u0131rmalar\u0131 nedeniyle utan\u00e7, endi\u015fe etme ve hatta k\u0131zg\u0131nl\u0131k hissedebilirler.&nbsp;Ebeveynler, \u00e7ocu\u011fun idrar\u0131n\u0131 neden kontrol edemedi\u011fini anlamaya \u00e7al\u0131\u015f\u0131rken genellikle kafas\u0131 kar\u0131\u015fm\u0131\u015f, endi\u015feli ve hatta bazen \u00f6fkeli hissederler.&nbsp;<\/p>\n\n\n\n<p>\u0130drar ka\u00e7\u0131rma \u015fekli:<\/p>\n\n\n\n<ul><li>G\u00fcn boyunca (g\u00fcnd\u00fcz veya g\u00fcnl\u00fck inkontinans)<\/li><li>Geceleri (gece idrar ka\u00e7\u0131rma, idrar ka\u00e7\u0131rma veya yatak \u0131slatma)<\/li><li>\u0130kisi de (kombine inkontinans) mevcut olabilir<\/li><\/ul>\n\n\n\n<p>Tuvalet e\u011fitimi&nbsp;s\u00fcrecinin s\u00fcresi&nbsp;veya \u00e7ocuklar\u0131n \u00fcriner kontinans sa\u011flad\u0131klar\u0131 ya\u015f, b\u00fcy\u00fck \u00f6l\u00e7\u00fcde de\u011fi\u015fir.&nbsp;Bununla birlikte, \u00e7ocuklar\u0131n % 90&#8217;\u0131ndan fazlas\u0131 5 ya\u015f\u0131na kadar g\u00fcnd\u00fcz idrar kontrol\u00fcne ula\u015f\u0131r. Gece kontrol\u00fcn\u00fcn sa\u011flanmas\u0131 daha uzun s\u00fcrebilir.<\/p>\n\n\n\n<p>Yatak \u0131slatma veya gece inkontinans\u0131 4 ya\u015f\u0131ndaki \u00e7ocuklar\u0131n yakla\u015f\u0131k % 30&#8217;unu, 7 ya\u015f\u0131nda % 10&#8217;unu, 12 ya\u015f\u0131nda % 3&#8217;\u00fcn\u00fc ve 18 ya\u015f\u0131nda % 1&#8217;ini etkilemektedir. Yeti\u015fkinlerin yakla\u015f\u0131k% 0,5&#8217;i gece inkontinans\u0131 ya\u015famaya devam etmektedir.&nbsp;Doktorlar idrar ka\u00e7\u0131rma te\u015fhisi koyarken bu zaman \u00e7izgilerini dikkate al\u0131r.&nbsp;Tuvalet e\u011fitimi s\u00fcrecinin s\u00fcresi de\u011fi\u015fti\u011finden, genellikle k\u00fc\u00e7\u00fck \u00e7ocuklarda 5 veya 6 ya\u015f\u0131n alt\u0131nda g\u00fcnd\u00fcz inkontinans, 7 ya\u015f\u0131n alt\u0131nda ise gece inkontinans oldu\u011fu d\u00fc\u015f\u00fcn\u00fclmez.<\/p>\n\n\n\n<p>G\u00fcnd\u00fcz ka\u00e7\u0131rma k\u0131zlarda daha yayg\u0131nd\u0131r.&nbsp;Yatak \u0131slatma, erkeklerde ve ailesinde gece inkontinans ge\u00e7mi\u015fi olan \u00e7ocuklar aras\u0131nda daha yayg\u0131nd\u0131r.&nbsp;<strong><\/strong><\/p>\n\n\n\n<h2 class=\"wp-block-heading\"><strong>\u00c7ocuklarda idrar ka\u00e7\u0131rma sebepleri nelerdir?<\/strong><\/h2>\n\n\n\n<p>\u0130lgili olabilecek bir\u00e7ok fakt\u00f6r ve \u00e7ocuklar\u0131n neden alt\u0131na ka\u00e7\u0131rd\u0131\u011f\u0131na dair verilen bir\u00e7ok teori vard\u0131r.&nbsp;A\u015fa\u011f\u0131da, sorunun olas\u0131 nedenlerinden baz\u0131lar\u0131 verilmi\u015ftir:<\/p>\n\n\n\n<ul><li>K\u00f6t\u00fc tuvalet e\u011fitimi<\/li><li>Yakla\u015f\u0131k be\u015f ya\u015f\u0131na kadar bir fakt\u00f6r olabilecek idrar\u0131 tutma yetene\u011finde gecikme<\/li><li>K\u00fc\u00e7\u00fck mesaneler<\/li><li>K\u00f6t\u00fc uyku al\u0131\u015fkanl\u0131klar\u0131 veya uyku bozuklu\u011funun varl\u0131\u011f\u0131<\/li><li>\u0130drara \u00e7\u0131kmay\u0131 d\u00fczenlemeye yard\u0131mc\u0131 olan hormonlar\u0131n d\u00fczg\u00fcn \u00e7al\u0131\u015fmas\u0131yla ilgili bir sorun<\/li><li>Yata\u011f\u0131 \u0131slatan \u00e7ocuklar\u0131n \u00e7o\u011funun, \u00e7ocukken yatak \u0131slatma sorunu ya\u015fayan en az bir ebeveyni veya yak\u0131n akrabas\u0131n\u0131n olmas\u0131<\/li><li>Uykuyu etkileyen ila\u00e7lar<\/li><\/ul>\n\n\n\n<p>Gece inkontinans\u0131 i\u00e7in, vakalar\u0131n yakla\u015f\u0131k % 30&#8217;unu altta yatan bir t\u0131bbi bozukluk olu\u015fturur.&nbsp;Etkileyen fakt\u00f6rler, idrar miktar\u0131n\u0131 art\u0131ran bozukluklar\u0131n yan\u0131 s\u0131ra g\u00fcnd\u00fcz inkontinansa neden olan baz\u0131 bozukluklar\u0131 i\u00e7erir.&nbsp;Bu t\u00fcr bozukluklar aras\u0131nda&nbsp;diabetes mellitus&nbsp;,&nbsp;diabetes insipidus&nbsp;,&nbsp;orak h\u00fccre hastal\u0131\u011f\u0131&nbsp;(ve bazen orak h\u00fccre \u00f6zelli\u011fi) yer al\u0131r.<\/p>\n\n\n\n<figure class=\"wp-block-image size-large\"><img loading=\"lazy\" decoding=\"async\" width=\"900\" height=\"514\" src=\"https:\/\/annelertoplandik.com\/blog\/wp-content\/uploads\/2020\/12\/C\u0327ocuklarda-I\u0307drar-Kac\u0327irma.jpg\" alt=\"\u00c7ocuklarda idrar ka\u00e7\u0131rma \" class=\"wp-image-3512\" srcset=\"https:\/\/annelertoplandik.com\/blog\/wp-content\/uploads\/2020\/12\/C\u0327ocuklarda-I\u0307drar-Kac\u0327irma.jpg 900w, https:\/\/annelertoplandik.com\/blog\/wp-content\/uploads\/2020\/12\/C\u0327ocuklarda-I\u0307drar-Kac\u0327irma-300x171.jpg 300w, https:\/\/annelertoplandik.com\/blog\/wp-content\/uploads\/2020\/12\/C\u0327ocuklarda-I\u0307drar-Kac\u0327irma-768x439.jpg 768w, https:\/\/annelertoplandik.com\/blog\/wp-content\/uploads\/2020\/12\/C\u0327ocuklarda-I\u0307drar-Kac\u0327irma-696x397.jpg 696w, https:\/\/annelertoplandik.com\/blog\/wp-content\/uploads\/2020\/12\/C\u0327ocuklarda-I\u0307drar-Kac\u0327irma-735x420.jpg 735w\" sizes=\"(max-width: 900px) 100vw, 900px\" \/><\/figure>\n\n\n\n<h2 class=\"wp-block-heading\"><strong>\u00c7ocuklarda idrar ka\u00e7\u0131rma nas\u0131l te\u015fhis edilir?<\/strong><\/h2>\n\n\n\n<p>\u0130drar ka\u00e7\u0131rma (en\u00fcrezis) genellikle tam bir t\u0131bbi ge\u00e7mi\u015fe ve \u00e7ocu\u011funuzun fiziki muayenesine dayanarak te\u015fhis edilir.&nbsp;Sizinle ve \u00e7ocukla konu\u015fman\u0131n yan\u0131 s\u0131ra, \u00e7ocu\u011funuzun doktoru \u0131slanman\u0131n di\u011fer nedenlerini ortadan kald\u0131rmak i\u00e7in a\u015fa\u011f\u0131dakileri yapabilir:<\/p>\n\n\n\n<ul><li>\u0130drar testleri (diyabet&nbsp;gibi altta yatan bir enfeksiyon veya durum olmad\u0131\u011f\u0131ndan emin olmak i\u00e7in)<\/li><li>Kan bas\u0131nc\u0131 \u00f6l\u00e7\u00fcm\u00fc<\/li><li>Kan testleri<\/li><\/ul>\n\n\n\n<h2 class=\"wp-block-heading\"><strong>\u00c7ocuklarda idrar ka\u00e7\u0131rma (en\u00fcrezis) tedavisi nas\u0131ld\u0131r?<\/strong><\/h2>\n\n\n\n<p><a href=\"https:\/\/annelertoplandik.com\/blog\/cocuklarda-bobrek-yetmezligi-nedir\/\" class=\"rank-math-link\">\u00c7ocuklarda<\/a> idrar ka\u00e7\u0131rma i\u00e7in \u00f6zel tedavi, \u00e7ocu\u011funuzun doktoru taraf\u0131ndan a\u015fa\u011f\u0131dakilere g\u00f6re belirlenecektir:<\/p>\n\n\n\n<ul><li>\u00c7ocu\u011funuzun ya\u015f\u0131, genel sa\u011fl\u0131\u011f\u0131 ve t\u0131bbi ge\u00e7mi\u015fi<\/li><li>Durumun kapsam\u0131<\/li><li>\u00c7ocu\u011funuzun belirli ila\u00e7lara, prosed\u00fcrlere veya tedavilere tolerans\u0131<\/li><li>Durumun seyri i\u00e7in beklentiler<\/li><li>Fikriniz veya tercihiniz<\/li><\/ul>\n\n\n\n<p>Tedaviye ba\u015flamadan \u00f6nce \u015funlar\u0131 bilmek \u00f6nemlidir:<\/p>\n\n\n\n<ul><li>\u00c7ocuk kusurlu de\u011fildir ve cezaland\u0131r\u0131lmamal\u0131d\u0131r.&nbsp;\u00c7ocuklar \u0131slatmay\u0131 kontrol edemez.<\/li><li>Ulusal Diyabet, Sindirim ve B\u00f6brek Hastal\u0131klar\u0131 Enstit\u00fcs\u00fcne g\u00f6re, 5 ya\u015f\u0131ndan sonra en\u00fcrezis, her y\u0131l etkilenen \u00e7ocuklar\u0131n yakla\u015f\u0131k y\u00fczde 15&#8217;i oran\u0131nda do\u011fal olarak ortadan kalk\u0131yor.<\/li><\/ul>\n\n\n\n<p>Tedavi \u015funlar\u0131 i\u00e7erebilir:<\/p>\n\n\n\n<ul><li>\u00c7ocu\u011fun olumlu peki\u015ftirilmesi (ka\u00e7\u0131r\u0131lmayan geceler i\u00e7in \u00e7\u0131kartma \u00e7izelgelerinin kullan\u0131lmas\u0131 gibi)<\/li><li>\u00c7ocu\u011fa \u0131slanman\u0131n ne zaman ger\u00e7ekle\u015fti\u011fini s\u00f6ylemesine yard\u0131mc\u0131 olmak i\u00e7in gece alarmlar\u0131n\u0131n kullan\u0131lmas\u0131<\/li><li>\u00c7ocu\u011funuzun doktoru taraf\u0131ndan re\u00e7ete edilen ila\u00e7lar (ka\u00e7\u0131rmay\u0131 kontrol etmeye yard\u0131mc\u0131 olmak i\u00e7in)<\/li><li>Mesane boyutunu ve \u00e7ocu\u011fun ne zaman idrara \u00e7\u0131kmas\u0131 gerekti\u011fini bilme yetene\u011fini art\u0131rmaya yard\u0131mc\u0131 olmak i\u00e7in mesane e\u011fitimi (bu, \u00e7ocu\u011fun m\u00fcmk\u00fcn oldu\u011funca uzun s\u00fcre idrar yapmas\u0131 ve mesanenin dolmas\u0131na izin vermesiyle yap\u0131l\u0131r)<\/li><li>S\u0131v\u0131lar\u0131 azaltmak ve geceleri kafeinden ka\u00e7\u0131nmak<\/li><\/ul>\n\n\n\n<p>Ek olarak, \u00e7ocuk ve ailenin dan\u0131\u015fmanl\u0131\u011f\u0131 \u00e7ocu\u011fun i\u00e7inde olabilece\u011fi herhangi bir stresi belirlemede yard\u0131mc\u0131 olabilir. \u00c7ocuklarda idrar ka\u00e7\u0131rma utanma, endi\u015felenme ve d\u00fc\u015f\u00fck \u00f6zg\u00fcvene u\u011fratabilir.&nbsp;Bir \u00e7ocu\u011fun gece alt\u0131n\u0131 \u0131slatmamas\u0131 i\u00e7in biraz motivasyona ihtiyac\u0131 olabilir.<\/p>\n","protected":false},"excerpt":{"rendered":"<p>\u00c7ocuklarda idrar ka\u00e7\u0131rma, tuvalet e\u011fitiminden sonra ayda iki veya daha fazla kez meydana gelen istemsiz idrar \u00e7\u0131k\u0131\u015f\u0131 olarak tan\u0131mlan\u0131r.&nbsp;Yatak \u0131slatma (gece idrar ka\u00e7\u0131rma) ve g\u00fcnd\u00fcz inkontinans\u0131, ebeveynler ve \u00e7ocuklar i\u00e7in bir hayal k\u0131r\u0131kl\u0131\u011f\u0131 kayna\u011f\u0131 olabilir.&nbsp;\u00c7ocuklar, \u00f6zellikle b\u00fcy\u00fcd\u00fck\u00e7e, g\u00fcnd\u00fcz ve gece alt\u0131na ka\u00e7\u0131rmalar\u0131 nedeniyle utan\u00e7, endi\u015fe etme ve hatta k\u0131zg\u0131nl\u0131k hissedebilirler.&nbsp;Ebeveynler, \u00e7ocu\u011fun idrar\u0131n\u0131 neden kontrol edemedi\u011fini [&hellip;]<\/p>\n","protected":false},"author":1,"featured_media":3511,"comment_status":"open","ping_status":"open","sticky":false,"template":"","format":"standard","meta":{"tdm_status":"","tdm_grid_status":"","footnotes":""},"categories":[47],"tags":[],"yoast_head":"<!-- This site is optimized with the Yoast SEO plugin v24.5 - https:\/\/yoast.com\/wordpress\/plugins\/seo\/ -->\n<title>\u00c7ocuklarda \u0130drar Ka\u00e7\u0131rma (En\u00fcrezis) | Anneler Topland\u0131k<\/title>\n<meta name=\"robots\" content=\"index, follow, max-snippet:-1, max-image-preview:large, max-video-preview:-1\" \/>\n<link rel=\"canonical\" href=\"https:\/\/annelertoplandik.com\/blog\/cocuklarda-idrar-kacirma-enurezis\/\" \/>\n<meta property=\"og:locale\" content=\"tr_TR\" \/>\n<meta property=\"og:type\" content=\"article\" \/>\n<meta property=\"og:title\" content=\"\u00c7ocuklarda \u0130drar Ka\u00e7\u0131rma (En\u00fcrezis) | Anneler Topland\u0131k\" \/>\n<meta property=\"og:description\" content=\"\u00c7ocuklarda idrar ka\u00e7\u0131rma, tuvalet e\u011fitiminden sonra ayda iki veya daha fazla kez meydana gelen istemsiz idrar \u00e7\u0131k\u0131\u015f\u0131 olarak tan\u0131mlan\u0131r.&nbsp;Yatak \u0131slatma (gece idrar ka\u00e7\u0131rma) ve g\u00fcnd\u00fcz inkontinans\u0131, ebeveynler ve \u00e7ocuklar i\u00e7in bir hayal k\u0131r\u0131kl\u0131\u011f\u0131 kayna\u011f\u0131 olabilir.&nbsp;\u00c7ocuklar, \u00f6zellikle b\u00fcy\u00fcd\u00fck\u00e7e, g\u00fcnd\u00fcz ve gece alt\u0131na ka\u00e7\u0131rmalar\u0131 nedeniyle utan\u00e7, endi\u015fe etme ve hatta k\u0131zg\u0131nl\u0131k hissedebilirler.&nbsp;Ebeveynler, \u00e7ocu\u011fun idrar\u0131n\u0131 neden kontrol edemedi\u011fini [&hellip;]\" \/>\n<meta property=\"og:url\" content=\"https:\/\/annelertoplandik.com\/blog\/cocuklarda-idrar-kacirma-enurezis\/\" \/>\n<meta property=\"og:site_name\" content=\"Anneler Topland\u0131k\" \/>\n<meta property=\"article:published_time\" content=\"2020-12-25T08:38:00+00:00\" \/>\n<meta property=\"article:modified_time\" content=\"2020-12-28T08:43:36+00:00\" \/>\n<meta property=\"og:image\" content=\"https:\/\/annelertoplandik.com\/blog\/wp-content\/uploads\/2020\/12\/Cocuklarda-idrar-kacirma.jpeg\" \/>\n\t<meta property=\"og:image:width\" content=\"1000\" \/>\n\t<meta property=\"og:image:height\" content=\"667\" \/>\n\t<meta property=\"og:image:type\" content=\"image\/jpeg\" \/>\n<meta name=\"author\" content=\"Admin\" \/>\n<meta name=\"twitter:card\" content=\"summary_large_image\" \/>\n<meta name=\"twitter:label1\" content=\"Yazan:\" \/>\n\t<meta name=\"twitter:data1\" content=\"Admin\" \/>\n\t<meta name=\"twitter:label2\" content=\"Tahmini okuma s\u00fcresi\" \/>\n\t<meta name=\"twitter:data2\" content=\"4 dakika\" \/>\n<script type=\"application\/ld+json\" class=\"yoast-schema-graph\">{\"@context\":\"https:\/\/schema.org\",\"@graph\":[{\"@type\":\"Article\",\"@id\":\"https:\/\/annelertoplandik.com\/blog\/cocuklarda-idrar-kacirma-enurezis\/#article\",\"isPartOf\":{\"@id\":\"https:\/\/annelertoplandik.com\/blog\/cocuklarda-idrar-kacirma-enurezis\/\"},\"author\":{\"name\":\"Admin\",\"@id\":\"https:\/\/annelertoplandik.com\/blog\/#\/schema\/person\/1fe572fbbce7ca9b1429e03f3fc0d0a8\"},\"headline\":\"\u00c7ocuklarda \u0130drar Ka\u00e7\u0131rma (En\u00fcrezis)\",\"datePublished\":\"2020-12-25T08:38:00+00:00\",\"dateModified\":\"2020-12-28T08:43:36+00:00\",\"mainEntityOfPage\":{\"@id\":\"https:\/\/annelertoplandik.com\/blog\/cocuklarda-idrar-kacirma-enurezis\/\"},\"wordCount\":868,\"commentCount\":0,\"publisher\":{\"@id\":\"https:\/\/annelertoplandik.com\/blog\/#\/schema\/person\/1fe572fbbce7ca9b1429e03f3fc0d0a8\"},\"image\":{\"@id\":\"https:\/\/annelertoplandik.com\/blog\/cocuklarda-idrar-kacirma-enurezis\/#primaryimage\"},\"thumbnailUrl\":\"https:\/\/annelertoplandik.com\/blog\/wp-content\/uploads\/2020\/12\/Cocuklarda-idrar-kacirma.jpeg\",\"articleSection\":[\"\u00c7ocuk Sa\u011fl\u0131\u011f\u0131\"],\"inLanguage\":\"tr\",\"potentialAction\":[{\"@type\":\"CommentAction\",\"name\":\"Comment\",\"target\":[\"https:\/\/annelertoplandik.com\/blog\/cocuklarda-idrar-kacirma-enurezis\/#respond\"]}]},{\"@type\":\"WebPage\",\"@id\":\"https:\/\/annelertoplandik.com\/blog\/cocuklarda-idrar-kacirma-enurezis\/\",\"url\":\"https:\/\/annelertoplandik.com\/blog\/cocuklarda-idrar-kacirma-enurezis\/\",\"name\":\"\u00c7ocuklarda \u0130drar Ka\u00e7\u0131rma (En\u00fcrezis) | Anneler Topland\u0131k\",\"isPartOf\":{\"@id\":\"https:\/\/annelertoplandik.com\/blog\/#website\"},\"primaryImageOfPage\":{\"@id\":\"https:\/\/annelertoplandik.com\/blog\/cocuklarda-idrar-kacirma-enurezis\/#primaryimage\"},\"image\":{\"@id\":\"https:\/\/annelertoplandik.com\/blog\/cocuklarda-idrar-kacirma-enurezis\/#primaryimage\"},\"thumbnailUrl\":\"https:\/\/annelertoplandik.com\/blog\/wp-content\/uploads\/2020\/12\/Cocuklarda-idrar-kacirma.jpeg\",\"datePublished\":\"2020-12-25T08:38:00+00:00\",\"dateModified\":\"2020-12-28T08:43:36+00:00\",\"breadcrumb\":{\"@id\":\"https:\/\/annelertoplandik.com\/blog\/cocuklarda-idrar-kacirma-enurezis\/#breadcrumb\"},\"inLanguage\":\"tr\",\"potentialAction\":[{\"@type\":\"ReadAction\",\"target\":[\"https:\/\/annelertoplandik.com\/blog\/cocuklarda-idrar-kacirma-enurezis\/\"]}]},{\"@type\":\"ImageObject\",\"inLanguage\":\"tr\",\"@id\":\"https:\/\/annelertoplandik.com\/blog\/cocuklarda-idrar-kacirma-enurezis\/#primaryimage\",\"url\":\"https:\/\/annelertoplandik.com\/blog\/wp-content\/uploads\/2020\/12\/Cocuklarda-idrar-kacirma.jpeg\",\"contentUrl\":\"https:\/\/annelertoplandik.com\/blog\/wp-content\/uploads\/2020\/12\/Cocuklarda-idrar-kacirma.jpeg\",\"width\":1000,\"height\":667,\"caption\":\"\u00c7ocuklarda idrar ka\u00e7\u0131rma\"},{\"@type\":\"BreadcrumbList\",\"@id\":\"https:\/\/annelertoplandik.com\/blog\/cocuklarda-idrar-kacirma-enurezis\/#breadcrumb\",\"itemListElement\":[{\"@type\":\"ListItem\",\"position\":1,\"name\":\"Ana sayfa\",\"item\":\"https:\/\/annelertoplandik.com\/blog\/\"},{\"@type\":\"ListItem\",\"position\":2,\"name\":\"\u00c7ocuklarda \u0130drar Ka\u00e7\u0131rma (En\u00fcrezis)\"}]},{\"@type\":\"WebSite\",\"@id\":\"https:\/\/annelertoplandik.com\/blog\/#website\",\"url\":\"https:\/\/annelertoplandik.com\/blog\/\",\"name\":\"Anneler Topland\u0131k\",\"description\":\"Annelerin sanal payla\u015f\u0131m merkezi\",\"publisher\":{\"@id\":\"https:\/\/annelertoplandik.com\/blog\/#\/schema\/person\/1fe572fbbce7ca9b1429e03f3fc0d0a8\"},\"potentialAction\":[{\"@type\":\"SearchAction\",\"target\":{\"@type\":\"EntryPoint\",\"urlTemplate\":\"https:\/\/annelertoplandik.com\/blog\/?s={search_term_string}\"},\"query-input\":{\"@type\":\"PropertyValueSpecification\",\"valueRequired\":true,\"valueName\":\"search_term_string\"}}],\"inLanguage\":\"tr\"},{\"@type\":[\"Person\",\"Organization\"],\"@id\":\"https:\/\/annelertoplandik.com\/blog\/#\/schema\/person\/1fe572fbbce7ca9b1429e03f3fc0d0a8\",\"name\":\"Admin\",\"image\":{\"@type\":\"ImageObject\",\"inLanguage\":\"tr\",\"@id\":\"https:\/\/annelertoplandik.com\/blog\/#\/schema\/person\/image\/\",\"url\":\"https:\/\/annelertoplandik.com\/blog\/wp-content\/litespeed\/avatar\/b11040300c1fe933a5185741d40560b6.jpg?ver=1777032257\",\"contentUrl\":\"https:\/\/annelertoplandik.com\/blog\/wp-content\/litespeed\/avatar\/b11040300c1fe933a5185741d40560b6.jpg?ver=1777032257\",\"caption\":\"Admin\"},\"logo\":{\"@id\":\"https:\/\/annelertoplandik.com\/blog\/#\/schema\/person\/image\/\"}}]}<\/script>\n<!-- \/ Yoast SEO plugin. -->","yoast_head_json":{"title":"\u00c7ocuklarda \u0130drar Ka\u00e7\u0131rma (En\u00fcrezis) | Anneler Topland\u0131k","robots":{"index":"index","follow":"follow","max-snippet":"max-snippet:-1","max-image-preview":"max-image-preview:large","max-video-preview":"max-video-preview:-1"},"canonical":"https:\/\/annelertoplandik.com\/blog\/cocuklarda-idrar-kacirma-enurezis\/","og_locale":"tr_TR","og_type":"article","og_title":"\u00c7ocuklarda \u0130drar Ka\u00e7\u0131rma (En\u00fcrezis) | Anneler Topland\u0131k","og_description":"\u00c7ocuklarda idrar ka\u00e7\u0131rma, tuvalet e\u011fitiminden sonra ayda iki veya daha fazla kez meydana gelen istemsiz idrar \u00e7\u0131k\u0131\u015f\u0131 olarak tan\u0131mlan\u0131r.&nbsp;Yatak \u0131slatma (gece idrar ka\u00e7\u0131rma) ve g\u00fcnd\u00fcz inkontinans\u0131, ebeveynler ve \u00e7ocuklar i\u00e7in bir hayal k\u0131r\u0131kl\u0131\u011f\u0131 kayna\u011f\u0131 olabilir.&nbsp;\u00c7ocuklar, \u00f6zellikle b\u00fcy\u00fcd\u00fck\u00e7e, g\u00fcnd\u00fcz ve gece alt\u0131na ka\u00e7\u0131rmalar\u0131 nedeniyle utan\u00e7, endi\u015fe etme ve hatta k\u0131zg\u0131nl\u0131k hissedebilirler.&nbsp;Ebeveynler, \u00e7ocu\u011fun idrar\u0131n\u0131 neden kontrol edemedi\u011fini [&hellip;]","og_url":"https:\/\/annelertoplandik.com\/blog\/cocuklarda-idrar-kacirma-enurezis\/","og_site_name":"Anneler Topland\u0131k","article_published_time":"2020-12-25T08:38:00+00:00","article_modified_time":"2020-12-28T08:43:36+00:00","og_image":[{"width":1000,"height":667,"url":"https:\/\/annelertoplandik.com\/blog\/wp-content\/uploads\/2020\/12\/Cocuklarda-idrar-kacirma.jpeg","type":"image\/jpeg"}],"author":"Admin","twitter_card":"summary_large_image","twitter_misc":{"Yazan:":"Admin","Tahmini okuma s\u00fcresi":"4 dakika"},"schema":{"@context":"https:\/\/schema.org","@graph":[{"@type":"Article","@id":"https:\/\/annelertoplandik.com\/blog\/cocuklarda-idrar-kacirma-enurezis\/#article","isPartOf":{"@id":"https:\/\/annelertoplandik.com\/blog\/cocuklarda-idrar-kacirma-enurezis\/"},"author":{"name":"Admin","@id":"https:\/\/annelertoplandik.com\/blog\/#\/schema\/person\/1fe572fbbce7ca9b1429e03f3fc0d0a8"},"headline":"\u00c7ocuklarda \u0130drar Ka\u00e7\u0131rma (En\u00fcrezis)","datePublished":"2020-12-25T08:38:00+00:00","dateModified":"2020-12-28T08:43:36+00:00","mainEntityOfPage":{"@id":"https:\/\/annelertoplandik.com\/blog\/cocuklarda-idrar-kacirma-enurezis\/"},"wordCount":868,"commentCount":0,"publisher":{"@id":"https:\/\/annelertoplandik.com\/blog\/#\/schema\/person\/1fe572fbbce7ca9b1429e03f3fc0d0a8"},"image":{"@id":"https:\/\/annelertoplandik.com\/blog\/cocuklarda-idrar-kacirma-enurezis\/#primaryimage"},"thumbnailUrl":"https:\/\/annelertoplandik.com\/blog\/wp-content\/uploads\/2020\/12\/Cocuklarda-idrar-kacirma.jpeg","articleSection":["\u00c7ocuk Sa\u011fl\u0131\u011f\u0131"],"inLanguage":"tr","potentialAction":[{"@type":"CommentAction","name":"Comment","target":["https:\/\/annelertoplandik.com\/blog\/cocuklarda-idrar-kacirma-enurezis\/#respond"]}]},{"@type":"WebPage","@id":"https:\/\/annelertoplandik.com\/blog\/cocuklarda-idrar-kacirma-enurezis\/","url":"https:\/\/annelertoplandik.com\/blog\/cocuklarda-idrar-kacirma-enurezis\/","name":"\u00c7ocuklarda \u0130drar Ka\u00e7\u0131rma (En\u00fcrezis) | Anneler Topland\u0131k","isPartOf":{"@id":"https:\/\/annelertoplandik.com\/blog\/#website"},"primaryImageOfPage":{"@id":"https:\/\/annelertoplandik.com\/blog\/cocuklarda-idrar-kacirma-enurezis\/#primaryimage"},"image":{"@id":"https:\/\/annelertoplandik.com\/blog\/cocuklarda-idrar-kacirma-enurezis\/#primaryimage"},"thumbnailUrl":"https:\/\/annelertoplandik.com\/blog\/wp-content\/uploads\/2020\/12\/Cocuklarda-idrar-kacirma.jpeg","datePublished":"2020-12-25T08:38:00+00:00","dateModified":"2020-12-28T08:43:36+00:00","breadcrumb":{"@id":"https:\/\/annelertoplandik.com\/blog\/cocuklarda-idrar-kacirma-enurezis\/#breadcrumb"},"inLanguage":"tr","potentialAction":[{"@type":"ReadAction","target":["https:\/\/annelertoplandik.com\/blog\/cocuklarda-idrar-kacirma-enurezis\/"]}]},{"@type":"ImageObject","inLanguage":"tr","@id":"https:\/\/annelertoplandik.com\/blog\/cocuklarda-idrar-kacirma-enurezis\/#primaryimage","url":"https:\/\/annelertoplandik.com\/blog\/wp-content\/uploads\/2020\/12\/Cocuklarda-idrar-kacirma.jpeg","contentUrl":"https:\/\/annelertoplandik.com\/blog\/wp-content\/uploads\/2020\/12\/Cocuklarda-idrar-kacirma.jpeg","width":1000,"height":667,"caption":"\u00c7ocuklarda idrar ka\u00e7\u0131rma"},{"@type":"BreadcrumbList","@id":"https:\/\/annelertoplandik.com\/blog\/cocuklarda-idrar-kacirma-enurezis\/#breadcrumb","itemListElement":[{"@type":"ListItem","position":1,"name":"Ana sayfa","item":"https:\/\/annelertoplandik.com\/blog\/"},{"@type":"ListItem","position":2,"name":"\u00c7ocuklarda \u0130drar Ka\u00e7\u0131rma (En\u00fcrezis)"}]},{"@type":"WebSite","@id":"https:\/\/annelertoplandik.com\/blog\/#website","url":"https:\/\/annelertoplandik.com\/blog\/","name":"Anneler Topland\u0131k","description":"Annelerin sanal payla\u015f\u0131m merkezi","publisher":{"@id":"https:\/\/annelertoplandik.com\/blog\/#\/schema\/person\/1fe572fbbce7ca9b1429e03f3fc0d0a8"},"potentialAction":[{"@type":"SearchAction","target":{"@type":"EntryPoint","urlTemplate":"https:\/\/annelertoplandik.com\/blog\/?s={search_term_string}"},"query-input":{"@type":"PropertyValueSpecification","valueRequired":true,"valueName":"search_term_string"}}],"inLanguage":"tr"},{"@type":["Person","Organization"],"@id":"https:\/\/annelertoplandik.com\/blog\/#\/schema\/person\/1fe572fbbce7ca9b1429e03f3fc0d0a8","name":"Admin","image":{"@type":"ImageObject","inLanguage":"tr","@id":"https:\/\/annelertoplandik.com\/blog\/#\/schema\/person\/image\/","url":"https:\/\/annelertoplandik.com\/blog\/wp-content\/litespeed\/avatar\/b11040300c1fe933a5185741d40560b6.jpg?ver=1777032257","contentUrl":"https:\/\/annelertoplandik.com\/blog\/wp-content\/litespeed\/avatar\/b11040300c1fe933a5185741d40560b6.jpg?ver=1777032257","caption":"Admin"},"logo":{"@id":"https:\/\/annelertoplandik.com\/blog\/#\/schema\/person\/image\/"}}]}},"amp_enabled":true,"_links":{"self":[{"href":"https:\/\/annelertoplandik.com\/blog\/wp-json\/wp\/v2\/posts\/3510"}],"collection":[{"href":"https:\/\/annelertoplandik.com\/blog\/wp-json\/wp\/v2\/posts"}],"about":[{"href":"https:\/\/annelertoplandik.com\/blog\/wp-json\/wp\/v2\/types\/post"}],"author":[{"embeddable":true,"href":"https:\/\/annelertoplandik.com\/blog\/wp-json\/wp\/v2\/users\/1"}],"replies":[{"embeddable":true,"href":"https:\/\/annelertoplandik.com\/blog\/wp-json\/wp\/v2\/comments?post=3510"}],"version-history":[{"count":0,"href":"https:\/\/annelertoplandik.com\/blog\/wp-json\/wp\/v2\/posts\/3510\/revisions"}],"wp:featuredmedia":[{"embeddable":true,"href":"https:\/\/annelertoplandik.com\/blog\/wp-json\/wp\/v2\/media\/3511"}],"wp:attachment":[{"href":"https:\/\/annelertoplandik.com\/blog\/wp-json\/wp\/v2\/media?parent=3510"}],"wp:term":[{"taxonomy":"category","embeddable":true,"href":"https:\/\/annelertoplandik.com\/blog\/wp-json\/wp\/v2\/categories?post=3510"},{"taxonomy":"post_tag","embeddable":true,"href":"https:\/\/annelertoplandik.com\/blog\/wp-json\/wp\/v2\/tags?post=3510"}],"curies":[{"name":"wp","href":"https:\/\/api.w.org\/{rel}","templated":true}]}}