{"id":3631,"date":"2021-01-20T00:34:00","date_gmt":"2021-01-19T21:34:00","guid":{"rendered":"https:\/\/annelertoplandik.com\/blog\/?p=3631"},"modified":"2021-01-26T00:43:23","modified_gmt":"2021-01-25T21:43:23","slug":"kalca-displazisi-ve-kalca-cikigi","status":"publish","type":"post","link":"https:\/\/annelertoplandik.com\/blog\/kalca-displazisi-ve-kalca-cikigi\/","title":{"rendered":"Kal\u00e7a Displazisi Ve Kal\u00e7a \u00c7\u0131k\u0131\u011f\u0131"},"content":{"rendered":"\n<p>Kal\u00e7a displazisi ve kal\u00e7a \u00e7\u0131k\u0131\u011f\u0131, kal\u00e7a ekleminin do\u011fu\u015ftan gelen bir deformitesidir.\u00a0Eklem, femur ba\u015f\u0131 (uyluk kemi\u011fi \u00fczerinde) ve asetabulumdan (pelvisin bir k\u0131sm\u0131) olu\u015fur.\u00a0Displazide yuvan\u0131n olgunla\u015fma bozuklu\u011fu varken, \u00e7\u0131k\u0131k durumunda femur ba\u015f\u0131 yuvaya do\u011fru \u015fekilde yerle\u015ftirilmemi\u015ftir. Kal\u00e7a displazisi ve \u00e7\u0131k\u0131\u011f\u0131 co\u011frafi b\u00f6lge veya etnik gruba g\u00f6re de\u011fi\u015fiklik g\u00f6sterir.\u00a0Son on y\u0131lda hastal\u0131kta genel bir azalma olmu\u015ftur.\u00a0Tarihsel \u00e7al\u0131\u015fmalar Orta Avrupa i\u00e7in displazi oranlar\u0131n\u0131n yakla\u015f\u0131k y\u00fczde iki ila d\u00f6rt ve dislokasyon oranlar\u0131n\u0131n yakla\u015f\u0131k y\u00fczde 0.5 ila bir oldu\u011funu g\u00f6stermektedir. T\u00fcm d\u00fcnyada k\u0131zlar\u0131n kal\u00e7a displazisi veya \u00e7\u0131k\u0131\u011f\u0131ndan etkilenme olas\u0131l\u0131\u011f\u0131 erkeklerden d\u00f6rt kat daha fazlad\u0131r.<\/p>\n\n\n\n<h2 class=\"wp-block-heading\"><strong>Kal\u00e7a displazisi ve kal\u00e7a \u00e7\u0131k\u0131\u011f\u0131 nedenleri<\/strong><\/h2>\n\n\n\n<p>Kal\u00e7a displazisi ve \u00e7\u0131k\u0131\u011f\u0131n\u0131n geli\u015fmesinde genetik, mekanik veya hormonal gibi bir\u00e7ok fakt\u00f6r rol oynar.&nbsp;Risk fakt\u00f6rleri aras\u0131nda yak\u0131n bir akraban\u0131n etkilenip etkilenmedi\u011fi, ba\u015fka bir iskelet anormalli\u011finin varl\u0131\u011f\u0131, kad\u0131n cinsiyeti ve yenido\u011fanda displaziyi veya dislokasyonu te\u015fvik edebilecek hamilelikle ilgili \u00e7e\u015fitli fakt\u00f6rler bulunur.&nbsp;Bunlar aras\u0131nda \u00e7ocu\u011fun kal\u00e7a veya makat pozisyonu, amniyotik s\u0131v\u0131 eksikli\u011fi ve ilk do\u011fum yer al\u0131r.<\/p>\n\n\n\n<h2 class=\"wp-block-heading\"><strong>Belirtiler ve seyir<\/strong><\/h2>\n\n\n\n<p>Yenido\u011fanlarda veya bebeklerde olas\u0131 belirtiler, kal\u00e7a ekleminin t\u0131kanmas\u0131 veya inhibisyonu, bacak uzunlu\u011funda bir farkl\u0131l\u0131k, muhtemelen di\u011fer iskelet malformasyonlar\u0131, anormal stabilite testleri ve bacaklarda hareket eksikli\u011fi veya asimetrik hareketlerdir.&nbsp;Gluteal ve uyluk k\u0131vr\u0131mlar\u0131n\u0131n asimetrisi de bir g\u00f6sterge olabilir, ancak kesin de\u011fildir.<\/p>\n\n\n\n<p>Eklem soketinin olgunla\u015fma bozuklu\u011fu veya iki tarafl\u0131 kal\u00e7a \u00e7\u0131k\u0131\u011f\u0131, bebe\u011fin klinik muayenesinde bile g\u00f6z ard\u0131 edilebilir.&nbsp;Ergenlik d\u00f6neminde veya gen\u00e7 yeti\u015fkinlikte anormal y\u00fcr\u00fcy\u00fc\u015f veya kal\u00e7a eklemi problemleri daha sonra hastay\u0131 doktora g\u00f6t\u00fcr\u00fcr.<\/p>\n\n\n\n<p>Tedavi edilmezse kal\u00e7a displazisi erken eklem a\u015f\u0131nmas\u0131na sebep olur.<\/p>\n\n\n\n<h2 class=\"wp-block-heading\"><strong>Te\u015fhis<\/strong><\/h2>\n\n\n\n<p>Te\u015fhis, kal\u00e7a eklemlerinin ultrason muayenesinin (bebek sonografisi) bir par\u00e7as\u0131 olarak konur.\u00a0Bu bebeklerde m\u00fcmk\u00fcnd\u00fcr \u00e7\u00fcnk\u00fc femur ba\u015f\u0131 k\u0131k\u0131rdaktan olu\u015fur ve hen\u00fcz kemik de\u011fildir.\u00a0Ultrasonik dalgalar, k\u0131k\u0131rdakl\u0131 femur ba\u015f\u0131na n\u00fcfuz edebilir ve arkas\u0131ndaki asetabulum de\u011ferlendirilebilir.\u00a0Kal\u00e7a ultrason muayenesi, U3 muayenesinin bir par\u00e7as\u0131 olarak (ya\u015fam\u0131n d\u00f6rd\u00fcnc\u00fc ila be\u015finci haftas\u0131nda) rutin olarak yap\u0131l\u0131r.\u00a0Risk fakt\u00f6rleri biliniyorsa, do\u011fum klinikleri bazen bu muayeneyi daha erken yapar.\u00a0<a href=\"https:\/\/annelertoplandik.com\/blog\/bebeklerde-kalca-cikikligi-belirtileri-ve-tedavisi\/\" class=\"rank-math-link\">Kal\u00e7a<\/a> taramas\u0131 1980&#8217;lerin ba\u015f\u0131nda Prof. Reinhard Graf taraf\u0131ndan geli\u015ftirilen kriterlere g\u00f6re yap\u0131lmaktad\u0131r.\u00a0Burada kal\u00e7a ekleminin g\u00f6r\u00fcn\u00fcm\u00fc de\u011ferlendirilir. Kal\u00e7a displazisinin veya \u00e7\u0131k\u0131\u011f\u0131n\u0131n tercih edilen y\u00f6ntem olup olmad\u0131\u011f\u0131n\u0131 belirlemek i\u00e7in bir r\u00f6ntgen \u00e7ekilmesi gerekir.<\/p>\n\n\n\n<h2 class=\"wp-block-heading\"><strong>Tedavi<\/strong><\/h2>\n\n\n\n<p>Tedavi, \u00e7ocu\u011fun ya\u015f\u0131na ve bulgular\u0131n ciddiyetine ba\u011fl\u0131d\u0131r.&nbsp;Temelde konservatif yani ameliyats\u0131z tedavi se\u00e7enekleri ve operasyonlar\u0131 vard\u0131r.<\/p>\n\n\n\n<h3 class=\"wp-block-heading\"><strong>Konservatif tedavi<\/strong><\/h3>\n\n\n\n<p>Burada olgunla\u015fma tedavisi, azaltma ve tutma aras\u0131nda bir ayr\u0131m yap\u0131l\u0131r. Femur ba\u015f\u0131 yuva i\u00e7indeyse olgunla\u015fma tedavisi gereklidir, ancak yuva ya\u015fa uygun de\u011fildir.&nbsp;Tan\u0131mlanm\u0131\u015f kal\u00e7a fleksiyonu ve yay\u0131lmas\u0131ndaki tedavi asetabulumun olgunla\u015fmas\u0131na neden olur.&nbsp;Bernau taraf\u0131ndan geli\u015ftirilen T\u00fcbingen ray\u0131 genellikle bunun i\u00e7in kullan\u0131l\u0131r. Femur ba\u015f\u0131 yuvada de\u011filse, \u00f6ncelikle k\u00fc\u00e7\u00fcltme y\u00f6ntemleri gereklidir.<\/p>\n\n\n\n<p>Femur ba\u015f\u0131 eklem yuvas\u0131na ortalan\u0131r, retansiyon belirtilir.\u00a0Femur ba\u015f\u0131, sabit bir eklem durumu olu\u015fabilmesi i\u00e7in atel veya al\u00e7\u0131 tedavisi ile yuvada tutulur.\u00a0En yayg\u0131n y\u00f6ntem ya\u011fl\u0131 beyaz al\u00e7\u0131d\u0131r. Bu, oturma \/ \u00e7\u00f6melme pozisyonunda bir pelvik ve bacak al\u00e7\u0131s\u0131d\u0131r.\u00a0Al\u00e7\u0131n\u0131n avantaj\u0131 kal\u00e7a eklemlerini optimum pozisyonda tutmas\u0131 ve ebeveynler taraf\u0131ndan \u00e7\u0131kar\u0131lamamas\u0131d\u0131r.\u00a0Al\u00e7\u0131 i\u015fleminin ard\u0131ndan, durumu daha da olgunla\u015ft\u0131rmak ve stabilize etmek i\u00e7in bir splint tedavisi gerekir.<\/p>\n\n\n\n<h3 class=\"wp-block-heading\"><strong>Operatif tedavi<\/strong><\/h3>\n\n\n\n<p>Konservatif \u00f6nlemler, merkezlenmi\u015f ve olgun bir kal\u00e7a eklemi olu\u015fturmada ba\u015far\u0131l\u0131 olmazsa, bir operasyon gereklidir.&nbsp;Burada da \u00e7ocu\u011fun ya\u015f\u0131na ve ba\u015flang\u0131\u00e7 \u200b\u200bdurumuna g\u00f6re farkl\u0131 y\u00f6ntemler bulunmaktad\u0131r.&nbsp;Bu y\u00f6ntemlerin birbiriyle birle\u015ftirilmesi de gerekebilir.<\/p>\n\n\n\n<p>Kal\u00e7a \u00e7\u0131k\u0131\u011f\u0131 durumunda femur ba\u015f\u0131 yuvada de\u011filse, a\u00e7\u0131k bir ayar yap\u0131lmal\u0131d\u0131r (femur ba\u015f\u0131n\u0131n cerrahi olarak red\u00fcksiyonu g\u00f6r\u00fcl\u00fcyor).&nbsp;Femur ba\u015f\u0131n\u0131n yuvada ayarlanmas\u0131n\u0131 engelleyen red\u00fcksiyonun \u00f6n\u00fcndeki t\u00fcm engeller kald\u0131r\u0131l\u0131r.&nbsp;Ayr\u0131ca geni\u015flemi\u015f eklem kaps\u00fcl\u00fcn\u00fcn toplanmas\u0131 ve baz\u0131 kaslar\u0131n uzat\u0131lmas\u0131 gerekir.&nbsp;Femur ba\u015f\u0131 yuvadan uzaksa, femur da k\u0131sal\u0131r.<\/p>\n\n\n\n<p>Femur ba\u015f\u0131n\u0131n \u00e7at\u0131s\u0131n\u0131 iyile\u015ftirmek i\u00e7in, kal\u00e7a \u00e7ukuru b\u00f6lgesinde, yani pelvis b\u00f6lgesinde bir d\u00fczeltme yap\u0131lmal\u0131d\u0131r.&nbsp;Kal\u00e7a displazisi veya kal\u00e7a \u00e7\u0131k\u0131\u011f\u0131 durumunda, yuva daha diktir ve baz\u0131 durumlarda normal olarak geli\u015fmi\u015f bir kal\u00e7a ekleminden daha k\u0131sad\u0131r.&nbsp;<\/p>\n\n\n\n<p>Eklemleri iyile\u015ftirmek i\u00e7in cerrahi \u00f6nlemler sadece yukar\u0131da belirtildi\u011fi gibi pelvik tarafta de\u011fil, ayn\u0131 zamanda uyluk kemi\u011finde de m\u00fcmk\u00fcnd\u00fcr.&nbsp;Bu kemik kal\u00e7a eklemine yak\u0131n kesilerek istenen d\u00fczeltme elde edilebilir. Belirgin \u015fikayetlerle ba\u011flant\u0131l\u0131 olarak kal\u00e7a ekleminde halihaz\u0131rda a\u015f\u0131nma ve y\u0131pranma varsa, gen\u00e7 yeti\u015fkinlikte bile kal\u00e7a eklemi endoprotezi gerekebilir.<\/p>\n\n\n\n<p>Tedavi edilen her kal\u00e7an\u0131n, b\u00fcy\u00fcme tamamlan\u0131ncaya kadar d\u00fczenli aral\u0131klarla X-\u0131\u015f\u0131n\u0131 ile kontrol edilmesi \u00f6nemlidir, \u00e7\u00fcnk\u00fc baz\u0131 durumlarda bulgular tekrar bozulabilir.<\/p>\n","protected":false},"excerpt":{"rendered":"<p>Kal\u00e7a displazisi ve kal\u00e7a \u00e7\u0131k\u0131\u011f\u0131, kal\u00e7a ekleminin do\u011fu\u015ftan gelen bir deformitesidir.\u00a0Eklem, femur ba\u015f\u0131 (uyluk kemi\u011fi \u00fczerinde) ve asetabulumdan (pelvisin bir k\u0131sm\u0131) olu\u015fur.\u00a0Displazide yuvan\u0131n olgunla\u015fma bozuklu\u011fu varken, \u00e7\u0131k\u0131k durumunda femur ba\u015f\u0131 yuvaya do\u011fru \u015fekilde yerle\u015ftirilmemi\u015ftir. Kal\u00e7a displazisi ve \u00e7\u0131k\u0131\u011f\u0131 co\u011frafi b\u00f6lge veya etnik gruba g\u00f6re de\u011fi\u015fiklik g\u00f6sterir.\u00a0Son on y\u0131lda hastal\u0131kta genel bir azalma olmu\u015ftur.\u00a0Tarihsel \u00e7al\u0131\u015fmalar Orta [&hellip;]<\/p>\n","protected":false},"author":1,"featured_media":3633,"comment_status":"open","ping_status":"open","sticky":false,"template":"","format":"standard","meta":{"tdm_status":"","tdm_grid_status":"","footnotes":""},"categories":[38],"tags":[],"yoast_head":"<!-- This site is optimized with the Yoast SEO plugin v24.5 - https:\/\/yoast.com\/wordpress\/plugins\/seo\/ -->\n<title>Kal\u00e7a Displazisi Ve Kal\u00e7a \u00c7\u0131k\u0131\u011f\u0131 | Anneler Topland\u0131k<\/title>\n<meta name=\"robots\" content=\"index, follow, max-snippet:-1, max-image-preview:large, max-video-preview:-1\" \/>\n<link rel=\"canonical\" href=\"https:\/\/annelertoplandik.com\/blog\/kalca-displazisi-ve-kalca-cikigi\/\" \/>\n<meta property=\"og:locale\" content=\"tr_TR\" \/>\n<meta property=\"og:type\" content=\"article\" \/>\n<meta property=\"og:title\" content=\"Kal\u00e7a Displazisi Ve Kal\u00e7a \u00c7\u0131k\u0131\u011f\u0131 | Anneler Topland\u0131k\" \/>\n<meta property=\"og:description\" content=\"Kal\u00e7a displazisi ve kal\u00e7a \u00e7\u0131k\u0131\u011f\u0131, kal\u00e7a ekleminin do\u011fu\u015ftan gelen bir deformitesidir.\u00a0Eklem, femur ba\u015f\u0131 (uyluk kemi\u011fi \u00fczerinde) ve asetabulumdan (pelvisin bir k\u0131sm\u0131) olu\u015fur.\u00a0Displazide yuvan\u0131n olgunla\u015fma bozuklu\u011fu varken, \u00e7\u0131k\u0131k durumunda femur ba\u015f\u0131 yuvaya do\u011fru \u015fekilde yerle\u015ftirilmemi\u015ftir. Kal\u00e7a displazisi ve \u00e7\u0131k\u0131\u011f\u0131 co\u011frafi b\u00f6lge veya etnik gruba g\u00f6re de\u011fi\u015fiklik g\u00f6sterir.\u00a0Son on y\u0131lda hastal\u0131kta genel bir azalma olmu\u015ftur.\u00a0Tarihsel \u00e7al\u0131\u015fmalar Orta [&hellip;]\" \/>\n<meta property=\"og:url\" content=\"https:\/\/annelertoplandik.com\/blog\/kalca-displazisi-ve-kalca-cikigi\/\" \/>\n<meta property=\"og:site_name\" content=\"Anneler Topland\u0131k\" \/>\n<meta property=\"article:published_time\" content=\"2021-01-19T21:34:00+00:00\" \/>\n<meta property=\"article:modified_time\" content=\"2021-01-25T21:43:23+00:00\" \/>\n<meta property=\"og:image\" content=\"https:\/\/annelertoplandik.com\/blog\/wp-content\/uploads\/2021\/01\/Kalca-displazisi-ve-kalc-cikigi.jpg\" \/>\n\t<meta property=\"og:image:width\" content=\"1667\" \/>\n\t<meta property=\"og:image:height\" content=\"1140\" \/>\n\t<meta property=\"og:image:type\" content=\"image\/jpeg\" \/>\n<meta name=\"author\" content=\"Admin\" \/>\n<meta name=\"twitter:card\" content=\"summary_large_image\" \/>\n<meta name=\"twitter:label1\" content=\"Yazan:\" \/>\n\t<meta name=\"twitter:data1\" content=\"Admin\" \/>\n\t<meta name=\"twitter:label2\" content=\"Tahmini okuma s\u00fcresi\" \/>\n\t<meta name=\"twitter:data2\" content=\"5 dakika\" \/>\n<script type=\"application\/ld+json\" class=\"yoast-schema-graph\">{\"@context\":\"https:\/\/schema.org\",\"@graph\":[{\"@type\":\"Article\",\"@id\":\"https:\/\/annelertoplandik.com\/blog\/kalca-displazisi-ve-kalca-cikigi\/#article\",\"isPartOf\":{\"@id\":\"https:\/\/annelertoplandik.com\/blog\/kalca-displazisi-ve-kalca-cikigi\/\"},\"author\":{\"name\":\"Admin\",\"@id\":\"https:\/\/annelertoplandik.com\/blog\/#\/schema\/person\/1fe572fbbce7ca9b1429e03f3fc0d0a8\"},\"headline\":\"Kal\u00e7a Displazisi Ve Kal\u00e7a \u00c7\u0131k\u0131\u011f\u0131\",\"datePublished\":\"2021-01-19T21:34:00+00:00\",\"dateModified\":\"2021-01-25T21:43:23+00:00\",\"mainEntityOfPage\":{\"@id\":\"https:\/\/annelertoplandik.com\/blog\/kalca-displazisi-ve-kalca-cikigi\/\"},\"wordCount\":960,\"commentCount\":0,\"publisher\":{\"@id\":\"https:\/\/annelertoplandik.com\/blog\/#\/schema\/person\/1fe572fbbce7ca9b1429e03f3fc0d0a8\"},\"image\":{\"@id\":\"https:\/\/annelertoplandik.com\/blog\/kalca-displazisi-ve-kalca-cikigi\/#primaryimage\"},\"thumbnailUrl\":\"https:\/\/annelertoplandik.com\/blog\/wp-content\/uploads\/2021\/01\/Kalca-displazisi-ve-kalc-cikigi.jpg\",\"articleSection\":[\"Bebek Sa\u011fl\u0131\u011f\u0131 ve Hastal\u0131klar\u0131\"],\"inLanguage\":\"tr\",\"potentialAction\":[{\"@type\":\"CommentAction\",\"name\":\"Comment\",\"target\":[\"https:\/\/annelertoplandik.com\/blog\/kalca-displazisi-ve-kalca-cikigi\/#respond\"]}]},{\"@type\":\"WebPage\",\"@id\":\"https:\/\/annelertoplandik.com\/blog\/kalca-displazisi-ve-kalca-cikigi\/\",\"url\":\"https:\/\/annelertoplandik.com\/blog\/kalca-displazisi-ve-kalca-cikigi\/\",\"name\":\"Kal\u00e7a Displazisi Ve Kal\u00e7a \u00c7\u0131k\u0131\u011f\u0131 | Anneler Topland\u0131k\",\"isPartOf\":{\"@id\":\"https:\/\/annelertoplandik.com\/blog\/#website\"},\"primaryImageOfPage\":{\"@id\":\"https:\/\/annelertoplandik.com\/blog\/kalca-displazisi-ve-kalca-cikigi\/#primaryimage\"},\"image\":{\"@id\":\"https:\/\/annelertoplandik.com\/blog\/kalca-displazisi-ve-kalca-cikigi\/#primaryimage\"},\"thumbnailUrl\":\"https:\/\/annelertoplandik.com\/blog\/wp-content\/uploads\/2021\/01\/Kalca-displazisi-ve-kalc-cikigi.jpg\",\"datePublished\":\"2021-01-19T21:34:00+00:00\",\"dateModified\":\"2021-01-25T21:43:23+00:00\",\"breadcrumb\":{\"@id\":\"https:\/\/annelertoplandik.com\/blog\/kalca-displazisi-ve-kalca-cikigi\/#breadcrumb\"},\"inLanguage\":\"tr\",\"potentialAction\":[{\"@type\":\"ReadAction\",\"target\":[\"https:\/\/annelertoplandik.com\/blog\/kalca-displazisi-ve-kalca-cikigi\/\"]}]},{\"@type\":\"ImageObject\",\"inLanguage\":\"tr\",\"@id\":\"https:\/\/annelertoplandik.com\/blog\/kalca-displazisi-ve-kalca-cikigi\/#primaryimage\",\"url\":\"https:\/\/annelertoplandik.com\/blog\/wp-content\/uploads\/2021\/01\/Kalca-displazisi-ve-kalc-cikigi.jpg\",\"contentUrl\":\"https:\/\/annelertoplandik.com\/blog\/wp-content\/uploads\/2021\/01\/Kalca-displazisi-ve-kalc-cikigi.jpg\",\"width\":1667,\"height\":1140,\"caption\":\"Kal\u00e7a displazisi ve kal\u00e7a \u00e7\u0131k\u0131\u011f\u0131\"},{\"@type\":\"BreadcrumbList\",\"@id\":\"https:\/\/annelertoplandik.com\/blog\/kalca-displazisi-ve-kalca-cikigi\/#breadcrumb\",\"itemListElement\":[{\"@type\":\"ListItem\",\"position\":1,\"name\":\"Ana sayfa\",\"item\":\"https:\/\/annelertoplandik.com\/blog\/\"},{\"@type\":\"ListItem\",\"position\":2,\"name\":\"Kal\u00e7a Displazisi Ve Kal\u00e7a \u00c7\u0131k\u0131\u011f\u0131\"}]},{\"@type\":\"WebSite\",\"@id\":\"https:\/\/annelertoplandik.com\/blog\/#website\",\"url\":\"https:\/\/annelertoplandik.com\/blog\/\",\"name\":\"Anneler Topland\u0131k\",\"description\":\"Annelerin sanal payla\u015f\u0131m merkezi\",\"publisher\":{\"@id\":\"https:\/\/annelertoplandik.com\/blog\/#\/schema\/person\/1fe572fbbce7ca9b1429e03f3fc0d0a8\"},\"potentialAction\":[{\"@type\":\"SearchAction\",\"target\":{\"@type\":\"EntryPoint\",\"urlTemplate\":\"https:\/\/annelertoplandik.com\/blog\/?s={search_term_string}\"},\"query-input\":{\"@type\":\"PropertyValueSpecification\",\"valueRequired\":true,\"valueName\":\"search_term_string\"}}],\"inLanguage\":\"tr\"},{\"@type\":[\"Person\",\"Organization\"],\"@id\":\"https:\/\/annelertoplandik.com\/blog\/#\/schema\/person\/1fe572fbbce7ca9b1429e03f3fc0d0a8\",\"name\":\"Admin\",\"image\":{\"@type\":\"ImageObject\",\"inLanguage\":\"tr\",\"@id\":\"https:\/\/annelertoplandik.com\/blog\/#\/schema\/person\/image\/\",\"url\":\"https:\/\/annelertoplandik.com\/blog\/wp-content\/litespeed\/avatar\/b11040300c1fe933a5185741d40560b6.jpg?ver=1777032257\",\"contentUrl\":\"https:\/\/annelertoplandik.com\/blog\/wp-content\/litespeed\/avatar\/b11040300c1fe933a5185741d40560b6.jpg?ver=1777032257\",\"caption\":\"Admin\"},\"logo\":{\"@id\":\"https:\/\/annelertoplandik.com\/blog\/#\/schema\/person\/image\/\"}}]}<\/script>\n<!-- \/ Yoast SEO plugin. -->","yoast_head_json":{"title":"Kal\u00e7a Displazisi Ve Kal\u00e7a \u00c7\u0131k\u0131\u011f\u0131 | Anneler Topland\u0131k","robots":{"index":"index","follow":"follow","max-snippet":"max-snippet:-1","max-image-preview":"max-image-preview:large","max-video-preview":"max-video-preview:-1"},"canonical":"https:\/\/annelertoplandik.com\/blog\/kalca-displazisi-ve-kalca-cikigi\/","og_locale":"tr_TR","og_type":"article","og_title":"Kal\u00e7a Displazisi Ve Kal\u00e7a \u00c7\u0131k\u0131\u011f\u0131 | Anneler Topland\u0131k","og_description":"Kal\u00e7a displazisi ve kal\u00e7a \u00e7\u0131k\u0131\u011f\u0131, kal\u00e7a ekleminin do\u011fu\u015ftan gelen bir deformitesidir.\u00a0Eklem, femur ba\u015f\u0131 (uyluk kemi\u011fi \u00fczerinde) ve asetabulumdan (pelvisin bir k\u0131sm\u0131) olu\u015fur.\u00a0Displazide yuvan\u0131n olgunla\u015fma bozuklu\u011fu varken, \u00e7\u0131k\u0131k durumunda femur ba\u015f\u0131 yuvaya do\u011fru \u015fekilde yerle\u015ftirilmemi\u015ftir. Kal\u00e7a displazisi ve \u00e7\u0131k\u0131\u011f\u0131 co\u011frafi b\u00f6lge veya etnik gruba g\u00f6re de\u011fi\u015fiklik g\u00f6sterir.\u00a0Son on y\u0131lda hastal\u0131kta genel bir azalma olmu\u015ftur.\u00a0Tarihsel \u00e7al\u0131\u015fmalar Orta [&hellip;]","og_url":"https:\/\/annelertoplandik.com\/blog\/kalca-displazisi-ve-kalca-cikigi\/","og_site_name":"Anneler Topland\u0131k","article_published_time":"2021-01-19T21:34:00+00:00","article_modified_time":"2021-01-25T21:43:23+00:00","og_image":[{"width":1667,"height":1140,"url":"https:\/\/annelertoplandik.com\/blog\/wp-content\/uploads\/2021\/01\/Kalca-displazisi-ve-kalc-cikigi.jpg","type":"image\/jpeg"}],"author":"Admin","twitter_card":"summary_large_image","twitter_misc":{"Yazan:":"Admin","Tahmini okuma s\u00fcresi":"5 dakika"},"schema":{"@context":"https:\/\/schema.org","@graph":[{"@type":"Article","@id":"https:\/\/annelertoplandik.com\/blog\/kalca-displazisi-ve-kalca-cikigi\/#article","isPartOf":{"@id":"https:\/\/annelertoplandik.com\/blog\/kalca-displazisi-ve-kalca-cikigi\/"},"author":{"name":"Admin","@id":"https:\/\/annelertoplandik.com\/blog\/#\/schema\/person\/1fe572fbbce7ca9b1429e03f3fc0d0a8"},"headline":"Kal\u00e7a Displazisi Ve Kal\u00e7a \u00c7\u0131k\u0131\u011f\u0131","datePublished":"2021-01-19T21:34:00+00:00","dateModified":"2021-01-25T21:43:23+00:00","mainEntityOfPage":{"@id":"https:\/\/annelertoplandik.com\/blog\/kalca-displazisi-ve-kalca-cikigi\/"},"wordCount":960,"commentCount":0,"publisher":{"@id":"https:\/\/annelertoplandik.com\/blog\/#\/schema\/person\/1fe572fbbce7ca9b1429e03f3fc0d0a8"},"image":{"@id":"https:\/\/annelertoplandik.com\/blog\/kalca-displazisi-ve-kalca-cikigi\/#primaryimage"},"thumbnailUrl":"https:\/\/annelertoplandik.com\/blog\/wp-content\/uploads\/2021\/01\/Kalca-displazisi-ve-kalc-cikigi.jpg","articleSection":["Bebek Sa\u011fl\u0131\u011f\u0131 ve Hastal\u0131klar\u0131"],"inLanguage":"tr","potentialAction":[{"@type":"CommentAction","name":"Comment","target":["https:\/\/annelertoplandik.com\/blog\/kalca-displazisi-ve-kalca-cikigi\/#respond"]}]},{"@type":"WebPage","@id":"https:\/\/annelertoplandik.com\/blog\/kalca-displazisi-ve-kalca-cikigi\/","url":"https:\/\/annelertoplandik.com\/blog\/kalca-displazisi-ve-kalca-cikigi\/","name":"Kal\u00e7a Displazisi Ve Kal\u00e7a \u00c7\u0131k\u0131\u011f\u0131 | Anneler Topland\u0131k","isPartOf":{"@id":"https:\/\/annelertoplandik.com\/blog\/#website"},"primaryImageOfPage":{"@id":"https:\/\/annelertoplandik.com\/blog\/kalca-displazisi-ve-kalca-cikigi\/#primaryimage"},"image":{"@id":"https:\/\/annelertoplandik.com\/blog\/kalca-displazisi-ve-kalca-cikigi\/#primaryimage"},"thumbnailUrl":"https:\/\/annelertoplandik.com\/blog\/wp-content\/uploads\/2021\/01\/Kalca-displazisi-ve-kalc-cikigi.jpg","datePublished":"2021-01-19T21:34:00+00:00","dateModified":"2021-01-25T21:43:23+00:00","breadcrumb":{"@id":"https:\/\/annelertoplandik.com\/blog\/kalca-displazisi-ve-kalca-cikigi\/#breadcrumb"},"inLanguage":"tr","potentialAction":[{"@type":"ReadAction","target":["https:\/\/annelertoplandik.com\/blog\/kalca-displazisi-ve-kalca-cikigi\/"]}]},{"@type":"ImageObject","inLanguage":"tr","@id":"https:\/\/annelertoplandik.com\/blog\/kalca-displazisi-ve-kalca-cikigi\/#primaryimage","url":"https:\/\/annelertoplandik.com\/blog\/wp-content\/uploads\/2021\/01\/Kalca-displazisi-ve-kalc-cikigi.jpg","contentUrl":"https:\/\/annelertoplandik.com\/blog\/wp-content\/uploads\/2021\/01\/Kalca-displazisi-ve-kalc-cikigi.jpg","width":1667,"height":1140,"caption":"Kal\u00e7a displazisi ve kal\u00e7a \u00e7\u0131k\u0131\u011f\u0131"},{"@type":"BreadcrumbList","@id":"https:\/\/annelertoplandik.com\/blog\/kalca-displazisi-ve-kalca-cikigi\/#breadcrumb","itemListElement":[{"@type":"ListItem","position":1,"name":"Ana sayfa","item":"https:\/\/annelertoplandik.com\/blog\/"},{"@type":"ListItem","position":2,"name":"Kal\u00e7a Displazisi Ve Kal\u00e7a \u00c7\u0131k\u0131\u011f\u0131"}]},{"@type":"WebSite","@id":"https:\/\/annelertoplandik.com\/blog\/#website","url":"https:\/\/annelertoplandik.com\/blog\/","name":"Anneler Topland\u0131k","description":"Annelerin sanal payla\u015f\u0131m merkezi","publisher":{"@id":"https:\/\/annelertoplandik.com\/blog\/#\/schema\/person\/1fe572fbbce7ca9b1429e03f3fc0d0a8"},"potentialAction":[{"@type":"SearchAction","target":{"@type":"EntryPoint","urlTemplate":"https:\/\/annelertoplandik.com\/blog\/?s={search_term_string}"},"query-input":{"@type":"PropertyValueSpecification","valueRequired":true,"valueName":"search_term_string"}}],"inLanguage":"tr"},{"@type":["Person","Organization"],"@id":"https:\/\/annelertoplandik.com\/blog\/#\/schema\/person\/1fe572fbbce7ca9b1429e03f3fc0d0a8","name":"Admin","image":{"@type":"ImageObject","inLanguage":"tr","@id":"https:\/\/annelertoplandik.com\/blog\/#\/schema\/person\/image\/","url":"https:\/\/annelertoplandik.com\/blog\/wp-content\/litespeed\/avatar\/b11040300c1fe933a5185741d40560b6.jpg?ver=1777032257","contentUrl":"https:\/\/annelertoplandik.com\/blog\/wp-content\/litespeed\/avatar\/b11040300c1fe933a5185741d40560b6.jpg?ver=1777032257","caption":"Admin"},"logo":{"@id":"https:\/\/annelertoplandik.com\/blog\/#\/schema\/person\/image\/"}}]}},"amp_enabled":true,"_links":{"self":[{"href":"https:\/\/annelertoplandik.com\/blog\/wp-json\/wp\/v2\/posts\/3631"}],"collection":[{"href":"https:\/\/annelertoplandik.com\/blog\/wp-json\/wp\/v2\/posts"}],"about":[{"href":"https:\/\/annelertoplandik.com\/blog\/wp-json\/wp\/v2\/types\/post"}],"author":[{"embeddable":true,"href":"https:\/\/annelertoplandik.com\/blog\/wp-json\/wp\/v2\/users\/1"}],"replies":[{"embeddable":true,"href":"https:\/\/annelertoplandik.com\/blog\/wp-json\/wp\/v2\/comments?post=3631"}],"version-history":[{"count":0,"href":"https:\/\/annelertoplandik.com\/blog\/wp-json\/wp\/v2\/posts\/3631\/revisions"}],"wp:featuredmedia":[{"embeddable":true,"href":"https:\/\/annelertoplandik.com\/blog\/wp-json\/wp\/v2\/media\/3633"}],"wp:attachment":[{"href":"https:\/\/annelertoplandik.com\/blog\/wp-json\/wp\/v2\/media?parent=3631"}],"wp:term":[{"taxonomy":"category","embeddable":true,"href":"https:\/\/annelertoplandik.com\/blog\/wp-json\/wp\/v2\/categories?post=3631"},{"taxonomy":"post_tag","embeddable":true,"href":"https:\/\/annelertoplandik.com\/blog\/wp-json\/wp\/v2\/tags?post=3631"}],"curies":[{"name":"wp","href":"https:\/\/api.w.org\/{rel}","templated":true}]}}