{"id":3656,"date":"2021-01-25T15:31:00","date_gmt":"2021-01-25T12:31:00","guid":{"rendered":"https:\/\/annelertoplandik.com\/blog\/?p=3656"},"modified":"2021-01-29T15:37:47","modified_gmt":"2021-01-29T12:37:47","slug":"bebegi-emzirme-suresi-ne-kadar-olmali","status":"publish","type":"post","link":"https:\/\/annelertoplandik.com\/blog\/bebegi-emzirme-suresi-ne-kadar-olmali\/","title":{"rendered":"Bebe\u011fi Emzirme S\u00fcresi Ne Kadar Olmal\u0131?"},"content":{"rendered":"\n<p>Bir\u00e7ok anne ve \u00e7ocu\u011fu i\u00e7in emzirme \u00f6zellikle yo\u011fun bir zamand\u0131r.&nbsp;Ancak tamamlay\u0131c\u0131 yiyeceklere ge\u00e7mek i\u00e7in \u00e7ocuklar ne kadar s\u00fcreyle anne s\u00fct\u00fcyle beslenmeli ve s\u00fctten kesilmeye ne zaman ba\u015flanmal\u0131d\u0131r?&nbsp;Bu sorular yaln\u0131zca bir\u00e7ok anneyi ilgilendirmez, ayn\u0131 zamanda bir\u00e7ok tart\u0131\u015fman\u0131n da konusudur.<\/p>\n\n\n\n<h2 class=\"wp-block-heading\"><strong>Anneler ne kadar s\u00fcre emzirmelidir?<\/strong><\/h2>\n\n\n\n<p>D\u00fcnya Sa\u011fl\u0131k \u00d6rg\u00fct\u00fc, UNICEF ve Ulusal Emzirme Komisyonu bu konuda ayn\u0131 fikirdedir. Anne ve \u00e7ocuk sa\u011fl\u0131kl\u0131ysa, anne s\u00fct\u00fc bebekler i\u00e7in en iyi besindir.&nbsp;Bu nedenle \u00e7ocu\u011fun do\u011fumdan hemen sonra en az\u0131ndan ilk birka\u00e7 g\u00fcn emzirilmesi tavsiye edilir.&nbsp;Bir bebe\u011fin hayat\u0131n\u0131n ilk yedi g\u00fcn\u00fcnde \u00fcretilen ilk s\u00fct (kolostrum) bir\u00e7ok antikor, besin ve b\u00fcy\u00fcme fakt\u00f6r\u00fc i\u00e7erir.&nbsp;\u00c7ocu\u011fun sindirim sisteminin geli\u015fimini destekler ve \u00e7ocu\u011fu bula\u015f\u0131c\u0131 hastal\u0131klardan korur.<\/p>\n\n\n\n<p>Ancak emzirmenin ne kadar s\u00fcrmesi gerekti\u011fi konusunda farkl\u0131 g\u00f6r\u00fc\u015fler vard\u0131r.&nbsp;Ya\u015fam\u0131n ilk haftalar\u0131nda ve aylar\u0131nda bile \u00e7ocuk anne s\u00fct\u00fcn\u00fcn i\u00e7erdi\u011fi besinlerden yararlan\u0131r.&nbsp;Emzirme ayn\u0131 zamanda di\u011fer i\u015flevleri de yerine getirir. Anne-\u00e7ocuk ba\u011f\u0131n\u0131 g\u00fc\u00e7lendirir ve rahmin gerilemesine yard\u0131mc\u0131 olur.<\/p>\n\n\n\n<p>DS\u00d6, UNICEF ve Ulusal Emzirme Komisyonu, en az alt\u0131 ay boyunca tam olarak emzirmenizi ve ard\u0131ndan di\u011fer yiyecekleri yava\u015f\u00e7a beslemeye ba\u015flaman\u0131z\u0131 tavsiye eder.&nbsp;Ulusal Emzirme Komisyonu, anneler ve \u00e7ocuklar isterse, ya\u015famlar\u0131n\u0131n ilk y\u0131l\u0131n\u0131n sonuna kadar uygun tamamlay\u0131c\u0131 g\u0131da ile emzirmeye devam etmelerini tavsiye eder.<\/p>\n\n\n\n<h2 class=\"wp-block-heading\"><strong>S\u00fctten kesmek i\u00e7in do\u011fru zaman<\/strong><\/h2>\n\n\n\n<p>S\u00fctten kesmeye ba\u015flamak i\u00e7in do\u011fru zaman sorusunun genel bir cevab\u0131 yoktur.&nbsp;Emzirme d\u00f6neminin sonu bir\u00e7ok fakt\u00f6re ba\u011fl\u0131d\u0131r ve bu nedenle bireysel olarak farkl\u0131d\u0131r.&nbsp;G\u00f6\u011f\u00fcs enfeksiyonlar\u0131, a\u011fr\u0131l\u0131 emzirme, s\u00fct eksikli\u011fi, belirli ila\u00e7lar\u0131 alma veya i\u015fe d\u00f6nme gibi emzirme sorunlar\u0131, annelerin emzirmeyi b\u0131rakmas\u0131 i\u00e7in sadece birka\u00e7 nedendir.<\/p>\n\n\n\n<p>Ancak \u00e7ocuklar, aniden memeyi reddederek veya di\u011fer yiyeceklere daha fazla ilgi g\u00f6stererek ne zaman s\u00fctten kesileceklerine de karar verebilirler.&nbsp;Bunun ne zaman olaca\u011f\u0131n\u0131 tahmin etmek imkans\u0131zd\u0131r.&nbsp;Baz\u0131 \u00e7ocuklarda birka\u00e7 ay sonra, baz\u0131lar\u0131nda ise yaln\u0131zca ilk do\u011fum g\u00fcnlerinden sonra olur.&nbsp;Doktorlar, bebe\u011fin memeye olan ilgisinin azalmas\u0131n\u0131 do\u011fal s\u00fctten kesme olarak adland\u0131r\u0131r.<\/p>\n\n\n\n<h2 class=\"wp-block-heading\"><strong>Do\u011fal s\u00fctten kesme nas\u0131l olmal\u0131?<\/strong><\/h2>\n\n\n\n<p>S\u00f6zde do\u011fal s\u00fctten kesme, s\u00fctten kesmenin en kolay yoludur, \u00e7\u00fcnk\u00fc bu, \u00e7ocu\u011fun ihtiya\u00e7lar\u0131na dayanmaktad\u0131r.&nbsp;Memeyi reddederek, azalan ilgisini ve yeni yiyeceklere haz\u0131r oldu\u011funu g\u00f6sterir. Bu durum, kendisini birka\u00e7 g\u00fcn hatta haftalarca s\u00fcrebilen, memenin giderek artan s\u0131kl\u0131kta reddedilmesiyle g\u00f6sterir.&nbsp;Bir noktada \u00e7ocuk emzirmeyi tamamen reddeder.<\/p>\n\n\n\n<p>S\u00fct \u00fcretimi talebe ba\u011fl\u0131d\u0131r.&nbsp;Di\u011fer bir deyi\u015fle, daha az emzirmede s\u00fct \u00fcretiminiz de kendi kendine d\u00fc\u015fer.&nbsp;S\u00fctten kesilirken meme iltihab\u0131 veya a\u011fr\u0131 gibi sorunlar nadiren ortaya \u00e7\u0131kar.&nbsp;\u0130ltihapl\u0131 b\u00f6lgelere d\u00fczenli olarak uygulad\u0131\u011f\u0131n\u0131z so\u011fuk kompresler yard\u0131m\u0131 ile bunu hafifletebilirsiniz.<\/p>\n\n\n\n<p>Emzirmeyi kendiniz b\u0131rakmak istemeseniz de \u00e7ocu\u011funuzun ihtiya\u00e7lar\u0131n\u0131 kabul edin.&nbsp;Bebe\u011finize emzirirken ya\u015fad\u0131\u011f\u0131n\u0131z yak\u0131nl\u0131\u011f\u0131 ek sar\u0131lma s\u00fcresiyle dengeleyin, bu hem anneler hem de \u00e7ocuklar i\u00e7in iyidir.<\/p>\n\n\n\n<p><strong>Uyar\u0131:<\/strong> Bebe\u011finiz \u00e7ok erken emzirmeyi reddederse (ya\u015fam\u0131n ilk d\u00f6rt ay\u0131 i\u00e7inde), bu sa\u011fl\u0131k veya emzirme sorunlar\u0131na i\u015faret edebilir.&nbsp;Bu durumda \u00e7ocuk doktoru ile konu\u015fmal\u0131s\u0131n\u0131z.<\/p>\n\n\n\n<figure class=\"wp-block-image size-large\"><img loading=\"lazy\" decoding=\"async\" width=\"1024\" height=\"576\" src=\"https:\/\/annelertoplandik.com\/blog\/wp-content\/uploads\/2021\/01\/Emzirme-1024x576.jpg\" alt=\"emzirme\" class=\"wp-image-3658\" srcset=\"https:\/\/annelertoplandik.com\/blog\/wp-content\/uploads\/2021\/01\/Emzirme-1024x576.jpg 1024w, https:\/\/annelertoplandik.com\/blog\/wp-content\/uploads\/2021\/01\/Emzirme-300x169.jpg 300w, https:\/\/annelertoplandik.com\/blog\/wp-content\/uploads\/2021\/01\/Emzirme-768x432.jpg 768w, https:\/\/annelertoplandik.com\/blog\/wp-content\/uploads\/2021\/01\/Emzirme-696x392.jpg 696w, https:\/\/annelertoplandik.com\/blog\/wp-content\/uploads\/2021\/01\/Emzirme-1068x601.jpg 1068w, https:\/\/annelertoplandik.com\/blog\/wp-content\/uploads\/2021\/01\/Emzirme-747x420.jpg 747w, https:\/\/annelertoplandik.com\/blog\/wp-content\/uploads\/2021\/01\/Emzirme.jpg 1200w\" sizes=\"(max-width: 1024px) 100vw, 1024px\" \/><\/figure>\n\n\n\n<h2 class=\"wp-block-heading\"><strong>Nazik s\u00fctten kesme nas\u0131l olmal\u0131d\u0131r?<\/strong><\/h2>\n\n\n\n<p>S\u00fctten kesmenin ba\u015fka bir \u015fekli de yumu\u015fak s\u00fctten kesme olarak bilinen \u015feydir.&nbsp;Burada anne emzirmeyi ne zaman b\u0131rakmak istedi\u011fini belirler.&nbsp;Bu s\u00fctten kesmenin yava\u015f ve birka\u00e7 hafta s\u00fcrmesi \u00f6nemlidir.&nbsp;\u00c7\u00fcnk\u00fc daha \u00f6nce sadece anne s\u00fct\u00fc i\u00e7in kullan\u0131lan bebe\u011fin sindirim sistemi yeni mamaya al\u0131\u015fmak i\u00e7in yeterli zamana sahip olmal\u0131d\u0131r.<\/p>\n\n\n\n<p>S\u00fctten kesmeye ne zaman ba\u015flamak istedi\u011finize ba\u011fl\u0131 olarak, \u00f6nce bir yeme\u011fi mama veya tamamlay\u0131c\u0131 mama (bebek mamas\u0131) ile de\u011fi\u015ftirmelisiniz.&nbsp;Bazen yeme\u011fi biraz anne s\u00fct\u00fc ile bitirmek yard\u0131mc\u0131 olabilir.&nbsp;Bunu yapmak i\u00e7in, bebe\u011finizi biberon veya yulaf lapas\u0131n\u0131n arkas\u0131na koyun.&nbsp;Baz\u0131 \u00e7ocuklar i\u00e7in ge\u00e7i\u015f yapmak daha kolayd\u0131r.&nbsp;G\u00fcnde sadece bir \u00f6\u011f\u00fcn\u00fc de\u011fi\u015ftirerek ba\u015flay\u0131n ve \u00e7ocu\u011funuza al\u0131\u015fmas\u0131 i\u00e7in zaman verin.&nbsp;Yakla\u015f\u0131k bir hafta sonra, g\u00fcnde ikinci bir \u00f6\u011f\u00fcn yerine farkl\u0131 bir diyet uygulayabilirsiniz.&nbsp;Bir hafta sonra ba\u015fka bir \u00f6\u011f\u00fcnle de\u011fi\u015ftirin.&nbsp;Bu ritmi s\u00fcrd\u00fcrmeli, ancak ak\u015fam emzirmeyi sonuna kadar s\u00fcrd\u00fcrmelisiniz.&nbsp;\u00c7o\u011fu \u00e7ocuk i\u00e7in yatmadan \u00f6nce emzirmenin sakinle\u015ftirici etkisi vard\u0131r ve sonras\u0131nda uykuya dalmay\u0131 kolayla\u015ft\u0131r\u0131r.<\/p>\n\n\n\n<h2 class=\"wp-block-heading\"><strong>H\u0131zl\u0131 s\u00fctten kesme nas\u0131l olmal\u0131d\u0131r?<\/strong><\/h2>\n\n\n\n<p>Hi\u00e7 emzirmek istemiyorsan\u0131z veya emzirmeye kar\u015f\u0131 \u00e7\u0131kan t\u0131bbi nedenler varsa, s\u00fctten kesmeyi h\u0131zland\u0131rman\u0131z gerekebilir.&nbsp;Bu gerekliyse, jinekolo\u011funuz size tavsiyede bulunacak ve gerekirse s\u00fctten kesme i\u00e7in uygun ila\u00e7lar\u0131 re\u00e7ete edecektir.<\/p>\n\n\n\n<p>H\u0131zl\u0131 s\u00fctten kesme genellikle m\u00fcmk\u00fcnd\u00fcr.&nbsp;Bununla birlikte, meme enfeksiyonlar\u0131 veya s\u00fct t\u0131kan\u0131kl\u0131\u011f\u0131 meydana gelebilir ve h\u0131zl\u0131 bir \u015fekilde s\u00fctten kesmek bebe\u011finizin \u00fcstesinden gelmesi gereken bir zorluktur.&nbsp;Bu s\u00fcre zarf\u0131nda \u00e7ocu\u011funuza \u00e7ok \u00f6zen g\u00f6sterin, sizin ve \u00e7ocu\u011funuzun buna \u00e7abucak al\u0131\u015fmas\u0131na yard\u0131mc\u0131 olabilecek profesyonel yard\u0131m al\u0131n.<\/p>\n\n\n\n<p>Emzirme konusundaki tart\u0131\u015fmalar g\u00f6z \u00f6n\u00fcne al\u0131nd\u0131\u011f\u0131nda, bir\u00e7ok anne huzursuzdur.&nbsp;Ancak nas\u0131l karar verirseniz verin, unutmay\u0131n ki az emzirme sizi k\u00f6t\u00fc bir anne yapmaz.<\/p>\n","protected":false},"excerpt":{"rendered":"<p>Bir\u00e7ok anne ve \u00e7ocu\u011fu i\u00e7in emzirme \u00f6zellikle yo\u011fun bir zamand\u0131r.&nbsp;Ancak tamamlay\u0131c\u0131 yiyeceklere ge\u00e7mek i\u00e7in \u00e7ocuklar ne kadar s\u00fcreyle anne s\u00fct\u00fcyle beslenmeli ve s\u00fctten kesilmeye ne zaman ba\u015flanmal\u0131d\u0131r?&nbsp;Bu sorular yaln\u0131zca bir\u00e7ok anneyi ilgilendirmez, ayn\u0131 zamanda bir\u00e7ok tart\u0131\u015fman\u0131n da konusudur. Anneler ne kadar s\u00fcre emzirmelidir? D\u00fcnya Sa\u011fl\u0131k \u00d6rg\u00fct\u00fc, UNICEF ve Ulusal Emzirme Komisyonu bu konuda ayn\u0131 fikirdedir. [&hellip;]<\/p>\n","protected":false},"author":1,"featured_media":3657,"comment_status":"open","ping_status":"open","sticky":false,"template":"","format":"standard","meta":{"tdm_status":"","tdm_grid_status":"","footnotes":""},"categories":[39],"tags":[],"yoast_head":"<!-- This site is optimized with the Yoast SEO plugin v24.5 - https:\/\/yoast.com\/wordpress\/plugins\/seo\/ -->\n<title>Bebe\u011fi Emzirme S\u00fcresi Ne Kadar Olmal\u0131? | Anneler Topland\u0131k<\/title>\n<meta name=\"robots\" content=\"index, follow, max-snippet:-1, max-image-preview:large, max-video-preview:-1\" \/>\n<link rel=\"canonical\" href=\"https:\/\/annelertoplandik.com\/blog\/bebegi-emzirme-suresi-ne-kadar-olmali\/\" \/>\n<meta property=\"og:locale\" content=\"tr_TR\" \/>\n<meta property=\"og:type\" content=\"article\" \/>\n<meta property=\"og:title\" content=\"Bebe\u011fi Emzirme S\u00fcresi Ne Kadar Olmal\u0131? | Anneler Topland\u0131k\" \/>\n<meta property=\"og:description\" content=\"Bir\u00e7ok anne ve \u00e7ocu\u011fu i\u00e7in emzirme \u00f6zellikle yo\u011fun bir zamand\u0131r.&nbsp;Ancak tamamlay\u0131c\u0131 yiyeceklere ge\u00e7mek i\u00e7in \u00e7ocuklar ne kadar s\u00fcreyle anne s\u00fct\u00fcyle beslenmeli ve s\u00fctten kesilmeye ne zaman ba\u015flanmal\u0131d\u0131r?&nbsp;Bu sorular yaln\u0131zca bir\u00e7ok anneyi ilgilendirmez, ayn\u0131 zamanda bir\u00e7ok tart\u0131\u015fman\u0131n da konusudur. Anneler ne kadar s\u00fcre emzirmelidir? D\u00fcnya Sa\u011fl\u0131k \u00d6rg\u00fct\u00fc, UNICEF ve Ulusal Emzirme Komisyonu bu konuda ayn\u0131 fikirdedir. [&hellip;]\" \/>\n<meta property=\"og:url\" content=\"https:\/\/annelertoplandik.com\/blog\/bebegi-emzirme-suresi-ne-kadar-olmali\/\" \/>\n<meta property=\"og:site_name\" content=\"Anneler Topland\u0131k\" \/>\n<meta property=\"article:published_time\" content=\"2021-01-25T12:31:00+00:00\" \/>\n<meta property=\"article:modified_time\" content=\"2021-01-29T12:37:47+00:00\" \/>\n<meta property=\"og:image\" content=\"https:\/\/annelertoplandik.com\/blog\/wp-content\/uploads\/2021\/01\/emzirme1.jpg\" \/>\n\t<meta property=\"og:image:width\" content=\"2000\" \/>\n\t<meta property=\"og:image:height\" content=\"1130\" \/>\n\t<meta property=\"og:image:type\" content=\"image\/jpeg\" \/>\n<meta name=\"author\" content=\"Admin\" \/>\n<meta name=\"twitter:card\" content=\"summary_large_image\" \/>\n<meta name=\"twitter:label1\" content=\"Yazan:\" \/>\n\t<meta name=\"twitter:data1\" content=\"Admin\" \/>\n\t<meta name=\"twitter:label2\" content=\"Tahmini okuma s\u00fcresi\" \/>\n\t<meta name=\"twitter:data2\" content=\"5 dakika\" \/>\n<script type=\"application\/ld+json\" class=\"yoast-schema-graph\">{\"@context\":\"https:\/\/schema.org\",\"@graph\":[{\"@type\":\"Article\",\"@id\":\"https:\/\/annelertoplandik.com\/blog\/bebegi-emzirme-suresi-ne-kadar-olmali\/#article\",\"isPartOf\":{\"@id\":\"https:\/\/annelertoplandik.com\/blog\/bebegi-emzirme-suresi-ne-kadar-olmali\/\"},\"author\":{\"name\":\"Admin\",\"@id\":\"https:\/\/annelertoplandik.com\/blog\/#\/schema\/person\/1fe572fbbce7ca9b1429e03f3fc0d0a8\"},\"headline\":\"Bebe\u011fi Emzirme S\u00fcresi Ne Kadar Olmal\u0131?\",\"datePublished\":\"2021-01-25T12:31:00+00:00\",\"dateModified\":\"2021-01-29T12:37:47+00:00\",\"mainEntityOfPage\":{\"@id\":\"https:\/\/annelertoplandik.com\/blog\/bebegi-emzirme-suresi-ne-kadar-olmali\/\"},\"wordCount\":1021,\"commentCount\":0,\"publisher\":{\"@id\":\"https:\/\/annelertoplandik.com\/blog\/#\/schema\/person\/1fe572fbbce7ca9b1429e03f3fc0d0a8\"},\"image\":{\"@id\":\"https:\/\/annelertoplandik.com\/blog\/bebegi-emzirme-suresi-ne-kadar-olmali\/#primaryimage\"},\"thumbnailUrl\":\"https:\/\/annelertoplandik.com\/blog\/wp-content\/uploads\/2021\/01\/emzirme1.jpg\",\"articleSection\":[\"Bebek Beslenmesi\"],\"inLanguage\":\"tr\",\"potentialAction\":[{\"@type\":\"CommentAction\",\"name\":\"Comment\",\"target\":[\"https:\/\/annelertoplandik.com\/blog\/bebegi-emzirme-suresi-ne-kadar-olmali\/#respond\"]}]},{\"@type\":\"WebPage\",\"@id\":\"https:\/\/annelertoplandik.com\/blog\/bebegi-emzirme-suresi-ne-kadar-olmali\/\",\"url\":\"https:\/\/annelertoplandik.com\/blog\/bebegi-emzirme-suresi-ne-kadar-olmali\/\",\"name\":\"Bebe\u011fi Emzirme S\u00fcresi Ne Kadar Olmal\u0131? | Anneler Topland\u0131k\",\"isPartOf\":{\"@id\":\"https:\/\/annelertoplandik.com\/blog\/#website\"},\"primaryImageOfPage\":{\"@id\":\"https:\/\/annelertoplandik.com\/blog\/bebegi-emzirme-suresi-ne-kadar-olmali\/#primaryimage\"},\"image\":{\"@id\":\"https:\/\/annelertoplandik.com\/blog\/bebegi-emzirme-suresi-ne-kadar-olmali\/#primaryimage\"},\"thumbnailUrl\":\"https:\/\/annelertoplandik.com\/blog\/wp-content\/uploads\/2021\/01\/emzirme1.jpg\",\"datePublished\":\"2021-01-25T12:31:00+00:00\",\"dateModified\":\"2021-01-29T12:37:47+00:00\",\"breadcrumb\":{\"@id\":\"https:\/\/annelertoplandik.com\/blog\/bebegi-emzirme-suresi-ne-kadar-olmali\/#breadcrumb\"},\"inLanguage\":\"tr\",\"potentialAction\":[{\"@type\":\"ReadAction\",\"target\":[\"https:\/\/annelertoplandik.com\/blog\/bebegi-emzirme-suresi-ne-kadar-olmali\/\"]}]},{\"@type\":\"ImageObject\",\"inLanguage\":\"tr\",\"@id\":\"https:\/\/annelertoplandik.com\/blog\/bebegi-emzirme-suresi-ne-kadar-olmali\/#primaryimage\",\"url\":\"https:\/\/annelertoplandik.com\/blog\/wp-content\/uploads\/2021\/01\/emzirme1.jpg\",\"contentUrl\":\"https:\/\/annelertoplandik.com\/blog\/wp-content\/uploads\/2021\/01\/emzirme1.jpg\",\"width\":2000,\"height\":1130,\"caption\":\"emzirme\"},{\"@type\":\"BreadcrumbList\",\"@id\":\"https:\/\/annelertoplandik.com\/blog\/bebegi-emzirme-suresi-ne-kadar-olmali\/#breadcrumb\",\"itemListElement\":[{\"@type\":\"ListItem\",\"position\":1,\"name\":\"Ana sayfa\",\"item\":\"https:\/\/annelertoplandik.com\/blog\/\"},{\"@type\":\"ListItem\",\"position\":2,\"name\":\"Bebe\u011fi Emzirme S\u00fcresi Ne Kadar Olmal\u0131?\"}]},{\"@type\":\"WebSite\",\"@id\":\"https:\/\/annelertoplandik.com\/blog\/#website\",\"url\":\"https:\/\/annelertoplandik.com\/blog\/\",\"name\":\"Anneler Topland\u0131k\",\"description\":\"Annelerin sanal payla\u015f\u0131m merkezi\",\"publisher\":{\"@id\":\"https:\/\/annelertoplandik.com\/blog\/#\/schema\/person\/1fe572fbbce7ca9b1429e03f3fc0d0a8\"},\"potentialAction\":[{\"@type\":\"SearchAction\",\"target\":{\"@type\":\"EntryPoint\",\"urlTemplate\":\"https:\/\/annelertoplandik.com\/blog\/?s={search_term_string}\"},\"query-input\":{\"@type\":\"PropertyValueSpecification\",\"valueRequired\":true,\"valueName\":\"search_term_string\"}}],\"inLanguage\":\"tr\"},{\"@type\":[\"Person\",\"Organization\"],\"@id\":\"https:\/\/annelertoplandik.com\/blog\/#\/schema\/person\/1fe572fbbce7ca9b1429e03f3fc0d0a8\",\"name\":\"Admin\",\"image\":{\"@type\":\"ImageObject\",\"inLanguage\":\"tr\",\"@id\":\"https:\/\/annelertoplandik.com\/blog\/#\/schema\/person\/image\/\",\"url\":\"https:\/\/annelertoplandik.com\/blog\/wp-content\/litespeed\/avatar\/b11040300c1fe933a5185741d40560b6.jpg?ver=1777032257\",\"contentUrl\":\"https:\/\/annelertoplandik.com\/blog\/wp-content\/litespeed\/avatar\/b11040300c1fe933a5185741d40560b6.jpg?ver=1777032257\",\"caption\":\"Admin\"},\"logo\":{\"@id\":\"https:\/\/annelertoplandik.com\/blog\/#\/schema\/person\/image\/\"}}]}<\/script>\n<!-- \/ Yoast SEO plugin. -->","yoast_head_json":{"title":"Bebe\u011fi Emzirme S\u00fcresi Ne Kadar Olmal\u0131? | Anneler Topland\u0131k","robots":{"index":"index","follow":"follow","max-snippet":"max-snippet:-1","max-image-preview":"max-image-preview:large","max-video-preview":"max-video-preview:-1"},"canonical":"https:\/\/annelertoplandik.com\/blog\/bebegi-emzirme-suresi-ne-kadar-olmali\/","og_locale":"tr_TR","og_type":"article","og_title":"Bebe\u011fi Emzirme S\u00fcresi Ne Kadar Olmal\u0131? | Anneler Topland\u0131k","og_description":"Bir\u00e7ok anne ve \u00e7ocu\u011fu i\u00e7in emzirme \u00f6zellikle yo\u011fun bir zamand\u0131r.&nbsp;Ancak tamamlay\u0131c\u0131 yiyeceklere ge\u00e7mek i\u00e7in \u00e7ocuklar ne kadar s\u00fcreyle anne s\u00fct\u00fcyle beslenmeli ve s\u00fctten kesilmeye ne zaman ba\u015flanmal\u0131d\u0131r?&nbsp;Bu sorular yaln\u0131zca bir\u00e7ok anneyi ilgilendirmez, ayn\u0131 zamanda bir\u00e7ok tart\u0131\u015fman\u0131n da konusudur. Anneler ne kadar s\u00fcre emzirmelidir? D\u00fcnya Sa\u011fl\u0131k \u00d6rg\u00fct\u00fc, UNICEF ve Ulusal Emzirme Komisyonu bu konuda ayn\u0131 fikirdedir. [&hellip;]","og_url":"https:\/\/annelertoplandik.com\/blog\/bebegi-emzirme-suresi-ne-kadar-olmali\/","og_site_name":"Anneler Topland\u0131k","article_published_time":"2021-01-25T12:31:00+00:00","article_modified_time":"2021-01-29T12:37:47+00:00","og_image":[{"width":2000,"height":1130,"url":"https:\/\/annelertoplandik.com\/blog\/wp-content\/uploads\/2021\/01\/emzirme1.jpg","type":"image\/jpeg"}],"author":"Admin","twitter_card":"summary_large_image","twitter_misc":{"Yazan:":"Admin","Tahmini okuma s\u00fcresi":"5 dakika"},"schema":{"@context":"https:\/\/schema.org","@graph":[{"@type":"Article","@id":"https:\/\/annelertoplandik.com\/blog\/bebegi-emzirme-suresi-ne-kadar-olmali\/#article","isPartOf":{"@id":"https:\/\/annelertoplandik.com\/blog\/bebegi-emzirme-suresi-ne-kadar-olmali\/"},"author":{"name":"Admin","@id":"https:\/\/annelertoplandik.com\/blog\/#\/schema\/person\/1fe572fbbce7ca9b1429e03f3fc0d0a8"},"headline":"Bebe\u011fi Emzirme S\u00fcresi Ne Kadar Olmal\u0131?","datePublished":"2021-01-25T12:31:00+00:00","dateModified":"2021-01-29T12:37:47+00:00","mainEntityOfPage":{"@id":"https:\/\/annelertoplandik.com\/blog\/bebegi-emzirme-suresi-ne-kadar-olmali\/"},"wordCount":1021,"commentCount":0,"publisher":{"@id":"https:\/\/annelertoplandik.com\/blog\/#\/schema\/person\/1fe572fbbce7ca9b1429e03f3fc0d0a8"},"image":{"@id":"https:\/\/annelertoplandik.com\/blog\/bebegi-emzirme-suresi-ne-kadar-olmali\/#primaryimage"},"thumbnailUrl":"https:\/\/annelertoplandik.com\/blog\/wp-content\/uploads\/2021\/01\/emzirme1.jpg","articleSection":["Bebek Beslenmesi"],"inLanguage":"tr","potentialAction":[{"@type":"CommentAction","name":"Comment","target":["https:\/\/annelertoplandik.com\/blog\/bebegi-emzirme-suresi-ne-kadar-olmali\/#respond"]}]},{"@type":"WebPage","@id":"https:\/\/annelertoplandik.com\/blog\/bebegi-emzirme-suresi-ne-kadar-olmali\/","url":"https:\/\/annelertoplandik.com\/blog\/bebegi-emzirme-suresi-ne-kadar-olmali\/","name":"Bebe\u011fi Emzirme S\u00fcresi Ne Kadar Olmal\u0131? | Anneler Topland\u0131k","isPartOf":{"@id":"https:\/\/annelertoplandik.com\/blog\/#website"},"primaryImageOfPage":{"@id":"https:\/\/annelertoplandik.com\/blog\/bebegi-emzirme-suresi-ne-kadar-olmali\/#primaryimage"},"image":{"@id":"https:\/\/annelertoplandik.com\/blog\/bebegi-emzirme-suresi-ne-kadar-olmali\/#primaryimage"},"thumbnailUrl":"https:\/\/annelertoplandik.com\/blog\/wp-content\/uploads\/2021\/01\/emzirme1.jpg","datePublished":"2021-01-25T12:31:00+00:00","dateModified":"2021-01-29T12:37:47+00:00","breadcrumb":{"@id":"https:\/\/annelertoplandik.com\/blog\/bebegi-emzirme-suresi-ne-kadar-olmali\/#breadcrumb"},"inLanguage":"tr","potentialAction":[{"@type":"ReadAction","target":["https:\/\/annelertoplandik.com\/blog\/bebegi-emzirme-suresi-ne-kadar-olmali\/"]}]},{"@type":"ImageObject","inLanguage":"tr","@id":"https:\/\/annelertoplandik.com\/blog\/bebegi-emzirme-suresi-ne-kadar-olmali\/#primaryimage","url":"https:\/\/annelertoplandik.com\/blog\/wp-content\/uploads\/2021\/01\/emzirme1.jpg","contentUrl":"https:\/\/annelertoplandik.com\/blog\/wp-content\/uploads\/2021\/01\/emzirme1.jpg","width":2000,"height":1130,"caption":"emzirme"},{"@type":"BreadcrumbList","@id":"https:\/\/annelertoplandik.com\/blog\/bebegi-emzirme-suresi-ne-kadar-olmali\/#breadcrumb","itemListElement":[{"@type":"ListItem","position":1,"name":"Ana sayfa","item":"https:\/\/annelertoplandik.com\/blog\/"},{"@type":"ListItem","position":2,"name":"Bebe\u011fi Emzirme S\u00fcresi Ne Kadar Olmal\u0131?"}]},{"@type":"WebSite","@id":"https:\/\/annelertoplandik.com\/blog\/#website","url":"https:\/\/annelertoplandik.com\/blog\/","name":"Anneler Topland\u0131k","description":"Annelerin sanal payla\u015f\u0131m merkezi","publisher":{"@id":"https:\/\/annelertoplandik.com\/blog\/#\/schema\/person\/1fe572fbbce7ca9b1429e03f3fc0d0a8"},"potentialAction":[{"@type":"SearchAction","target":{"@type":"EntryPoint","urlTemplate":"https:\/\/annelertoplandik.com\/blog\/?s={search_term_string}"},"query-input":{"@type":"PropertyValueSpecification","valueRequired":true,"valueName":"search_term_string"}}],"inLanguage":"tr"},{"@type":["Person","Organization"],"@id":"https:\/\/annelertoplandik.com\/blog\/#\/schema\/person\/1fe572fbbce7ca9b1429e03f3fc0d0a8","name":"Admin","image":{"@type":"ImageObject","inLanguage":"tr","@id":"https:\/\/annelertoplandik.com\/blog\/#\/schema\/person\/image\/","url":"https:\/\/annelertoplandik.com\/blog\/wp-content\/litespeed\/avatar\/b11040300c1fe933a5185741d40560b6.jpg?ver=1777032257","contentUrl":"https:\/\/annelertoplandik.com\/blog\/wp-content\/litespeed\/avatar\/b11040300c1fe933a5185741d40560b6.jpg?ver=1777032257","caption":"Admin"},"logo":{"@id":"https:\/\/annelertoplandik.com\/blog\/#\/schema\/person\/image\/"}}]}},"amp_enabled":true,"_links":{"self":[{"href":"https:\/\/annelertoplandik.com\/blog\/wp-json\/wp\/v2\/posts\/3656"}],"collection":[{"href":"https:\/\/annelertoplandik.com\/blog\/wp-json\/wp\/v2\/posts"}],"about":[{"href":"https:\/\/annelertoplandik.com\/blog\/wp-json\/wp\/v2\/types\/post"}],"author":[{"embeddable":true,"href":"https:\/\/annelertoplandik.com\/blog\/wp-json\/wp\/v2\/users\/1"}],"replies":[{"embeddable":true,"href":"https:\/\/annelertoplandik.com\/blog\/wp-json\/wp\/v2\/comments?post=3656"}],"version-history":[{"count":0,"href":"https:\/\/annelertoplandik.com\/blog\/wp-json\/wp\/v2\/posts\/3656\/revisions"}],"wp:featuredmedia":[{"embeddable":true,"href":"https:\/\/annelertoplandik.com\/blog\/wp-json\/wp\/v2\/media\/3657"}],"wp:attachment":[{"href":"https:\/\/annelertoplandik.com\/blog\/wp-json\/wp\/v2\/media?parent=3656"}],"wp:term":[{"taxonomy":"category","embeddable":true,"href":"https:\/\/annelertoplandik.com\/blog\/wp-json\/wp\/v2\/categories?post=3656"},{"taxonomy":"post_tag","embeddable":true,"href":"https:\/\/annelertoplandik.com\/blog\/wp-json\/wp\/v2\/tags?post=3656"}],"curies":[{"name":"wp","href":"https:\/\/api.w.org\/{rel}","templated":true}]}}