{"id":3664,"date":"2021-01-27T16:41:00","date_gmt":"2021-01-27T13:41:00","guid":{"rendered":"https:\/\/annelertoplandik.com\/blog\/?p=3664"},"modified":"2021-01-31T16:45:49","modified_gmt":"2021-01-31T13:45:49","slug":"bebeklerde-kabizlik-nasil-gecer","status":"publish","type":"post","link":"https:\/\/annelertoplandik.com\/blog\/bebeklerde-kabizlik-nasil-gecer\/","title":{"rendered":"Bebeklerde Kab\u0131zl\u0131k Nas\u0131l Ge\u00e7er?"},"content":{"rendered":"\n<p>T\u0131bbi olarak kab\u0131zl\u0131k, yaln\u0131zca \u00fc\u00e7 g\u00fcn veya daha fazla ba\u011f\u0131rsak hareketi olmad\u0131\u011f\u0131nda ortaya \u00e7\u0131kar.&nbsp;Ancak \u00e7ocu\u011fun durumu d\u0131\u015fk\u0131lama s\u0131kl\u0131\u011f\u0131ndan daha \u00f6nemlidir.&nbsp;Kar\u0131n a\u011fr\u0131s\u0131, a\u011fr\u0131l\u0131 ba\u011f\u0131rsak hareketleri ve sert d\u0131\u015fk\u0131, kab\u0131zl\u0131\u011f\u0131n a\u00e7\u0131k belirtileridir.&nbsp;Sindirim sorunlar\u0131 genellikle birka\u00e7 ev ilac\u0131 ile giderilebilir.<\/p>\n\n\n\n<p>Bebekler a\u011flad\u0131\u011f\u0131nda bir\u00e7ok farkl\u0131 sebep olabilir.&nbsp;A\u00e7, yorgun veya midesi a\u011fr\u0131yor olabilir.&nbsp;\u0130lk birka\u00e7 ayda bir&nbsp;bebekte&nbsp;kab\u0131zl\u0131k&nbsp;nadirdir, ancak g\u00f6r\u00fclme olas\u0131l\u0131\u011f\u0131 elbette vard\u0131r.&nbsp;S\u00fcte ek olarak yulaf lapas\u0131 da beslendi\u011finde, \u00e7ocuklar genellikle \u00e7ok sert d\u0131\u015fk\u0131 \u00e7ekerler.<\/p>\n\n\n\n<p>\u0130lk be\u015f veya alt\u0131 ayda bebeklere genellikle sadece anne s\u00fct\u00fc veya mama verilir.&nbsp;Bu s\u00fcre zarf\u0131nda bebeklerde kab\u0131zl\u0131k nadirdir.&nbsp;Bunu tan\u0131mak zordur \u00e7\u00fcnk\u00fc bir bebe\u011fin d\u0131\u015fk\u0131 davran\u0131\u015f\u0131 \u00e7ok farkl\u0131 olabilir.<\/p>\n\n\n\n<h2 class=\"wp-block-heading\"><strong>Bebeklerde kab\u0131zl\u0131k belirtileri<\/strong><\/h2>\n\n\n\n<p>\u0130yi g\u00f6zlemciler olarak ebeveynler genellikle bebeklerinin ne zaman iyi olmad\u0131\u011f\u0131n\u0131 anlarlar.&nbsp;Peki bebeklerde kab\u0131zl\u0131\u011f\u0131 tam olarak nas\u0131l anlars\u0131n\u0131z?&nbsp;Bebe\u011finiz a\u015fa\u011f\u0131daki durumlarda kab\u0131zd\u0131r:<\/p>\n\n\n\n<ul><li>On g\u00fcnden fazla s\u00fcren bir ba\u011f\u0131rsak hareketi<\/li><li>Dikkat \u00e7ekici \u015fekilde kemerli veya sertle\u015fmi\u015f g\u00f6bek<\/li><li>Kuru, sert, yuvarlak d\u0131\u015fk\u0131<\/li><li>K\u00f6t\u00fc kokulu ba\u011f\u0131rsak hareketleri ve gaz<\/li><li>Bacaklar\u0131n tekrar tekrar \u00e7ekilmesiyle sinir bozucu a\u011flama<\/li><li>Yemeyi reddetme<\/li><li>A\u011fr\u0131 ve rahats\u0131zl\u0131ktan kaynaklanan huzursuzluk<\/li><li>Sert d\u0131\u015fk\u0131ya zorlamaktan kaynaklanan bo\u011faz a\u011fr\u0131s\u0131<\/li><\/ul>\n\n\n\n<h2 class=\"wp-block-heading\"><strong>Bebeklerde kab\u0131zl\u0131k neden olur?<\/strong><\/h2>\n\n\n\n<p>Bebeklerde kab\u0131zl\u0131\u011f\u0131n \u00e7ok farkl\u0131 nedenleri olabilir.&nbsp;Belirleyici tetikleyici, genellikle bebe\u011finizin \u015fu anda i\u00e7inde bulundu\u011fu geli\u015fim a\u015famas\u0131d\u0131r.&nbsp;Yetersiz s\u0131v\u0131 al\u0131m\u0131n\u0131n yan\u0131 s\u0131ra belirli yeme al\u0131\u015fkanl\u0131klar\u0131 veya bunlardaki de\u011fi\u015fiklikler olabilir.&nbsp;\u00c7ocu\u011funuzdaki hastal\u0131k veya stres de sindirimi etkileyebilir.<\/p>\n\n\n\n<h2 class=\"wp-block-heading\"><strong>Emzirilen bebeklerde kab\u0131zl\u0131k<\/strong><\/h2>\n\n\n\n<p>Emzirirken bebek kab\u0131zl\u0131\u011f\u0131 \u00e7ok nadirdir, \u00e7\u00fcnk\u00fc anne s\u00fct\u00fcn\u00fcn bebe\u011fin midesini sindirmesi biberondaki mamaya g\u00f6re daha kolayd\u0131r.&nbsp;Emzirme s\u0131ras\u0131nda kab\u0131zl\u0131k meydana gelirse, bir emzirme denemesi yapmal\u0131s\u0131n\u0131z.&nbsp;Bu, en iyi \u015fekilde \u00e7ocuk doktorunuza dan\u0131\u015farak yap\u0131l\u0131r. Muayenede bebe\u011finizi emzirmeden \u00f6nce ve sonra tartar.&nbsp;Bu, kilo al\u0131m\u0131n\u0131n normal olup olmad\u0131\u011f\u0131n\u0131 ve bebe\u011finizin normal olarak ne kadar i\u00e7ti\u011fini tam olarak s\u00f6yleyebilir.&nbsp;Doktorunuz, kab\u0131zl\u0131\u011f\u0131 olan yeni do\u011fmu\u015f bebe\u011finiz i\u00e7in bireysel beslenme bilgileri verir.<\/p>\n\n\n\n<figure class=\"wp-block-image size-large\"><img loading=\"lazy\" decoding=\"async\" width=\"1024\" height=\"538\" src=\"https:\/\/annelertoplandik.com\/blog\/wp-content\/uploads\/2021\/01\/kabizlik-1024x538.jpg\" alt=\"kab\u0131zl\u0131k\" class=\"wp-image-3666\" srcset=\"https:\/\/annelertoplandik.com\/blog\/wp-content\/uploads\/2021\/01\/kabizlik-1024x538.jpg 1024w, https:\/\/annelertoplandik.com\/blog\/wp-content\/uploads\/2021\/01\/kabizlik-300x158.jpg 300w, https:\/\/annelertoplandik.com\/blog\/wp-content\/uploads\/2021\/01\/kabizlik-768x403.jpg 768w, https:\/\/annelertoplandik.com\/blog\/wp-content\/uploads\/2021\/01\/kabizlik-696x365.jpg 696w, https:\/\/annelertoplandik.com\/blog\/wp-content\/uploads\/2021\/01\/kabizlik-1068x561.jpg 1068w, https:\/\/annelertoplandik.com\/blog\/wp-content\/uploads\/2021\/01\/kabizlik-800x420.jpg 800w, https:\/\/annelertoplandik.com\/blog\/wp-content\/uploads\/2021\/01\/kabizlik.jpg 1200w\" sizes=\"(max-width: 1024px) 100vw, 1024px\" \/><\/figure>\n\n\n\n<h2 class=\"wp-block-heading\"><strong>Biberonla beslenen \u00e7ocuklarda kab\u0131zl\u0131k<\/strong><\/h2>\n\n\n\n<p>Biberonla beslenen bir \u00e7ocu\u011fun, bebe\u011finizin kab\u0131z olma olas\u0131l\u0131\u011f\u0131 daha y\u00fcksektir.&nbsp;Bunun nedeni, \u00f6n s\u00fct\u00fcn veya devam s\u00fct\u00fcn\u00fcn sindirilmesinin anne s\u00fct\u00fcnden daha zor olmas\u0131d\u0131r.&nbsp;Ge\u00e7i\u015f a\u015famas\u0131 s\u0131ras\u0131nda bebe\u011finizin d\u0131\u015fk\u0131s\u0131 buna ba\u011fl\u0131 olarak daha s\u0131k\u0131 hale gelebilir.&nbsp;Bebe\u011finizin iyi durumda olup olmad\u0131\u011f\u0131n\u0131 g\u00f6rmek i\u00e7in izlemelisiniz.&nbsp;Daha fazla belirti g\u00f6stermezse endi\u015felenecek bir \u015fey yoktur.<\/p>\n\n\n\n<h2 class=\"wp-block-heading\"><strong>Bebeklerde kab\u0131zl\u0131k i\u00e7in neler yap\u0131l\u0131r?<\/strong><\/h2>\n\n\n\n<p>\u00c7o\u011fu durumda, bir \u00e7ocuk doktoru kab\u0131zl\u0131\u011f\u0131 gidermeye yard\u0131mc\u0131 olmak i\u00e7in d\u0131\u015fk\u0131 yumu\u015fat\u0131c\u0131lar yazacakt\u0131r.&nbsp;Neyse ki, bunlar\u0131n sadece ba\u011f\u0131rsaklardan ge\u00e7ip suyu ba\u011flad\u0131klar\u0131 i\u00e7in herhangi bir yan etkisi yoktur.&nbsp;Bebe\u011finizin kab\u0131zl\u0131\u011f\u0131na kar\u015f\u0131 fitiller genellikle h\u0131zl\u0131 etki eder.<\/p>\n\n\n\n<p>Ayr\u0131ca s\u0131v\u0131lar, g\u0131da al\u0131m\u0131n\u0131n \u00e7ok \u00f6nemli bir par\u00e7as\u0131d\u0131r.&nbsp;Bazen bebek kab\u0131zsa lapaya laktoz eklenir.&nbsp;Ancak halihaz\u0131rda kab\u0131zl\u0131\u011fa kar\u015f\u0131 yard\u0131mc\u0131 olan pek \u00e7ok yiyecek vard\u0131r. A\u015fa\u011f\u0131daki g\u0131dalar bebe\u011finiz i\u00e7in tamamlay\u0131c\u0131 yiyecekler olarak \u00f6nerilmektedir:<\/p>\n\n\n\n<ul><li>Tam tah\u0131ll\u0131 ekmek<\/li><li>Yulaf ve yulaf kepe\u011fi<\/li><li>Kinoa<\/li><li>Ha\u015flanm\u0131\u015f arpa<\/li><li>Yo\u011furt, probiyotik<\/li><li>Armut<\/li><li>Kay\u0131s\u0131<\/li><li>Elma<\/li><li>Brokoli<\/li><\/ul>\n\n\n\n<p>Bebe\u011finizin kab\u0131zl\u0131\u011f\u0131 kronikle\u015fti\u011finde haftalarca, aylarca ve hatta bazen y\u0131llarca s\u00fcrebilir.&nbsp;Bazen ila\u00e7lar\u0131n kal\u0131c\u0131 olarak al\u0131nmas\u0131 gerekti\u011finde bu problem uzun s\u00fcrebilir.&nbsp;Bu y\u00fczden sizin ve \u00e7ocu\u011funuzun \u00e7ok sab\u0131rl\u0131 olmas\u0131 gerekiyor.<\/p>\n\n\n\n<p>Ebeveyn olarak, bebek bezinin i\u00e7eri\u011fini yak\u0131ndan takip etmek size yard\u0131mc\u0131 olur.&nbsp;Kab\u0131zl\u0131k tekrar tehdit ederse, mutlaka t\u0131bbi bir destek i\u00e7in hastaneye ba\u015fvurmal\u0131s\u0131n\u0131z.<\/p>\n","protected":false},"excerpt":{"rendered":"<p>T\u0131bbi olarak kab\u0131zl\u0131k, yaln\u0131zca \u00fc\u00e7 g\u00fcn veya daha fazla ba\u011f\u0131rsak hareketi olmad\u0131\u011f\u0131nda ortaya \u00e7\u0131kar.&nbsp;Ancak \u00e7ocu\u011fun durumu d\u0131\u015fk\u0131lama s\u0131kl\u0131\u011f\u0131ndan daha \u00f6nemlidir.&nbsp;Kar\u0131n a\u011fr\u0131s\u0131, a\u011fr\u0131l\u0131 ba\u011f\u0131rsak hareketleri ve sert d\u0131\u015fk\u0131, kab\u0131zl\u0131\u011f\u0131n a\u00e7\u0131k belirtileridir.&nbsp;Sindirim sorunlar\u0131 genellikle birka\u00e7 ev ilac\u0131 ile giderilebilir. Bebekler a\u011flad\u0131\u011f\u0131nda bir\u00e7ok farkl\u0131 sebep olabilir.&nbsp;A\u00e7, yorgun veya midesi a\u011fr\u0131yor olabilir.&nbsp;\u0130lk birka\u00e7 ayda bir&nbsp;bebekte&nbsp;kab\u0131zl\u0131k&nbsp;nadirdir, ancak g\u00f6r\u00fclme olas\u0131l\u0131\u011f\u0131 elbette [&hellip;]<\/p>\n","protected":false},"author":1,"featured_media":3665,"comment_status":"open","ping_status":"open","sticky":false,"template":"","format":"standard","meta":{"tdm_status":"","tdm_grid_status":"","footnotes":""},"categories":[38],"tags":[],"yoast_head":"<!-- This site is optimized with the Yoast SEO plugin v24.5 - https:\/\/yoast.com\/wordpress\/plugins\/seo\/ -->\n<title>Bebeklerde Kab\u0131zl\u0131k Nas\u0131l Ge\u00e7er? | Anneler Topland\u0131k<\/title>\n<meta name=\"robots\" content=\"index, follow, max-snippet:-1, max-image-preview:large, max-video-preview:-1\" \/>\n<link rel=\"canonical\" href=\"https:\/\/annelertoplandik.com\/blog\/bebeklerde-kabizlik-nasil-gecer\/\" \/>\n<meta property=\"og:locale\" content=\"tr_TR\" \/>\n<meta property=\"og:type\" content=\"article\" \/>\n<meta property=\"og:title\" content=\"Bebeklerde Kab\u0131zl\u0131k Nas\u0131l Ge\u00e7er? | Anneler Topland\u0131k\" \/>\n<meta property=\"og:description\" content=\"T\u0131bbi olarak kab\u0131zl\u0131k, yaln\u0131zca \u00fc\u00e7 g\u00fcn veya daha fazla ba\u011f\u0131rsak hareketi olmad\u0131\u011f\u0131nda ortaya \u00e7\u0131kar.&nbsp;Ancak \u00e7ocu\u011fun durumu d\u0131\u015fk\u0131lama s\u0131kl\u0131\u011f\u0131ndan daha \u00f6nemlidir.&nbsp;Kar\u0131n a\u011fr\u0131s\u0131, a\u011fr\u0131l\u0131 ba\u011f\u0131rsak hareketleri ve sert d\u0131\u015fk\u0131, kab\u0131zl\u0131\u011f\u0131n a\u00e7\u0131k belirtileridir.&nbsp;Sindirim sorunlar\u0131 genellikle birka\u00e7 ev ilac\u0131 ile giderilebilir. Bebekler a\u011flad\u0131\u011f\u0131nda bir\u00e7ok farkl\u0131 sebep olabilir.&nbsp;A\u00e7, yorgun veya midesi a\u011fr\u0131yor olabilir.&nbsp;\u0130lk birka\u00e7 ayda bir&nbsp;bebekte&nbsp;kab\u0131zl\u0131k&nbsp;nadirdir, ancak g\u00f6r\u00fclme olas\u0131l\u0131\u011f\u0131 elbette [&hellip;]\" \/>\n<meta property=\"og:url\" content=\"https:\/\/annelertoplandik.com\/blog\/bebeklerde-kabizlik-nasil-gecer\/\" \/>\n<meta property=\"og:site_name\" content=\"Anneler Topland\u0131k\" \/>\n<meta property=\"article:published_time\" content=\"2021-01-27T13:41:00+00:00\" \/>\n<meta property=\"article:modified_time\" content=\"2021-01-31T13:45:49+00:00\" \/>\n<meta property=\"og:image\" content=\"https:\/\/annelertoplandik.com\/blog\/wp-content\/uploads\/2021\/01\/kabizlik1.jpg\" \/>\n\t<meta property=\"og:image:width\" content=\"1200\" \/>\n\t<meta property=\"og:image:height\" content=\"915\" \/>\n\t<meta property=\"og:image:type\" content=\"image\/jpeg\" \/>\n<meta name=\"author\" content=\"Admin\" \/>\n<meta name=\"twitter:card\" content=\"summary_large_image\" \/>\n<meta name=\"twitter:label1\" content=\"Yazan:\" \/>\n\t<meta name=\"twitter:data1\" content=\"Admin\" \/>\n\t<meta name=\"twitter:label2\" content=\"Tahmini okuma s\u00fcresi\" \/>\n\t<meta name=\"twitter:data2\" content=\"4 dakika\" \/>\n<script type=\"application\/ld+json\" class=\"yoast-schema-graph\">{\"@context\":\"https:\/\/schema.org\",\"@graph\":[{\"@type\":\"Article\",\"@id\":\"https:\/\/annelertoplandik.com\/blog\/bebeklerde-kabizlik-nasil-gecer\/#article\",\"isPartOf\":{\"@id\":\"https:\/\/annelertoplandik.com\/blog\/bebeklerde-kabizlik-nasil-gecer\/\"},\"author\":{\"name\":\"Admin\",\"@id\":\"https:\/\/annelertoplandik.com\/blog\/#\/schema\/person\/1fe572fbbce7ca9b1429e03f3fc0d0a8\"},\"headline\":\"Bebeklerde Kab\u0131zl\u0131k Nas\u0131l Ge\u00e7er?\",\"datePublished\":\"2021-01-27T13:41:00+00:00\",\"dateModified\":\"2021-01-31T13:45:49+00:00\",\"mainEntityOfPage\":{\"@id\":\"https:\/\/annelertoplandik.com\/blog\/bebeklerde-kabizlik-nasil-gecer\/\"},\"wordCount\":755,\"commentCount\":0,\"publisher\":{\"@id\":\"https:\/\/annelertoplandik.com\/blog\/#\/schema\/person\/1fe572fbbce7ca9b1429e03f3fc0d0a8\"},\"image\":{\"@id\":\"https:\/\/annelertoplandik.com\/blog\/bebeklerde-kabizlik-nasil-gecer\/#primaryimage\"},\"thumbnailUrl\":\"https:\/\/annelertoplandik.com\/blog\/wp-content\/uploads\/2021\/01\/kabizlik1.jpg\",\"articleSection\":[\"Bebek Sa\u011fl\u0131\u011f\u0131 ve Hastal\u0131klar\u0131\"],\"inLanguage\":\"tr\",\"potentialAction\":[{\"@type\":\"CommentAction\",\"name\":\"Comment\",\"target\":[\"https:\/\/annelertoplandik.com\/blog\/bebeklerde-kabizlik-nasil-gecer\/#respond\"]}]},{\"@type\":\"WebPage\",\"@id\":\"https:\/\/annelertoplandik.com\/blog\/bebeklerde-kabizlik-nasil-gecer\/\",\"url\":\"https:\/\/annelertoplandik.com\/blog\/bebeklerde-kabizlik-nasil-gecer\/\",\"name\":\"Bebeklerde Kab\u0131zl\u0131k Nas\u0131l Ge\u00e7er? | Anneler Topland\u0131k\",\"isPartOf\":{\"@id\":\"https:\/\/annelertoplandik.com\/blog\/#website\"},\"primaryImageOfPage\":{\"@id\":\"https:\/\/annelertoplandik.com\/blog\/bebeklerde-kabizlik-nasil-gecer\/#primaryimage\"},\"image\":{\"@id\":\"https:\/\/annelertoplandik.com\/blog\/bebeklerde-kabizlik-nasil-gecer\/#primaryimage\"},\"thumbnailUrl\":\"https:\/\/annelertoplandik.com\/blog\/wp-content\/uploads\/2021\/01\/kabizlik1.jpg\",\"datePublished\":\"2021-01-27T13:41:00+00:00\",\"dateModified\":\"2021-01-31T13:45:49+00:00\",\"breadcrumb\":{\"@id\":\"https:\/\/annelertoplandik.com\/blog\/bebeklerde-kabizlik-nasil-gecer\/#breadcrumb\"},\"inLanguage\":\"tr\",\"potentialAction\":[{\"@type\":\"ReadAction\",\"target\":[\"https:\/\/annelertoplandik.com\/blog\/bebeklerde-kabizlik-nasil-gecer\/\"]}]},{\"@type\":\"ImageObject\",\"inLanguage\":\"tr\",\"@id\":\"https:\/\/annelertoplandik.com\/blog\/bebeklerde-kabizlik-nasil-gecer\/#primaryimage\",\"url\":\"https:\/\/annelertoplandik.com\/blog\/wp-content\/uploads\/2021\/01\/kabizlik1.jpg\",\"contentUrl\":\"https:\/\/annelertoplandik.com\/blog\/wp-content\/uploads\/2021\/01\/kabizlik1.jpg\",\"width\":1200,\"height\":915,\"caption\":\"kab\u0131zl\u0131k\"},{\"@type\":\"BreadcrumbList\",\"@id\":\"https:\/\/annelertoplandik.com\/blog\/bebeklerde-kabizlik-nasil-gecer\/#breadcrumb\",\"itemListElement\":[{\"@type\":\"ListItem\",\"position\":1,\"name\":\"Ana sayfa\",\"item\":\"https:\/\/annelertoplandik.com\/blog\/\"},{\"@type\":\"ListItem\",\"position\":2,\"name\":\"Bebeklerde Kab\u0131zl\u0131k Nas\u0131l Ge\u00e7er?\"}]},{\"@type\":\"WebSite\",\"@id\":\"https:\/\/annelertoplandik.com\/blog\/#website\",\"url\":\"https:\/\/annelertoplandik.com\/blog\/\",\"name\":\"Anneler Topland\u0131k\",\"description\":\"Annelerin sanal payla\u015f\u0131m merkezi\",\"publisher\":{\"@id\":\"https:\/\/annelertoplandik.com\/blog\/#\/schema\/person\/1fe572fbbce7ca9b1429e03f3fc0d0a8\"},\"potentialAction\":[{\"@type\":\"SearchAction\",\"target\":{\"@type\":\"EntryPoint\",\"urlTemplate\":\"https:\/\/annelertoplandik.com\/blog\/?s={search_term_string}\"},\"query-input\":{\"@type\":\"PropertyValueSpecification\",\"valueRequired\":true,\"valueName\":\"search_term_string\"}}],\"inLanguage\":\"tr\"},{\"@type\":[\"Person\",\"Organization\"],\"@id\":\"https:\/\/annelertoplandik.com\/blog\/#\/schema\/person\/1fe572fbbce7ca9b1429e03f3fc0d0a8\",\"name\":\"Admin\",\"image\":{\"@type\":\"ImageObject\",\"inLanguage\":\"tr\",\"@id\":\"https:\/\/annelertoplandik.com\/blog\/#\/schema\/person\/image\/\",\"url\":\"https:\/\/annelertoplandik.com\/blog\/wp-content\/litespeed\/avatar\/b11040300c1fe933a5185741d40560b6.jpg?ver=1777032257\",\"contentUrl\":\"https:\/\/annelertoplandik.com\/blog\/wp-content\/litespeed\/avatar\/b11040300c1fe933a5185741d40560b6.jpg?ver=1777032257\",\"caption\":\"Admin\"},\"logo\":{\"@id\":\"https:\/\/annelertoplandik.com\/blog\/#\/schema\/person\/image\/\"}}]}<\/script>\n<!-- \/ Yoast SEO plugin. -->","yoast_head_json":{"title":"Bebeklerde Kab\u0131zl\u0131k Nas\u0131l Ge\u00e7er? | Anneler Topland\u0131k","robots":{"index":"index","follow":"follow","max-snippet":"max-snippet:-1","max-image-preview":"max-image-preview:large","max-video-preview":"max-video-preview:-1"},"canonical":"https:\/\/annelertoplandik.com\/blog\/bebeklerde-kabizlik-nasil-gecer\/","og_locale":"tr_TR","og_type":"article","og_title":"Bebeklerde Kab\u0131zl\u0131k Nas\u0131l Ge\u00e7er? | Anneler Topland\u0131k","og_description":"T\u0131bbi olarak kab\u0131zl\u0131k, yaln\u0131zca \u00fc\u00e7 g\u00fcn veya daha fazla ba\u011f\u0131rsak hareketi olmad\u0131\u011f\u0131nda ortaya \u00e7\u0131kar.&nbsp;Ancak \u00e7ocu\u011fun durumu d\u0131\u015fk\u0131lama s\u0131kl\u0131\u011f\u0131ndan daha \u00f6nemlidir.&nbsp;Kar\u0131n a\u011fr\u0131s\u0131, a\u011fr\u0131l\u0131 ba\u011f\u0131rsak hareketleri ve sert d\u0131\u015fk\u0131, kab\u0131zl\u0131\u011f\u0131n a\u00e7\u0131k belirtileridir.&nbsp;Sindirim sorunlar\u0131 genellikle birka\u00e7 ev ilac\u0131 ile giderilebilir. Bebekler a\u011flad\u0131\u011f\u0131nda bir\u00e7ok farkl\u0131 sebep olabilir.&nbsp;A\u00e7, yorgun veya midesi a\u011fr\u0131yor olabilir.&nbsp;\u0130lk birka\u00e7 ayda bir&nbsp;bebekte&nbsp;kab\u0131zl\u0131k&nbsp;nadirdir, ancak g\u00f6r\u00fclme olas\u0131l\u0131\u011f\u0131 elbette [&hellip;]","og_url":"https:\/\/annelertoplandik.com\/blog\/bebeklerde-kabizlik-nasil-gecer\/","og_site_name":"Anneler Topland\u0131k","article_published_time":"2021-01-27T13:41:00+00:00","article_modified_time":"2021-01-31T13:45:49+00:00","og_image":[{"width":1200,"height":915,"url":"https:\/\/annelertoplandik.com\/blog\/wp-content\/uploads\/2021\/01\/kabizlik1.jpg","type":"image\/jpeg"}],"author":"Admin","twitter_card":"summary_large_image","twitter_misc":{"Yazan:":"Admin","Tahmini okuma s\u00fcresi":"4 dakika"},"schema":{"@context":"https:\/\/schema.org","@graph":[{"@type":"Article","@id":"https:\/\/annelertoplandik.com\/blog\/bebeklerde-kabizlik-nasil-gecer\/#article","isPartOf":{"@id":"https:\/\/annelertoplandik.com\/blog\/bebeklerde-kabizlik-nasil-gecer\/"},"author":{"name":"Admin","@id":"https:\/\/annelertoplandik.com\/blog\/#\/schema\/person\/1fe572fbbce7ca9b1429e03f3fc0d0a8"},"headline":"Bebeklerde Kab\u0131zl\u0131k Nas\u0131l Ge\u00e7er?","datePublished":"2021-01-27T13:41:00+00:00","dateModified":"2021-01-31T13:45:49+00:00","mainEntityOfPage":{"@id":"https:\/\/annelertoplandik.com\/blog\/bebeklerde-kabizlik-nasil-gecer\/"},"wordCount":755,"commentCount":0,"publisher":{"@id":"https:\/\/annelertoplandik.com\/blog\/#\/schema\/person\/1fe572fbbce7ca9b1429e03f3fc0d0a8"},"image":{"@id":"https:\/\/annelertoplandik.com\/blog\/bebeklerde-kabizlik-nasil-gecer\/#primaryimage"},"thumbnailUrl":"https:\/\/annelertoplandik.com\/blog\/wp-content\/uploads\/2021\/01\/kabizlik1.jpg","articleSection":["Bebek Sa\u011fl\u0131\u011f\u0131 ve Hastal\u0131klar\u0131"],"inLanguage":"tr","potentialAction":[{"@type":"CommentAction","name":"Comment","target":["https:\/\/annelertoplandik.com\/blog\/bebeklerde-kabizlik-nasil-gecer\/#respond"]}]},{"@type":"WebPage","@id":"https:\/\/annelertoplandik.com\/blog\/bebeklerde-kabizlik-nasil-gecer\/","url":"https:\/\/annelertoplandik.com\/blog\/bebeklerde-kabizlik-nasil-gecer\/","name":"Bebeklerde Kab\u0131zl\u0131k Nas\u0131l Ge\u00e7er? | Anneler Topland\u0131k","isPartOf":{"@id":"https:\/\/annelertoplandik.com\/blog\/#website"},"primaryImageOfPage":{"@id":"https:\/\/annelertoplandik.com\/blog\/bebeklerde-kabizlik-nasil-gecer\/#primaryimage"},"image":{"@id":"https:\/\/annelertoplandik.com\/blog\/bebeklerde-kabizlik-nasil-gecer\/#primaryimage"},"thumbnailUrl":"https:\/\/annelertoplandik.com\/blog\/wp-content\/uploads\/2021\/01\/kabizlik1.jpg","datePublished":"2021-01-27T13:41:00+00:00","dateModified":"2021-01-31T13:45:49+00:00","breadcrumb":{"@id":"https:\/\/annelertoplandik.com\/blog\/bebeklerde-kabizlik-nasil-gecer\/#breadcrumb"},"inLanguage":"tr","potentialAction":[{"@type":"ReadAction","target":["https:\/\/annelertoplandik.com\/blog\/bebeklerde-kabizlik-nasil-gecer\/"]}]},{"@type":"ImageObject","inLanguage":"tr","@id":"https:\/\/annelertoplandik.com\/blog\/bebeklerde-kabizlik-nasil-gecer\/#primaryimage","url":"https:\/\/annelertoplandik.com\/blog\/wp-content\/uploads\/2021\/01\/kabizlik1.jpg","contentUrl":"https:\/\/annelertoplandik.com\/blog\/wp-content\/uploads\/2021\/01\/kabizlik1.jpg","width":1200,"height":915,"caption":"kab\u0131zl\u0131k"},{"@type":"BreadcrumbList","@id":"https:\/\/annelertoplandik.com\/blog\/bebeklerde-kabizlik-nasil-gecer\/#breadcrumb","itemListElement":[{"@type":"ListItem","position":1,"name":"Ana sayfa","item":"https:\/\/annelertoplandik.com\/blog\/"},{"@type":"ListItem","position":2,"name":"Bebeklerde Kab\u0131zl\u0131k Nas\u0131l Ge\u00e7er?"}]},{"@type":"WebSite","@id":"https:\/\/annelertoplandik.com\/blog\/#website","url":"https:\/\/annelertoplandik.com\/blog\/","name":"Anneler Topland\u0131k","description":"Annelerin sanal payla\u015f\u0131m merkezi","publisher":{"@id":"https:\/\/annelertoplandik.com\/blog\/#\/schema\/person\/1fe572fbbce7ca9b1429e03f3fc0d0a8"},"potentialAction":[{"@type":"SearchAction","target":{"@type":"EntryPoint","urlTemplate":"https:\/\/annelertoplandik.com\/blog\/?s={search_term_string}"},"query-input":{"@type":"PropertyValueSpecification","valueRequired":true,"valueName":"search_term_string"}}],"inLanguage":"tr"},{"@type":["Person","Organization"],"@id":"https:\/\/annelertoplandik.com\/blog\/#\/schema\/person\/1fe572fbbce7ca9b1429e03f3fc0d0a8","name":"Admin","image":{"@type":"ImageObject","inLanguage":"tr","@id":"https:\/\/annelertoplandik.com\/blog\/#\/schema\/person\/image\/","url":"https:\/\/annelertoplandik.com\/blog\/wp-content\/litespeed\/avatar\/b11040300c1fe933a5185741d40560b6.jpg?ver=1777032257","contentUrl":"https:\/\/annelertoplandik.com\/blog\/wp-content\/litespeed\/avatar\/b11040300c1fe933a5185741d40560b6.jpg?ver=1777032257","caption":"Admin"},"logo":{"@id":"https:\/\/annelertoplandik.com\/blog\/#\/schema\/person\/image\/"}}]}},"amp_enabled":true,"_links":{"self":[{"href":"https:\/\/annelertoplandik.com\/blog\/wp-json\/wp\/v2\/posts\/3664"}],"collection":[{"href":"https:\/\/annelertoplandik.com\/blog\/wp-json\/wp\/v2\/posts"}],"about":[{"href":"https:\/\/annelertoplandik.com\/blog\/wp-json\/wp\/v2\/types\/post"}],"author":[{"embeddable":true,"href":"https:\/\/annelertoplandik.com\/blog\/wp-json\/wp\/v2\/users\/1"}],"replies":[{"embeddable":true,"href":"https:\/\/annelertoplandik.com\/blog\/wp-json\/wp\/v2\/comments?post=3664"}],"version-history":[{"count":0,"href":"https:\/\/annelertoplandik.com\/blog\/wp-json\/wp\/v2\/posts\/3664\/revisions"}],"wp:featuredmedia":[{"embeddable":true,"href":"https:\/\/annelertoplandik.com\/blog\/wp-json\/wp\/v2\/media\/3665"}],"wp:attachment":[{"href":"https:\/\/annelertoplandik.com\/blog\/wp-json\/wp\/v2\/media?parent=3664"}],"wp:term":[{"taxonomy":"category","embeddable":true,"href":"https:\/\/annelertoplandik.com\/blog\/wp-json\/wp\/v2\/categories?post=3664"},{"taxonomy":"post_tag","embeddable":true,"href":"https:\/\/annelertoplandik.com\/blog\/wp-json\/wp\/v2\/tags?post=3664"}],"curies":[{"name":"wp","href":"https:\/\/api.w.org\/{rel}","templated":true}]}}