{"id":3694,"date":"2021-02-08T18:36:00","date_gmt":"2021-02-08T15:36:00","guid":{"rendered":"https:\/\/annelertoplandik.com\/blog\/?p=3694"},"modified":"2021-02-09T18:42:32","modified_gmt":"2021-02-09T15:42:32","slug":"west-sendromu-infantil-spazm-nedir","status":"publish","type":"post","link":"https:\/\/annelertoplandik.com\/blog\/west-sendromu-infantil-spazm-nedir\/","title":{"rendered":"West Sendromu (\u0130nfantil Spazm) Nedir?"},"content":{"rendered":"\n<p>West sendromu, \u00fc\u00e7 \u00f6zelli\u011fin varl\u0131\u011f\u0131 ile tan\u0131mlan\u0131r:<\/p>\n\n\n\n<ul><li>\u0130nfantil spazmlar,&nbsp;ya\u015fam\u0131n ilk y\u0131l\u0131nda ba\u015flayan&nbsp;belirli bir&nbsp;n\u00f6bet&nbsp;t\u00fcr\u00fc<\/li><li>Geli\u015fimsel gerileme veya geli\u015fimsel d\u00f6nemlerin kayb\u0131<\/li><li>Bir&nbsp;elektroensefalogramda (EEG)&nbsp;hipsaritmi olarak bilinen olduk\u00e7a d\u00fczensiz beyin dalgalar\u0131 modeli<\/li><\/ul>\n\n\n\n<p>Bir \u00e7ocu\u011fun West sendromu ile te\u015fhis edilebilmesi i\u00e7in bu \u00fc\u00e7 \u00f6zelli\u011fin hepsine sahip olmas\u0131 gerekir.<\/p>\n\n\n\n<p>West sendromundaki infantil spazmlar tipik olarak 4 ay ile 8 ay aras\u0131nda ba\u015flar.\u00a0Her biri bir ila iki saniye s\u00fcren n\u00f6betler s\u0131ras\u0131nda \u00e7ocu\u011fun v\u00fccudu aniden \u00f6ne do\u011fru e\u011filebilir, kollar ve bacaklar sertle\u015febilir.\u00a0Baz\u0131 \u00e7ocuklar kollar\u0131n\u0131 ve bacaklar\u0131n\u0131 uzat\u0131rken s\u0131rtlar\u0131n\u0131 b\u00fckerler.\u00a0Spazmlar en \u00e7ok uyanma ve uyku ge\u00e7i\u015fleri s\u0131ras\u0131nda ve beslendikten sonra ortaya \u00e7\u0131kar.\u00a0Bir seferde bir\u00e7ok spazm k\u00fcmesinde ortaya \u00e7\u0131kabilirler ve etkilenen \u00e7ocuklarda bu spazm k\u00fcmelerinden bir g\u00fcn i\u00e7inde d\u00fczinelerce olabilir.<\/p>\n\n\n\n<h2 class=\"wp-block-heading\"><strong>West sendromu nedenleri<\/strong><\/h2>\n\n\n\n<p>West sendromuna bir dizi durum neden olabilir.\u00a0Bazen West sendromuna beyindeki bir hasar neden olur.\u00a0Di\u011fer zamanlarda, beyin yap\u0131s\u0131n\u0131n geli\u015fimsel anormalliklerinden kaynaklan\u0131r.\u00a0West sendromuna ayr\u0131ca genetik mutasyonlar veya metabolik bozukluklar neden olabilir. Baz\u0131 durumlarda hi\u00e7bir sebep bulunamaz.<\/p>\n\n\n\n<h2 class=\"wp-block-heading\"><strong>West sendromu te\u015fhisi<\/strong><\/h2>\n\n\n\n<p>\u0130nfantil spazmlar\u0131n g\u00f6zlemlenmesi, tan\u0131y\u0131 do\u011frulamak i\u00e7in tipik olarak hipsaritminin d\u00fczensiz beyin dalgalar\u0131n\u0131 aramak i\u00e7in bir EEG testine yol a\u00e7ar.&nbsp;Hipsaritmiyi saptamak i\u00e7in \u00e7ocu\u011fun uyan\u0131kl\u0131k \/ uyku d\u00f6ng\u00fcs\u00fcnde farkl\u0131 zamanlarda yap\u0131lan birka\u00e7 EEG&#8217;ye ihtiya\u00e7 duyulabilir.&nbsp;Bazen EEG&#8217;de spazmlar\u0131 yakalamak i\u00e7in birka\u00e7 saat (24 saate kadar) uzat\u0131lm\u0131\u015f bir EEG kullan\u0131labilir.&nbsp;\u00d6zellikle durumun erken evresinde, spazmlar\u0131n ba\u015flamas\u0131ndan hemen sonra, \u00e7ocuk uyan\u0131kken veya REM uykusunda EEG normal g\u00f6r\u00fcnebilir ve sadece hafif uykuda veya uyand\u0131ktan hemen sonra d\u00fczensizlik g\u00f6sterebilir.<\/p>\n\n\n\n<p>Tedavi plan\u0131n\u0131 bilgilendirmek, durumun alt\u0131nda yatan nedeni bulmak i\u00e7in ek testler ve g\u00f6r\u00fcnt\u00fcleme yap\u0131labilir.<\/p>\n\n\n\n<ul><li>Beyin g\u00f6r\u00fcnt\u00fcleme, lezyonlar\u0131 veya di\u011fer yap\u0131sal beyin anormalliklerini aramak i\u00e7in kullan\u0131labilir.<\/li><li>Metabolik bir durumun varl\u0131\u011f\u0131n\u0131 tespit etmek i\u00e7in kan testleri yap\u0131labilir.<\/li><li>West sendromunun belirli genetik nedenlerini aramak i\u00e7in genetik testler yap\u0131labilir.<\/li><\/ul>\n\n\n\n<figure class=\"wp-block-image size-large\"><img loading=\"lazy\" decoding=\"async\" width=\"1024\" height=\"683\" src=\"https:\/\/annelertoplandik.com\/blog\/wp-content\/uploads\/2021\/02\/West-sendromu1-1024x683.jpg\" alt=\"West sendromu\" class=\"wp-image-3695\" srcset=\"https:\/\/annelertoplandik.com\/blog\/wp-content\/uploads\/2021\/02\/West-sendromu1-1024x683.jpg 1024w, https:\/\/annelertoplandik.com\/blog\/wp-content\/uploads\/2021\/02\/West-sendromu1-300x200.jpg 300w, https:\/\/annelertoplandik.com\/blog\/wp-content\/uploads\/2021\/02\/West-sendromu1-768x512.jpg 768w, https:\/\/annelertoplandik.com\/blog\/wp-content\/uploads\/2021\/02\/West-sendromu1-696x464.jpg 696w, https:\/\/annelertoplandik.com\/blog\/wp-content\/uploads\/2021\/02\/West-sendromu1-1068x712.jpg 1068w, https:\/\/annelertoplandik.com\/blog\/wp-content\/uploads\/2021\/02\/West-sendromu1-630x420.jpg 630w, https:\/\/annelertoplandik.com\/blog\/wp-content\/uploads\/2021\/02\/West-sendromu1.jpg 1500w\" sizes=\"(max-width: 1024px) 100vw, 1024px\" \/><\/figure>\n\n\n\n<h2 class=\"wp-block-heading\"><strong>West sendromu tedavisi<\/strong><\/h2>\n\n\n\n<p>West sendromunun tedavisinin birincil amac\u0131, n\u00f6betleri ortadan kald\u0131rmak ve varsa EEG&#8217;deki hipsaritmi paternini \u00e7\u00f6zmektir.&nbsp;West sendromu,&nbsp;epileptik n\u00f6betlerin bili\u015fsel ve davran\u0131\u015fsal bozukluklara do\u011frudan katk\u0131da bulunabilece\u011fi bir durum olan&nbsp;epileptik bir ensefalopati&nbsp;olarak kabul edilir.&nbsp;N\u00f6betlerin erken ve etkili kontrol\u00fc, \u00e7ocu\u011fun uzun vadeli g\u00f6r\u00fcn\u00fcm\u00fcn\u00fc iyile\u015ftirebilir.<\/p>\n\n\n\n<ul><li>N\u00f6betler, kortikosteroidler ve n\u00f6bet \u00f6nleyici ila\u00e7 vigabatrin gibi ila\u00e7larla kontrol edilebilir.<\/li><li>N\u00f6betlerin bir beyin lezyonunun sonucu oldu\u011fu tespit edilirse, lezyonun cerrahi olarak \u00e7\u0131kar\u0131lmas\u0131 iyile\u015fme sa\u011flayabilir.<\/li><li>N\u00f6betlerin altta yatan bir metabolik durumdan kaynakland\u0131\u011f\u0131 tespit edilirse, metabolik sorunun nedenini tedavi etmek n\u00f6betleri azaltmaya yard\u0131mc\u0131 olabilir.&nbsp;Bir&nbsp;ketojenik diyet&nbsp;baz\u0131 durumlarda yararl\u0131 olabilir.<\/li><\/ul>\n\n\n\n<p>Aile e\u011fitimi ve deste\u011fi, ba\u015far\u0131l\u0131 bir tedavi plan\u0131n\u0131n \u00f6nemli bir unsurudur.&nbsp;Ebeveynler ve bak\u0131c\u0131lar n\u00f6betleri nas\u0131l izleyeceklerini ve bunlara nas\u0131l yan\u0131t vereceklerini bilmelidir.<\/p>\n\n\n\n<p>\u00c7ocuk geli\u015fimsel gecikmeler veya gerileme ya\u015farsa, fizik tedavi, mesleki terapi ve konu\u015fma terapisi yard\u0131mc\u0131 olabilir.<\/p>\n\n\n\n<h2 class=\"wp-block-heading\"><strong>West sendromlu \u00e7ocuklar i\u00e7in uzun vadeli g\u00f6r\u00fcn\u00fcm<\/strong><\/h2>\n\n\n\n<p>West sendromlu \u00e7ocuklar i\u00e7in uzun vadeli g\u00f6r\u00fcn\u00fcm, durumun alt\u0131nda yatan nedene ve bili\u015fsel bozukluklara ne \u00f6l\u00e7\u00fcde yol a\u00e7t\u0131\u011f\u0131na ba\u011fl\u0131d\u0131r.<\/p>\n\n\n\n<p>Spazmlar\u0131n ba\u015flang\u0131c\u0131ndan \u00f6nce tipik geli\u015fimi olan, ilk ortaya \u00e7\u0131kt\u0131ktan hemen sonra spazmlar\u0131 kontrol etmek i\u00e7in etkili tedavi g\u00f6ren ve altta yatan beyin anormallikleri olmayan \u00e7ocuklar hemen iyile\u015febilir.<\/p>\n\n\n\n<p>West sendromunun infantil spazmlar\u0131 genellikle 5 ya\u015f\u0131na gelindi\u011finde kaybolur, ancak yerini ba\u015fka n\u00f6betler alabilir.<\/p>\n","protected":false},"excerpt":{"rendered":"<p>West sendromu, \u00fc\u00e7 \u00f6zelli\u011fin varl\u0131\u011f\u0131 ile tan\u0131mlan\u0131r: \u0130nfantil spazmlar,&nbsp;ya\u015fam\u0131n ilk y\u0131l\u0131nda ba\u015flayan&nbsp;belirli bir&nbsp;n\u00f6bet&nbsp;t\u00fcr\u00fc Geli\u015fimsel gerileme veya geli\u015fimsel d\u00f6nemlerin kayb\u0131 Bir&nbsp;elektroensefalogramda (EEG)&nbsp;hipsaritmi olarak bilinen olduk\u00e7a d\u00fczensiz beyin dalgalar\u0131 modeli Bir \u00e7ocu\u011fun West sendromu ile te\u015fhis edilebilmesi i\u00e7in bu \u00fc\u00e7 \u00f6zelli\u011fin hepsine sahip olmas\u0131 gerekir. West sendromundaki infantil spazmlar tipik olarak 4 ay ile 8 ay aras\u0131nda [&hellip;]<\/p>\n","protected":false},"author":1,"featured_media":3696,"comment_status":"open","ping_status":"open","sticky":false,"template":"","format":"standard","meta":{"tdm_status":"","tdm_grid_status":"","footnotes":""},"categories":[38],"tags":[],"yoast_head":"<!-- This site is optimized with the Yoast SEO plugin v24.5 - https:\/\/yoast.com\/wordpress\/plugins\/seo\/ -->\n<title>West Sendromu (\u0130nfantil Spazm) Nedir? | Anneler Topland\u0131k<\/title>\n<meta name=\"robots\" content=\"index, follow, max-snippet:-1, max-image-preview:large, max-video-preview:-1\" \/>\n<link rel=\"canonical\" href=\"https:\/\/annelertoplandik.com\/blog\/west-sendromu-infantil-spazm-nedir\/\" \/>\n<meta property=\"og:locale\" content=\"tr_TR\" \/>\n<meta property=\"og:type\" content=\"article\" \/>\n<meta property=\"og:title\" content=\"West Sendromu (\u0130nfantil Spazm) Nedir? | Anneler Topland\u0131k\" \/>\n<meta property=\"og:description\" content=\"West sendromu, \u00fc\u00e7 \u00f6zelli\u011fin varl\u0131\u011f\u0131 ile tan\u0131mlan\u0131r: \u0130nfantil spazmlar,&nbsp;ya\u015fam\u0131n ilk y\u0131l\u0131nda ba\u015flayan&nbsp;belirli bir&nbsp;n\u00f6bet&nbsp;t\u00fcr\u00fc Geli\u015fimsel gerileme veya geli\u015fimsel d\u00f6nemlerin kayb\u0131 Bir&nbsp;elektroensefalogramda (EEG)&nbsp;hipsaritmi olarak bilinen olduk\u00e7a d\u00fczensiz beyin dalgalar\u0131 modeli Bir \u00e7ocu\u011fun West sendromu ile te\u015fhis edilebilmesi i\u00e7in bu \u00fc\u00e7 \u00f6zelli\u011fin hepsine sahip olmas\u0131 gerekir. West sendromundaki infantil spazmlar tipik olarak 4 ay ile 8 ay aras\u0131nda [&hellip;]\" \/>\n<meta property=\"og:url\" content=\"https:\/\/annelertoplandik.com\/blog\/west-sendromu-infantil-spazm-nedir\/\" \/>\n<meta property=\"og:site_name\" content=\"Anneler Topland\u0131k\" \/>\n<meta property=\"article:published_time\" content=\"2021-02-08T15:36:00+00:00\" \/>\n<meta property=\"article:modified_time\" content=\"2021-02-09T15:42:32+00:00\" \/>\n<meta property=\"og:image\" content=\"https:\/\/annelertoplandik.com\/blog\/wp-content\/uploads\/2021\/02\/West-sendromu.jpg\" \/>\n\t<meta property=\"og:image:width\" content=\"1024\" \/>\n\t<meta property=\"og:image:height\" content=\"768\" \/>\n\t<meta property=\"og:image:type\" content=\"image\/jpeg\" \/>\n<meta name=\"author\" content=\"Admin\" \/>\n<meta name=\"twitter:card\" content=\"summary_large_image\" \/>\n<meta name=\"twitter:label1\" content=\"Yazan:\" \/>\n\t<meta name=\"twitter:data1\" content=\"Admin\" \/>\n\t<meta name=\"twitter:label2\" content=\"Tahmini okuma s\u00fcresi\" \/>\n\t<meta name=\"twitter:data2\" content=\"3 dakika\" \/>\n<script type=\"application\/ld+json\" class=\"yoast-schema-graph\">{\"@context\":\"https:\/\/schema.org\",\"@graph\":[{\"@type\":\"Article\",\"@id\":\"https:\/\/annelertoplandik.com\/blog\/west-sendromu-infantil-spazm-nedir\/#article\",\"isPartOf\":{\"@id\":\"https:\/\/annelertoplandik.com\/blog\/west-sendromu-infantil-spazm-nedir\/\"},\"author\":{\"name\":\"Admin\",\"@id\":\"https:\/\/annelertoplandik.com\/blog\/#\/schema\/person\/1fe572fbbce7ca9b1429e03f3fc0d0a8\"},\"headline\":\"West Sendromu (\u0130nfantil Spazm) Nedir?\",\"datePublished\":\"2021-02-08T15:36:00+00:00\",\"dateModified\":\"2021-02-09T15:42:32+00:00\",\"mainEntityOfPage\":{\"@id\":\"https:\/\/annelertoplandik.com\/blog\/west-sendromu-infantil-spazm-nedir\/\"},\"wordCount\":674,\"commentCount\":0,\"publisher\":{\"@id\":\"https:\/\/annelertoplandik.com\/blog\/#\/schema\/person\/1fe572fbbce7ca9b1429e03f3fc0d0a8\"},\"image\":{\"@id\":\"https:\/\/annelertoplandik.com\/blog\/west-sendromu-infantil-spazm-nedir\/#primaryimage\"},\"thumbnailUrl\":\"https:\/\/annelertoplandik.com\/blog\/wp-content\/uploads\/2021\/02\/West-sendromu.jpg\",\"articleSection\":[\"Bebek Sa\u011fl\u0131\u011f\u0131 ve Hastal\u0131klar\u0131\"],\"inLanguage\":\"tr\",\"potentialAction\":[{\"@type\":\"CommentAction\",\"name\":\"Comment\",\"target\":[\"https:\/\/annelertoplandik.com\/blog\/west-sendromu-infantil-spazm-nedir\/#respond\"]}]},{\"@type\":\"WebPage\",\"@id\":\"https:\/\/annelertoplandik.com\/blog\/west-sendromu-infantil-spazm-nedir\/\",\"url\":\"https:\/\/annelertoplandik.com\/blog\/west-sendromu-infantil-spazm-nedir\/\",\"name\":\"West Sendromu (\u0130nfantil Spazm) Nedir? | Anneler Topland\u0131k\",\"isPartOf\":{\"@id\":\"https:\/\/annelertoplandik.com\/blog\/#website\"},\"primaryImageOfPage\":{\"@id\":\"https:\/\/annelertoplandik.com\/blog\/west-sendromu-infantil-spazm-nedir\/#primaryimage\"},\"image\":{\"@id\":\"https:\/\/annelertoplandik.com\/blog\/west-sendromu-infantil-spazm-nedir\/#primaryimage\"},\"thumbnailUrl\":\"https:\/\/annelertoplandik.com\/blog\/wp-content\/uploads\/2021\/02\/West-sendromu.jpg\",\"datePublished\":\"2021-02-08T15:36:00+00:00\",\"dateModified\":\"2021-02-09T15:42:32+00:00\",\"breadcrumb\":{\"@id\":\"https:\/\/annelertoplandik.com\/blog\/west-sendromu-infantil-spazm-nedir\/#breadcrumb\"},\"inLanguage\":\"tr\",\"potentialAction\":[{\"@type\":\"ReadAction\",\"target\":[\"https:\/\/annelertoplandik.com\/blog\/west-sendromu-infantil-spazm-nedir\/\"]}]},{\"@type\":\"ImageObject\",\"inLanguage\":\"tr\",\"@id\":\"https:\/\/annelertoplandik.com\/blog\/west-sendromu-infantil-spazm-nedir\/#primaryimage\",\"url\":\"https:\/\/annelertoplandik.com\/blog\/wp-content\/uploads\/2021\/02\/West-sendromu.jpg\",\"contentUrl\":\"https:\/\/annelertoplandik.com\/blog\/wp-content\/uploads\/2021\/02\/West-sendromu.jpg\",\"width\":1024,\"height\":768,\"caption\":\"West sendromu\"},{\"@type\":\"BreadcrumbList\",\"@id\":\"https:\/\/annelertoplandik.com\/blog\/west-sendromu-infantil-spazm-nedir\/#breadcrumb\",\"itemListElement\":[{\"@type\":\"ListItem\",\"position\":1,\"name\":\"Ana sayfa\",\"item\":\"https:\/\/annelertoplandik.com\/blog\/\"},{\"@type\":\"ListItem\",\"position\":2,\"name\":\"West Sendromu (\u0130nfantil Spazm) Nedir?\"}]},{\"@type\":\"WebSite\",\"@id\":\"https:\/\/annelertoplandik.com\/blog\/#website\",\"url\":\"https:\/\/annelertoplandik.com\/blog\/\",\"name\":\"Anneler Topland\u0131k\",\"description\":\"Annelerin sanal payla\u015f\u0131m merkezi\",\"publisher\":{\"@id\":\"https:\/\/annelertoplandik.com\/blog\/#\/schema\/person\/1fe572fbbce7ca9b1429e03f3fc0d0a8\"},\"potentialAction\":[{\"@type\":\"SearchAction\",\"target\":{\"@type\":\"EntryPoint\",\"urlTemplate\":\"https:\/\/annelertoplandik.com\/blog\/?s={search_term_string}\"},\"query-input\":{\"@type\":\"PropertyValueSpecification\",\"valueRequired\":true,\"valueName\":\"search_term_string\"}}],\"inLanguage\":\"tr\"},{\"@type\":[\"Person\",\"Organization\"],\"@id\":\"https:\/\/annelertoplandik.com\/blog\/#\/schema\/person\/1fe572fbbce7ca9b1429e03f3fc0d0a8\",\"name\":\"Admin\",\"image\":{\"@type\":\"ImageObject\",\"inLanguage\":\"tr\",\"@id\":\"https:\/\/annelertoplandik.com\/blog\/#\/schema\/person\/image\/\",\"url\":\"https:\/\/annelertoplandik.com\/blog\/wp-content\/litespeed\/avatar\/b11040300c1fe933a5185741d40560b6.jpg?ver=1777032257\",\"contentUrl\":\"https:\/\/annelertoplandik.com\/blog\/wp-content\/litespeed\/avatar\/b11040300c1fe933a5185741d40560b6.jpg?ver=1777032257\",\"caption\":\"Admin\"},\"logo\":{\"@id\":\"https:\/\/annelertoplandik.com\/blog\/#\/schema\/person\/image\/\"}}]}<\/script>\n<!-- \/ Yoast SEO plugin. -->","yoast_head_json":{"title":"West Sendromu (\u0130nfantil Spazm) Nedir? | Anneler Topland\u0131k","robots":{"index":"index","follow":"follow","max-snippet":"max-snippet:-1","max-image-preview":"max-image-preview:large","max-video-preview":"max-video-preview:-1"},"canonical":"https:\/\/annelertoplandik.com\/blog\/west-sendromu-infantil-spazm-nedir\/","og_locale":"tr_TR","og_type":"article","og_title":"West Sendromu (\u0130nfantil Spazm) Nedir? | Anneler Topland\u0131k","og_description":"West sendromu, \u00fc\u00e7 \u00f6zelli\u011fin varl\u0131\u011f\u0131 ile tan\u0131mlan\u0131r: \u0130nfantil spazmlar,&nbsp;ya\u015fam\u0131n ilk y\u0131l\u0131nda ba\u015flayan&nbsp;belirli bir&nbsp;n\u00f6bet&nbsp;t\u00fcr\u00fc Geli\u015fimsel gerileme veya geli\u015fimsel d\u00f6nemlerin kayb\u0131 Bir&nbsp;elektroensefalogramda (EEG)&nbsp;hipsaritmi olarak bilinen olduk\u00e7a d\u00fczensiz beyin dalgalar\u0131 modeli Bir \u00e7ocu\u011fun West sendromu ile te\u015fhis edilebilmesi i\u00e7in bu \u00fc\u00e7 \u00f6zelli\u011fin hepsine sahip olmas\u0131 gerekir. West sendromundaki infantil spazmlar tipik olarak 4 ay ile 8 ay aras\u0131nda [&hellip;]","og_url":"https:\/\/annelertoplandik.com\/blog\/west-sendromu-infantil-spazm-nedir\/","og_site_name":"Anneler Topland\u0131k","article_published_time":"2021-02-08T15:36:00+00:00","article_modified_time":"2021-02-09T15:42:32+00:00","og_image":[{"width":1024,"height":768,"url":"https:\/\/annelertoplandik.com\/blog\/wp-content\/uploads\/2021\/02\/West-sendromu.jpg","type":"image\/jpeg"}],"author":"Admin","twitter_card":"summary_large_image","twitter_misc":{"Yazan:":"Admin","Tahmini okuma s\u00fcresi":"3 dakika"},"schema":{"@context":"https:\/\/schema.org","@graph":[{"@type":"Article","@id":"https:\/\/annelertoplandik.com\/blog\/west-sendromu-infantil-spazm-nedir\/#article","isPartOf":{"@id":"https:\/\/annelertoplandik.com\/blog\/west-sendromu-infantil-spazm-nedir\/"},"author":{"name":"Admin","@id":"https:\/\/annelertoplandik.com\/blog\/#\/schema\/person\/1fe572fbbce7ca9b1429e03f3fc0d0a8"},"headline":"West Sendromu (\u0130nfantil Spazm) Nedir?","datePublished":"2021-02-08T15:36:00+00:00","dateModified":"2021-02-09T15:42:32+00:00","mainEntityOfPage":{"@id":"https:\/\/annelertoplandik.com\/blog\/west-sendromu-infantil-spazm-nedir\/"},"wordCount":674,"commentCount":0,"publisher":{"@id":"https:\/\/annelertoplandik.com\/blog\/#\/schema\/person\/1fe572fbbce7ca9b1429e03f3fc0d0a8"},"image":{"@id":"https:\/\/annelertoplandik.com\/blog\/west-sendromu-infantil-spazm-nedir\/#primaryimage"},"thumbnailUrl":"https:\/\/annelertoplandik.com\/blog\/wp-content\/uploads\/2021\/02\/West-sendromu.jpg","articleSection":["Bebek Sa\u011fl\u0131\u011f\u0131 ve Hastal\u0131klar\u0131"],"inLanguage":"tr","potentialAction":[{"@type":"CommentAction","name":"Comment","target":["https:\/\/annelertoplandik.com\/blog\/west-sendromu-infantil-spazm-nedir\/#respond"]}]},{"@type":"WebPage","@id":"https:\/\/annelertoplandik.com\/blog\/west-sendromu-infantil-spazm-nedir\/","url":"https:\/\/annelertoplandik.com\/blog\/west-sendromu-infantil-spazm-nedir\/","name":"West Sendromu (\u0130nfantil Spazm) Nedir? | Anneler Topland\u0131k","isPartOf":{"@id":"https:\/\/annelertoplandik.com\/blog\/#website"},"primaryImageOfPage":{"@id":"https:\/\/annelertoplandik.com\/blog\/west-sendromu-infantil-spazm-nedir\/#primaryimage"},"image":{"@id":"https:\/\/annelertoplandik.com\/blog\/west-sendromu-infantil-spazm-nedir\/#primaryimage"},"thumbnailUrl":"https:\/\/annelertoplandik.com\/blog\/wp-content\/uploads\/2021\/02\/West-sendromu.jpg","datePublished":"2021-02-08T15:36:00+00:00","dateModified":"2021-02-09T15:42:32+00:00","breadcrumb":{"@id":"https:\/\/annelertoplandik.com\/blog\/west-sendromu-infantil-spazm-nedir\/#breadcrumb"},"inLanguage":"tr","potentialAction":[{"@type":"ReadAction","target":["https:\/\/annelertoplandik.com\/blog\/west-sendromu-infantil-spazm-nedir\/"]}]},{"@type":"ImageObject","inLanguage":"tr","@id":"https:\/\/annelertoplandik.com\/blog\/west-sendromu-infantil-spazm-nedir\/#primaryimage","url":"https:\/\/annelertoplandik.com\/blog\/wp-content\/uploads\/2021\/02\/West-sendromu.jpg","contentUrl":"https:\/\/annelertoplandik.com\/blog\/wp-content\/uploads\/2021\/02\/West-sendromu.jpg","width":1024,"height":768,"caption":"West sendromu"},{"@type":"BreadcrumbList","@id":"https:\/\/annelertoplandik.com\/blog\/west-sendromu-infantil-spazm-nedir\/#breadcrumb","itemListElement":[{"@type":"ListItem","position":1,"name":"Ana sayfa","item":"https:\/\/annelertoplandik.com\/blog\/"},{"@type":"ListItem","position":2,"name":"West Sendromu (\u0130nfantil Spazm) Nedir?"}]},{"@type":"WebSite","@id":"https:\/\/annelertoplandik.com\/blog\/#website","url":"https:\/\/annelertoplandik.com\/blog\/","name":"Anneler Topland\u0131k","description":"Annelerin sanal payla\u015f\u0131m merkezi","publisher":{"@id":"https:\/\/annelertoplandik.com\/blog\/#\/schema\/person\/1fe572fbbce7ca9b1429e03f3fc0d0a8"},"potentialAction":[{"@type":"SearchAction","target":{"@type":"EntryPoint","urlTemplate":"https:\/\/annelertoplandik.com\/blog\/?s={search_term_string}"},"query-input":{"@type":"PropertyValueSpecification","valueRequired":true,"valueName":"search_term_string"}}],"inLanguage":"tr"},{"@type":["Person","Organization"],"@id":"https:\/\/annelertoplandik.com\/blog\/#\/schema\/person\/1fe572fbbce7ca9b1429e03f3fc0d0a8","name":"Admin","image":{"@type":"ImageObject","inLanguage":"tr","@id":"https:\/\/annelertoplandik.com\/blog\/#\/schema\/person\/image\/","url":"https:\/\/annelertoplandik.com\/blog\/wp-content\/litespeed\/avatar\/b11040300c1fe933a5185741d40560b6.jpg?ver=1777032257","contentUrl":"https:\/\/annelertoplandik.com\/blog\/wp-content\/litespeed\/avatar\/b11040300c1fe933a5185741d40560b6.jpg?ver=1777032257","caption":"Admin"},"logo":{"@id":"https:\/\/annelertoplandik.com\/blog\/#\/schema\/person\/image\/"}}]}},"amp_enabled":true,"_links":{"self":[{"href":"https:\/\/annelertoplandik.com\/blog\/wp-json\/wp\/v2\/posts\/3694"}],"collection":[{"href":"https:\/\/annelertoplandik.com\/blog\/wp-json\/wp\/v2\/posts"}],"about":[{"href":"https:\/\/annelertoplandik.com\/blog\/wp-json\/wp\/v2\/types\/post"}],"author":[{"embeddable":true,"href":"https:\/\/annelertoplandik.com\/blog\/wp-json\/wp\/v2\/users\/1"}],"replies":[{"embeddable":true,"href":"https:\/\/annelertoplandik.com\/blog\/wp-json\/wp\/v2\/comments?post=3694"}],"version-history":[{"count":0,"href":"https:\/\/annelertoplandik.com\/blog\/wp-json\/wp\/v2\/posts\/3694\/revisions"}],"wp:featuredmedia":[{"embeddable":true,"href":"https:\/\/annelertoplandik.com\/blog\/wp-json\/wp\/v2\/media\/3696"}],"wp:attachment":[{"href":"https:\/\/annelertoplandik.com\/blog\/wp-json\/wp\/v2\/media?parent=3694"}],"wp:term":[{"taxonomy":"category","embeddable":true,"href":"https:\/\/annelertoplandik.com\/blog\/wp-json\/wp\/v2\/categories?post=3694"},{"taxonomy":"post_tag","embeddable":true,"href":"https:\/\/annelertoplandik.com\/blog\/wp-json\/wp\/v2\/tags?post=3694"}],"curies":[{"name":"wp","href":"https:\/\/api.w.org\/{rel}","templated":true}]}}