{"id":3930,"date":"2021-04-02T19:13:36","date_gmt":"2021-04-02T16:13:36","guid":{"rendered":"https:\/\/annelertoplandik.com\/blog\/?p=3930"},"modified":"2021-04-03T19:00:17","modified_gmt":"2021-04-03T16:00:17","slug":"cemen-otu-anne-sutunu-arttirir-mi","status":"publish","type":"post","link":"https:\/\/annelertoplandik.com\/blog\/cemen-otu-anne-sutunu-arttirir-mi\/","title":{"rendered":"\u00c7emen Otu Anne S\u00fct\u00fcn\u00fc Artt\u0131r\u0131r M\u0131?"},"content":{"rendered":"\n<p>Emzirmenizi art\u0131rman\u0131n yollar\u0131n\u0131 m\u0131 d\u00fc\u015f\u00fcn\u00fcyorsunuz?&nbsp;\u00c7emen otu anne s\u00fct\u00fcn\u00fc art\u0131rmaya yard\u0131mc\u0131 olabilir mi?<\/p>\n\n\n\n<p>Emzirme i\u00e7in \u00e7emen otu tohumlar\u0131 nas\u0131l kullan\u0131l\u0131r?<\/p>\n\n\n\n<p>Anne s\u00fct\u00fc \u00fcretimimi art\u0131rmak i\u00e7in \u00e7emen otu alman\u0131n yollar\u0131 nelerdir?<\/p>\n\n\n\n<p>Merak etmeyin, her zaman oldu\u011fu gibi yard\u0131m etmek i\u00e7in buraday\u0131z.&nbsp;Bu yaz\u0131m\u0131zda, anne s\u00fct\u00fcn\u00fc art\u0131rmak&nbsp;i\u00e7in&nbsp;\u00e7emen otunun&nbsp;ne gibi katk\u0131 sa\u011flayaca\u011f\u0131n\u0131 a\u00e7\u0131klayaca\u011f\u0131z.<\/p>\n\n\n\n<p>Yeni anneler, bebeklerinin yeterince s\u00fct i\u00e7ip i\u00e7medi\u011fi konusunda \u00e7o\u011fu zaman endi\u015felidirler. Tek yapman\u0131z gereken ya\u015f\u0131na ve do\u011fum kilosuna g\u00f6re kilo al\u0131p almad\u0131\u011f\u0131n\u0131 kontrol etmektir.&nbsp;Boy kilo endeksine uymuyorsa, ya\u015f\u0131na g\u00f6re zay\u0131f ise bunun bir nedeni bebe\u011finizin yeterince s\u00fct almamas\u0131 olabilir.<\/p>\n\n\n\n<h2 class=\"wp-block-heading\"><strong>Annelerde d\u00fc\u015f\u00fck s\u00fct \u00fcretiminin nedenleri:<\/strong><\/h2>\n\n\n\n<p>&nbsp;Yeni annelerde s\u00fct \u00fcretiminin d\u00fc\u015f\u00fck olmas\u0131n\u0131n nedenleri \u015funlar olabilir:<\/p>\n\n\n\n<ul><li><strong>Do\u011fru beslenme eksikli\u011fi<\/strong><\/li><\/ul>\n\n\n\n<p>Hamilelikteki t\u00fcm o kilolar\u0131 kaybetmekten endi\u015feleniyorsan\u0131z ve do\u011frudan diyete y\u00f6neliyorsan\u0131z, do\u011fru beslenmeyi kaybedebilirsiniz.&nbsp;Bu durum, s\u00fct tedarikinin azalmas\u0131na neden olabilir.<\/p>\n\n\n\n<ul><li><strong>Bebe\u011fin yanl\u0131\u015f emzirilmesi<\/strong><\/li><\/ul>\n\n\n\n<p>Bebek emzirirken memeye tutunmazsa, yeterince s\u00fct alamaz.&nbsp;Ayr\u0131ca her beslenmede bu durum g\u00f6\u011f\u00fcslerinizin d\u00fczg\u00fcn \u015fekilde bo\u015falmamas\u0131na da yol a\u00e7acakt\u0131r.<\/p>\n\n\n\n<ul><li><strong>Stres<\/strong><\/li><\/ul>\n\n\n\n<p>Bebek sahibi olmak \u00e7ok \u015fey ifade ediyor.&nbsp;Bebe\u011finizin ihtiya\u00e7lar\u0131n\u0131 kar\u015f\u0131lamak sizi strese sokabilir.&nbsp;Ne yaz\u0131k ki bu durum, d\u00fc\u015f\u00fck s\u00fct \u00fcretimine de neden olabilir.<\/p>\n\n\n\n<ul><li><strong>Hormonal dengesizlikler<\/strong><\/li><\/ul>\n\n\n\n<p>Hormonal dengesizlikler daha az s\u00fct tedarikine neden olabilir.<\/p>\n\n\n\n<ul><li><strong>Baz\u0131 hastal\u0131klar ve ila\u00e7lar<\/strong><\/li><\/ul>\n\n\n\n<p>Hastal\u0131klar ve ila\u00e7lar da s\u00fct \u00fcretiminizi azaltabilir.&nbsp;Herhangi bir ila\u00e7 yaz\u0131yorsa, doktora emzirdi\u011finizi bildirdi\u011finizden emin olun.<\/p>\n\n\n\n<p><strong>\u00c7emen otunun faydalar\u0131:<\/strong><\/p>\n\n\n\n<p>Yeme\u011finizin tad\u0131n\u0131 y\u00fckseltebilecek bir bitki olarak \u00e7emen otunu kullanmaktan ba\u015fka faydalar\u0131 da oldu\u011funu biliyor muydunuz?&nbsp;\u00c7e\u015fitli \u015fekillerde faydal\u0131 olmas\u0131n\u0131 m\u00fcmk\u00fcn k\u0131lan mineraller, vitaminler, bitkisel besinler i\u00e7erir.<\/p>\n\n\n\n<ul><li>Mide ek\u015fimesi tedavisi<\/li><li>Azalt\u0131lm\u0131\u015f kolesterol emilimi<\/li><li>Cilt ve sa\u00e7 sa\u011fl\u0131\u011f\u0131<\/li><li>Detoksifikasyon<\/li><li>Diyabet<\/li><li>Adet sorunlar\u0131n\u0131 tedavi etmek<\/li><\/ul>\n\n\n\n<h2 class=\"wp-block-heading\"><strong>\u00c7emen otu beslenme de\u011feri<\/strong><\/h2>\n\n\n\n<p>\u00c7emen otu yapraklar\u0131, emziren anneler i\u00e7in gerekli olan besin maddelerinin \u00e7o\u011funu i\u00e7erir.&nbsp;\u0130\u015fte 100 gram \u00e7emen otu ne kadar besin i\u00e7eriyor:<\/p>\n\n\n\n<ul><li>Enerji &#8211; 323 kcal<\/li><li>Karbonhidratlar &#8211; 58 gram<\/li><li>Protein &#8211; 23 gram<\/li><li>Kolesterol &#8211; 0 mg<\/li><li>Diyet lifi &#8211; 24.6 gram<\/li><li>Ya\u011f &#8211; 6,41 gram<\/li><li>Folatlar &#8211; G\u00fcnl\u00fck De\u011ferin% 14&#8217;\u00fc<\/li><li>Niasin &#8211; G\u00fcnl\u00fck De\u011ferin% 7&#8217;si<\/li><li>Robiflavin &#8211; G\u00fcnl\u00fck De\u011ferin% 28&#8217;i<\/li><li>Tiamin &#8211; G\u00fcnl\u00fck De\u011ferin% 27&#8217;si<\/li><li>A Vitamini &#8211; G\u00fcnl\u00fck De\u011ferin% 2&#8217;si<\/li><li>C Vitamini &#8211; G\u00fcnl\u00fck De\u011ferin% 5&#8217;i<\/li><li>Sodyum &#8211; 67 mg<\/li><li>Potasyum &#8211; 770 mg<\/li><li>Kalsiyum &#8211; 176 mg<\/li><li>Bak\u0131r &#8211; 1.11 mg<\/li><li>Demir &#8211; 33.53 mg<\/li><li>Magnezyum &#8211; 191 mg<\/li><li>Fosfor &#8211; 296 mg<\/li><li>\u00c7inko &#8211; 2,50 mg<\/li><\/ul>\n\n\n\n<h2 class=\"wp-block-heading\"><strong>\u00c7emen otu ve emzirme:<\/strong><\/h2>\n\n\n\n<p>Galakalog&nbsp;denen bir \u015fey duydunuz&nbsp;mu?&nbsp;Kan ak\u0131\u015f\u0131n\u0131 uyarmaya ve art\u0131rmaya yard\u0131mc\u0131 olan bir \u015feydir.<\/p>\n\n\n\n<p>\u00c7emen otu tohumlar\u0131 \u00e7ok eski zamanlar\u0131ndan beri anne s\u00fct\u00fc \u00fcretimi i\u00e7in kullan\u0131l\u0131yor. Eski g\u00fcnlerden beri denenmi\u015f ve test edilmi\u015f bir y\u00f6ntem olmas\u0131na ra\u011fmen, \u00e7emen otu ile emzirme aras\u0131ndaki ili\u015fki pek net de\u011fildir.<\/p>\n\n\n\n<h2 class=\"wp-block-heading\"><strong>\u00c7emen otu ile anne s\u00fct\u00fcn\u00fc art\u0131rmak i\u00e7in \u00e7emen otu nas\u0131l t\u00fcketilir?<\/strong><\/h2>\n\n\n\n<p>\u00c7emen otunun dezavantaj\u0131, tad\u0131 pek fazla de\u011fil.&nbsp;\u0130\u015fin iyi yan\u0131, ona bir\u00e7ok \u015fekilde kullanabilirsiniz.<\/p>\n\n\n\n<ul><li><strong>\u00c7emen otu tohumu<\/strong><\/li><\/ul>\n\n\n\n<p>\u00c7emen otunu t\u00fcketmenin en iyi yolu budur.&nbsp;Bir \u00e7ay ka\u015f\u0131\u011f\u0131 \u00e7emen otu al\u0131p \u00e7i\u011fneyebilirsiniz.<\/p>\n\n\n\n<ul><li><strong>\u00c7emen otu \u00e7ay\u0131<\/strong><\/li><\/ul>\n\n\n\n<p>Bir \u00e7ay ka\u015f\u0131\u011f\u0131 \u00e7emen otu al\u0131n ve \u00fczerine s\u0131cak su d\u00f6k\u00fcn. \u00c7emen otu \u00e7ay\u0131 olarak t\u00fcketin. Tohumlar\u0131 da yiyebilirsin.&nbsp;\u0130sterseniz \u015feker veya bal ekleyebilirsiniz.<\/p>\n\n\n\n<ul><li><strong>Kaps\u00fcller<\/strong><\/li><\/ul>\n\n\n\n<p>\u00c7emen otu \u00f6z\u00fc i\u00e7eren kaps\u00fcller alabilirsiniz.&nbsp;Tad\u0131n\u0131 sindirmekte zorlan\u0131yorsan\u0131z tabletlerini alabilirsiniz.&nbsp;Ancak bunlar\u0131 almadan \u00f6nce doktorunuza dan\u0131\u015f\u0131n, b\u00f6ylece do\u011fru dozu kullanm\u0131\u015f olursunuz.<\/p>\n\n\n\n<ul><li><strong>\u00c7emen otu- pirin\u00e7 lapas\u0131<\/strong><\/li><\/ul>\n\n\n\n<p>Emzirmeyi art\u0131rmaya yard\u0131mc\u0131 olmak i\u00e7in do\u011fumdan sonra annelere \u00e7emen otu pirin\u00e7 lapas\u0131 verilir.<\/p>\n\n\n\n<p>Bunu haz\u0131rlamak i\u00e7in, 2 yemek ka\u015f\u0131\u011f\u0131 \u00e7emen otu ile birlikte 1 bardak pirin\u00e7, yeterince tuz ve su ile p\u00fcre haline gelinceye kadar pi\u015firilir.<\/p>\n\n\n\n<ul><li><strong>K\u00f6riler<\/strong><\/li><\/ul>\n\n\n\n<p>Lezzeti art\u0131rmak ve s\u00fct \u00fcretiminizi art\u0131rmak i\u00e7in dal\u0131n\u0131za, herhangi bir yeme\u011fe ekleyebilirsiniz.<\/p>\n\n\n\n<ul><li><strong>\u00c7emen otu yapraklar\u0131<\/strong><\/li><\/ul>\n\n\n\n<p>\u00c7emen otu yapraklar\u0131 kullan\u0131larak yap\u0131lan tavada k\u0131zartma, emzirmeyi art\u0131rmak i\u00e7in \u00e7emen otunu beslenmenize dahil etmenin ba\u015fka bir yoludur.<\/p>\n\n\n\n<h2 class=\"wp-block-heading\"><strong>Anne s\u00fct\u00fcn\u00fc art\u0131rmak i\u00e7in ne kadar \u00e7emen otu t\u00fcketilmeli?<\/strong><\/h2>\n\n\n\n<p>\u0130stenilen sonu\u00e7lar\u0131 elde etmek i\u00e7in g\u00fcnl\u00fck 3,5 gr ile 6 gr aras\u0131 \u00e7emen otu t\u00fcketmeniz gerekti\u011fi s\u00f6yleniyor.&nbsp;Yeterince al\u0131yorsan\u0131z, idrar\u0131n\u0131z ve teriniz ak\u00e7aa\u011fa\u00e7 \u015furubu gibi kokmaya ba\u015flayacakt\u0131r.<\/p>\n\n\n\n<p>\u00c7emen otu t\u00fckettikten sonra ishal gibi bir k\u00f6t\u00fc etki ya\u015farsan\u0131z, ald\u0131\u011f\u0131n\u0131z miktar\u0131 azaltmay\u0131 veya kesmeyi deneyin.<\/p>\n\n\n\n<h2 class=\"wp-block-heading\"><strong>Anne s\u00fct\u00fcn\u00fc art\u0131rmak i\u00e7in \u00e7emen otu kullan\u0131rken al\u0131nacak \u00f6nlemler:<\/strong><\/h2>\n\n\n\n<p>\u00c7emen otu anne s\u00fct\u00fc ihtiyac\u0131n\u0131n artmas\u0131na b\u00fcy\u00fck \u00f6l\u00e7\u00fcde yard\u0131mc\u0131 olurken, \u00f6nlem alman\u0131z gerekebilir:<\/p>\n\n\n\n<ul><li>Hamilelik s\u0131ras\u0131nda a\u015f\u0131r\u0131 \u00e7emen otu kullan\u0131m\u0131ndan ka\u00e7\u0131n\u0131lmal\u0131d\u0131r.&nbsp;Rahim kas\u0131lmas\u0131na neden olabilir.<\/li><li>Kan \u015fekeri seviyelerini d\u00fc\u015f\u00fcrebilece\u011finden, diyabetik anneler bunu fazla almamal\u0131d\u0131r.<\/li><li>\u00c7emen otu yer f\u0131st\u0131\u011f\u0131na alerjisi olan ki\u015filerde alerjiye neden olabilece\u011finden, yer f\u0131st\u0131\u011f\u0131 alerjisi olan anneler bunu yaparken dikkatli olmal\u0131d\u0131r.<\/li><\/ul>\n\n\n\n<figure class=\"wp-block-image size-large\"><img loading=\"lazy\" decoding=\"async\" width=\"1024\" height=\"593\" src=\"https:\/\/annelertoplandik.com\/blog\/wp-content\/uploads\/2021\/04\/cemen-otu3-1024x593.jpeg\" alt=\"c\u0327emen otu\" class=\"wp-image-3933\" srcset=\"https:\/\/annelertoplandik.com\/blog\/wp-content\/uploads\/2021\/04\/cemen-otu3-1024x593.jpeg 1024w, https:\/\/annelertoplandik.com\/blog\/wp-content\/uploads\/2021\/04\/cemen-otu3-300x174.jpeg 300w, https:\/\/annelertoplandik.com\/blog\/wp-content\/uploads\/2021\/04\/cemen-otu3-768x445.jpeg 768w, https:\/\/annelertoplandik.com\/blog\/wp-content\/uploads\/2021\/04\/cemen-otu3-696x403.jpeg 696w, https:\/\/annelertoplandik.com\/blog\/wp-content\/uploads\/2021\/04\/cemen-otu3-1068x619.jpeg 1068w, https:\/\/annelertoplandik.com\/blog\/wp-content\/uploads\/2021\/04\/cemen-otu3-725x420.jpeg 725w, https:\/\/annelertoplandik.com\/blog\/wp-content\/uploads\/2021\/04\/cemen-otu3.jpeg 1200w\" sizes=\"(max-width: 1024px) 100vw, 1024px\" \/><\/figure>\n\n\n\n<h2 class=\"wp-block-heading\"><strong>\u00c7emen otunun di\u011fer sa\u011fl\u0131k faydalar\u0131<\/strong><\/h2>\n\n\n\n<p>Emziren annelerde artan anne s\u00fct\u00fcn\u00fcn yan\u0131 s\u0131ra, \u00e7emen otunun ba\u015fka sa\u011fl\u0131k yararlar\u0131 da vard\u0131r.&nbsp;Onlardan baz\u0131lar\u0131:<\/p>\n\n\n\n<p><strong>1. Adet kramplar\u0131n\u0131 azalt\u0131r<\/strong><\/p>\n\n\n\n<p>\u00c7emen otu tohumlar\u0131 adet kramplar\u0131n\u0131 azaltmaya yard\u0131mc\u0131 olur.&nbsp;Adet d\u00f6nemlerinde \u0131slat\u0131lm\u0131\u015f tohumlar\u0131 t\u00fcketmek a\u011fr\u0131y\u0131 azaltmaya yard\u0131mc\u0131 olabilir.<\/p>\n\n\n\n<p><strong>2. Ya\u015flanma kar\u015f\u0131t\u0131 \u00f6zellikler<\/strong><\/p>\n\n\n\n<p>\u00c7emen otu, v\u00fccuttaki ya\u015flanma belirtileriyle sava\u015fan antioksidanlar i\u00e7erir.<\/p>\n\n\n\n<p><strong>3. Diyabeti kontrol eder<\/strong><\/p>\n\n\n\n<p>\u00c7emen otu v\u00fccuttaki kan \u015fekerini d\u00fc\u015f\u00fcrebilir ve b\u00f6ylece diyabetin kontrol\u00fcne yard\u0131mc\u0131 olabilir.<\/p>\n\n\n\n<p><strong>4. Ate\u015fi d\u00fc\u015f\u00fcr\u00fcr<\/strong><\/p>\n\n\n\n<p>\u00c7emen otu v\u00fccudu so\u011futur ve ate\u015fi d\u00fc\u015f\u00fcrebilir.&nbsp;Ate\u015fi d\u00fc\u015f\u00fcrmek i\u00e7in do\u011fal bir ila\u00e7 olarak kullan\u0131l\u0131r.<\/p>\n\n\n\n<p><strong>5. Sin\u00fcs sorunlar\u0131 i\u00e7in<\/strong><\/p>\n\n\n\n<p>\u00c7emen otu sin\u00fcs t\u0131kan\u0131kl\u0131klar\u0131n\u0131 tedavi edebilir ve ayr\u0131ca bo\u011faz a\u011fr\u0131lar\u0131n\u0131 hafifletebilir.&nbsp;\u00c7emen otu \u00e7ay\u0131 ile gargara yapmak bo\u011faz a\u011fr\u0131s\u0131n\u0131 hafifletebilir.<\/p>\n\n\n\n<p><strong>6. Libidoyu art\u0131r\u0131r<\/strong><\/p>\n\n\n\n<p>\u00c7emen otu tohumlar\u0131n\u0131n, \u00f6zellikle erkeklerde testosteron seviyelerini art\u0131rarak libidoyu art\u0131rd\u0131\u011f\u0131 bilinmektedir.<\/p>\n\n\n\n<p><strong>7. Kolesterol\u00fc d\u00fc\u015f\u00fcr\u00fcr<\/strong><\/p>\n\n\n\n<p>\u00c7emen otu \u00f6z\u00fc t\u00fcketmek v\u00fccuttaki iyi kolesterolleri (hdl) ve daha d\u00fc\u015f\u00fck k\u00f6t\u00fc kolesterol seviyelerini (ldl) art\u0131rabilir.<\/p>\n\n\n\n<p><strong>8. \u0130\u015ftah\u0131 uyar\u0131r<\/strong><\/p>\n\n\n\n<p>\u00c7emen otunun i\u015ftah\u0131 art\u0131rd\u0131\u011f\u0131 bulunmu\u015ftur.&nbsp;Anoreksiya nervoza gibi yeme bozuklu\u011fu olan ki\u015filer i\u00e7in do\u011fal bir i\u015ftah uyar\u0131c\u0131 olarak \u00f6nerilmi\u015ftir.<\/p>\n\n\n\n<p><strong>9. Kilo vermeye faydal\u0131d\u0131r<\/strong><\/p>\n\n\n\n<p>\u00c7emen otu, kilo vermeye \u00e7al\u0131\u015fan insanlar i\u00e7in iyidir.&nbsp;\u00c7emen otunun kolesterol d\u00fc\u015f\u00fcr\u00fcc\u00fc \u00f6zellikleri, v\u00fccuttaki anormal lipid seviyelerini de azaltabilir ve b\u00f6ylece obezite ile sava\u015f\u0131r.<\/p>\n\n\n\n<p><strong>10. Sindirime yard\u0131mc\u0131 olur ve iltihab\u0131 azalt\u0131r<\/strong><\/p>\n\n\n\n<p>\u00c7emen otu sindirime ve gastrointestinal sorunlarla m\u00fccadelede yard\u0131mc\u0131 olabilir.&nbsp;\u00c7emen otu bitkisel bir idrar s\u00f6kt\u00fcr\u00fcc\u00fcd\u00fcr ve ayn\u0131 zamanda dizanteri, mide \u00fclseri ve gastriti tedavi etmek i\u00e7in kullan\u0131l\u0131r.&nbsp;\u00c7emen otu ayr\u0131ca v\u00fccuttaki iltihab\u0131 azalt\u0131r.&nbsp;Bu nedenle, a\u011f\u0131z \u00fclseri, \u00e7\u0131ban, \u00f6ks\u00fcr\u00fck, t\u00fcberk\u00fcloz, doku enfeksiyonlar\u0131, b\u00f6brek sorunlar\u0131 ve hatta kanserden muzdarip ki\u015filerde iltihab\u0131 azaltmak yararl\u0131d\u0131r.<\/p>\n\n\n\n<p>Bu nedenle, \u00e7emen otu tohumlar\u0131 ve yapraklar\u0131 beslenmenize sa\u011fl\u0131kl\u0131 bir katk\u0131 sa\u011flar ve bebe\u011finize de fayda sa\u011flayabilir.&nbsp;Ancak baz\u0131 yan etkilere neden olabilece\u011fini de bilmelisiniz.<\/p>\n\n\n\n<h2 class=\"wp-block-heading\"><strong>\u00c7emen otu her emziren kad\u0131n i\u00e7in i\u015fe yarar m\u0131?<\/strong><\/h2>\n\n\n\n<p>\u00c7emen otunun \u00e7o\u011fu kad\u0131nda anne s\u00fct\u00fc \u00fcretimini art\u0131rd\u0131\u011f\u0131 bulunmu\u015ftur ve doktorlar emziren anneler i\u00e7in d\u00fczenli olarak \u00e7emen otu kaps\u00fclleri \u00f6nermektedir.&nbsp;Ancak her kad\u0131n i\u00e7in i\u015fe yaramayabilir.&nbsp;\u00c7emen otu t\u00fckettikten sonra anne s\u00fct\u00fc \u00fcretim seviyelerinde bir de\u011fi\u015fiklik g\u00f6rmediklerini bildiren baz\u0131 kad\u0131nlar vard\u0131r.&nbsp;Bununla birlikte, yeni annelerde d\u00fc\u015f\u00fck anne s\u00fct\u00fc \u00fcretimi, d\u00fc\u015f\u00fck beslenme, stres, hormonal dengesizlik ve yeni do\u011fan bebe\u011fin yanl\u0131\u015f emzirilmesi gibi \u00e7e\u015fitli nedenlerden kaynaklan\u0131yor olabilir.&nbsp;Bu problemler ele al\u0131n\u0131rsa, anne s\u00fct\u00fc, do\u011fal haliyle \u00e7emen otu t\u00fckettikten sonra veya \u00e7emen otu takviyesi ald\u0131ktan sonra artabilir.<\/p>\n","protected":false},"excerpt":{"rendered":"<p>Emzirmenizi art\u0131rman\u0131n yollar\u0131n\u0131 m\u0131 d\u00fc\u015f\u00fcn\u00fcyorsunuz?&nbsp;\u00c7emen otu anne s\u00fct\u00fcn\u00fc art\u0131rmaya yard\u0131mc\u0131 olabilir mi? Emzirme i\u00e7in \u00e7emen otu tohumlar\u0131 nas\u0131l kullan\u0131l\u0131r? Anne s\u00fct\u00fc \u00fcretimimi art\u0131rmak i\u00e7in \u00e7emen otu alman\u0131n yollar\u0131 nelerdir? Merak etmeyin, her zaman oldu\u011fu gibi yard\u0131m etmek i\u00e7in buraday\u0131z.&nbsp;Bu yaz\u0131m\u0131zda, anne s\u00fct\u00fcn\u00fc art\u0131rmak&nbsp;i\u00e7in&nbsp;\u00e7emen otunun&nbsp;ne gibi katk\u0131 sa\u011flayaca\u011f\u0131n\u0131 a\u00e7\u0131klayaca\u011f\u0131z. Yeni anneler, bebeklerinin yeterince s\u00fct i\u00e7ip i\u00e7medi\u011fi [&hellip;]<\/p>\n","protected":false},"author":1,"featured_media":3932,"comment_status":"open","ping_status":"open","sticky":false,"template":"","format":"standard","meta":{"tdm_status":"","tdm_grid_status":"","footnotes":""},"categories":[42],"tags":[],"yoast_head":"<!-- This site is optimized with the Yoast SEO plugin v24.5 - https:\/\/yoast.com\/wordpress\/plugins\/seo\/ -->\n<title>\u00c7emen Otu Anne S\u00fct\u00fcn\u00fc Artt\u0131r\u0131r M\u0131? | Anneler Topland\u0131k<\/title>\n<meta name=\"robots\" content=\"index, follow, max-snippet:-1, max-image-preview:large, max-video-preview:-1\" \/>\n<link rel=\"canonical\" href=\"https:\/\/annelertoplandik.com\/blog\/cemen-otu-anne-sutunu-arttirir-mi\/\" \/>\n<meta property=\"og:locale\" content=\"tr_TR\" \/>\n<meta property=\"og:type\" content=\"article\" \/>\n<meta property=\"og:title\" content=\"\u00c7emen Otu Anne S\u00fct\u00fcn\u00fc Artt\u0131r\u0131r M\u0131? | Anneler Topland\u0131k\" \/>\n<meta property=\"og:description\" content=\"Emzirmenizi art\u0131rman\u0131n yollar\u0131n\u0131 m\u0131 d\u00fc\u015f\u00fcn\u00fcyorsunuz?&nbsp;\u00c7emen otu anne s\u00fct\u00fcn\u00fc art\u0131rmaya yard\u0131mc\u0131 olabilir mi? Emzirme i\u00e7in \u00e7emen otu tohumlar\u0131 nas\u0131l kullan\u0131l\u0131r? Anne s\u00fct\u00fc \u00fcretimimi art\u0131rmak i\u00e7in \u00e7emen otu alman\u0131n yollar\u0131 nelerdir? Merak etmeyin, her zaman oldu\u011fu gibi yard\u0131m etmek i\u00e7in buraday\u0131z.&nbsp;Bu yaz\u0131m\u0131zda, anne s\u00fct\u00fcn\u00fc art\u0131rmak&nbsp;i\u00e7in&nbsp;\u00e7emen otunun&nbsp;ne gibi katk\u0131 sa\u011flayaca\u011f\u0131n\u0131 a\u00e7\u0131klayaca\u011f\u0131z. Yeni anneler, bebeklerinin yeterince s\u00fct i\u00e7ip i\u00e7medi\u011fi [&hellip;]\" \/>\n<meta property=\"og:url\" content=\"https:\/\/annelertoplandik.com\/blog\/cemen-otu-anne-sutunu-arttirir-mi\/\" \/>\n<meta property=\"og:site_name\" content=\"Anneler Topland\u0131k\" \/>\n<meta property=\"article:published_time\" content=\"2021-04-02T16:13:36+00:00\" \/>\n<meta property=\"article:modified_time\" content=\"2021-04-03T16:00:17+00:00\" \/>\n<meta property=\"og:image\" content=\"https:\/\/annelertoplandik.com\/blog\/wp-content\/uploads\/2021\/04\/cemen-otu.jpeg\" \/>\n\t<meta property=\"og:image:width\" content=\"720\" \/>\n\t<meta property=\"og:image:height\" content=\"480\" \/>\n\t<meta property=\"og:image:type\" content=\"image\/jpeg\" \/>\n<meta name=\"author\" content=\"Admin\" \/>\n<meta name=\"twitter:card\" content=\"summary_large_image\" \/>\n<meta name=\"twitter:label1\" content=\"Yazan:\" \/>\n\t<meta name=\"twitter:data1\" content=\"Admin\" \/>\n\t<meta name=\"twitter:label2\" content=\"Tahmini okuma s\u00fcresi\" \/>\n\t<meta name=\"twitter:data2\" content=\"7 dakika\" \/>\n<script type=\"application\/ld+json\" class=\"yoast-schema-graph\">{\"@context\":\"https:\/\/schema.org\",\"@graph\":[{\"@type\":\"Article\",\"@id\":\"https:\/\/annelertoplandik.com\/blog\/cemen-otu-anne-sutunu-arttirir-mi\/#article\",\"isPartOf\":{\"@id\":\"https:\/\/annelertoplandik.com\/blog\/cemen-otu-anne-sutunu-arttirir-mi\/\"},\"author\":{\"name\":\"Admin\",\"@id\":\"https:\/\/annelertoplandik.com\/blog\/#\/schema\/person\/1fe572fbbce7ca9b1429e03f3fc0d0a8\"},\"headline\":\"\u00c7emen Otu Anne S\u00fct\u00fcn\u00fc Artt\u0131r\u0131r M\u0131?\",\"datePublished\":\"2021-04-02T16:13:36+00:00\",\"dateModified\":\"2021-04-03T16:00:17+00:00\",\"mainEntityOfPage\":{\"@id\":\"https:\/\/annelertoplandik.com\/blog\/cemen-otu-anne-sutunu-arttirir-mi\/\"},\"wordCount\":1501,\"commentCount\":0,\"publisher\":{\"@id\":\"https:\/\/annelertoplandik.com\/blog\/#\/schema\/person\/1fe572fbbce7ca9b1429e03f3fc0d0a8\"},\"image\":{\"@id\":\"https:\/\/annelertoplandik.com\/blog\/cemen-otu-anne-sutunu-arttirir-mi\/#primaryimage\"},\"thumbnailUrl\":\"https:\/\/annelertoplandik.com\/blog\/wp-content\/uploads\/2021\/04\/cemen-otu.jpeg\",\"articleSection\":[\"Emzirme\"],\"inLanguage\":\"tr\",\"potentialAction\":[{\"@type\":\"CommentAction\",\"name\":\"Comment\",\"target\":[\"https:\/\/annelertoplandik.com\/blog\/cemen-otu-anne-sutunu-arttirir-mi\/#respond\"]}]},{\"@type\":\"WebPage\",\"@id\":\"https:\/\/annelertoplandik.com\/blog\/cemen-otu-anne-sutunu-arttirir-mi\/\",\"url\":\"https:\/\/annelertoplandik.com\/blog\/cemen-otu-anne-sutunu-arttirir-mi\/\",\"name\":\"\u00c7emen Otu Anne S\u00fct\u00fcn\u00fc Artt\u0131r\u0131r M\u0131? | Anneler Topland\u0131k\",\"isPartOf\":{\"@id\":\"https:\/\/annelertoplandik.com\/blog\/#website\"},\"primaryImageOfPage\":{\"@id\":\"https:\/\/annelertoplandik.com\/blog\/cemen-otu-anne-sutunu-arttirir-mi\/#primaryimage\"},\"image\":{\"@id\":\"https:\/\/annelertoplandik.com\/blog\/cemen-otu-anne-sutunu-arttirir-mi\/#primaryimage\"},\"thumbnailUrl\":\"https:\/\/annelertoplandik.com\/blog\/wp-content\/uploads\/2021\/04\/cemen-otu.jpeg\",\"datePublished\":\"2021-04-02T16:13:36+00:00\",\"dateModified\":\"2021-04-03T16:00:17+00:00\",\"breadcrumb\":{\"@id\":\"https:\/\/annelertoplandik.com\/blog\/cemen-otu-anne-sutunu-arttirir-mi\/#breadcrumb\"},\"inLanguage\":\"tr\",\"potentialAction\":[{\"@type\":\"ReadAction\",\"target\":[\"https:\/\/annelertoplandik.com\/blog\/cemen-otu-anne-sutunu-arttirir-mi\/\"]}]},{\"@type\":\"ImageObject\",\"inLanguage\":\"tr\",\"@id\":\"https:\/\/annelertoplandik.com\/blog\/cemen-otu-anne-sutunu-arttirir-mi\/#primaryimage\",\"url\":\"https:\/\/annelertoplandik.com\/blog\/wp-content\/uploads\/2021\/04\/cemen-otu.jpeg\",\"contentUrl\":\"https:\/\/annelertoplandik.com\/blog\/wp-content\/uploads\/2021\/04\/cemen-otu.jpeg\",\"width\":720,\"height\":480,\"caption\":\"c\u0327emen otu\"},{\"@type\":\"BreadcrumbList\",\"@id\":\"https:\/\/annelertoplandik.com\/blog\/cemen-otu-anne-sutunu-arttirir-mi\/#breadcrumb\",\"itemListElement\":[{\"@type\":\"ListItem\",\"position\":1,\"name\":\"Ana sayfa\",\"item\":\"https:\/\/annelertoplandik.com\/blog\/\"},{\"@type\":\"ListItem\",\"position\":2,\"name\":\"\u00c7emen Otu Anne S\u00fct\u00fcn\u00fc Artt\u0131r\u0131r M\u0131?\"}]},{\"@type\":\"WebSite\",\"@id\":\"https:\/\/annelertoplandik.com\/blog\/#website\",\"url\":\"https:\/\/annelertoplandik.com\/blog\/\",\"name\":\"Anneler Topland\u0131k\",\"description\":\"Annelerin sanal payla\u015f\u0131m merkezi\",\"publisher\":{\"@id\":\"https:\/\/annelertoplandik.com\/blog\/#\/schema\/person\/1fe572fbbce7ca9b1429e03f3fc0d0a8\"},\"potentialAction\":[{\"@type\":\"SearchAction\",\"target\":{\"@type\":\"EntryPoint\",\"urlTemplate\":\"https:\/\/annelertoplandik.com\/blog\/?s={search_term_string}\"},\"query-input\":{\"@type\":\"PropertyValueSpecification\",\"valueRequired\":true,\"valueName\":\"search_term_string\"}}],\"inLanguage\":\"tr\"},{\"@type\":[\"Person\",\"Organization\"],\"@id\":\"https:\/\/annelertoplandik.com\/blog\/#\/schema\/person\/1fe572fbbce7ca9b1429e03f3fc0d0a8\",\"name\":\"Admin\",\"image\":{\"@type\":\"ImageObject\",\"inLanguage\":\"tr\",\"@id\":\"https:\/\/annelertoplandik.com\/blog\/#\/schema\/person\/image\/\",\"url\":\"https:\/\/annelertoplandik.com\/blog\/wp-content\/litespeed\/avatar\/b11040300c1fe933a5185741d40560b6.jpg?ver=1777032257\",\"contentUrl\":\"https:\/\/annelertoplandik.com\/blog\/wp-content\/litespeed\/avatar\/b11040300c1fe933a5185741d40560b6.jpg?ver=1777032257\",\"caption\":\"Admin\"},\"logo\":{\"@id\":\"https:\/\/annelertoplandik.com\/blog\/#\/schema\/person\/image\/\"}}]}<\/script>\n<!-- \/ Yoast SEO plugin. -->","yoast_head_json":{"title":"\u00c7emen Otu Anne S\u00fct\u00fcn\u00fc Artt\u0131r\u0131r M\u0131? | Anneler Topland\u0131k","robots":{"index":"index","follow":"follow","max-snippet":"max-snippet:-1","max-image-preview":"max-image-preview:large","max-video-preview":"max-video-preview:-1"},"canonical":"https:\/\/annelertoplandik.com\/blog\/cemen-otu-anne-sutunu-arttirir-mi\/","og_locale":"tr_TR","og_type":"article","og_title":"\u00c7emen Otu Anne S\u00fct\u00fcn\u00fc Artt\u0131r\u0131r M\u0131? | Anneler Topland\u0131k","og_description":"Emzirmenizi art\u0131rman\u0131n yollar\u0131n\u0131 m\u0131 d\u00fc\u015f\u00fcn\u00fcyorsunuz?&nbsp;\u00c7emen otu anne s\u00fct\u00fcn\u00fc art\u0131rmaya yard\u0131mc\u0131 olabilir mi? Emzirme i\u00e7in \u00e7emen otu tohumlar\u0131 nas\u0131l kullan\u0131l\u0131r? Anne s\u00fct\u00fc \u00fcretimimi art\u0131rmak i\u00e7in \u00e7emen otu alman\u0131n yollar\u0131 nelerdir? Merak etmeyin, her zaman oldu\u011fu gibi yard\u0131m etmek i\u00e7in buraday\u0131z.&nbsp;Bu yaz\u0131m\u0131zda, anne s\u00fct\u00fcn\u00fc art\u0131rmak&nbsp;i\u00e7in&nbsp;\u00e7emen otunun&nbsp;ne gibi katk\u0131 sa\u011flayaca\u011f\u0131n\u0131 a\u00e7\u0131klayaca\u011f\u0131z. Yeni anneler, bebeklerinin yeterince s\u00fct i\u00e7ip i\u00e7medi\u011fi [&hellip;]","og_url":"https:\/\/annelertoplandik.com\/blog\/cemen-otu-anne-sutunu-arttirir-mi\/","og_site_name":"Anneler Topland\u0131k","article_published_time":"2021-04-02T16:13:36+00:00","article_modified_time":"2021-04-03T16:00:17+00:00","og_image":[{"width":720,"height":480,"url":"https:\/\/annelertoplandik.com\/blog\/wp-content\/uploads\/2021\/04\/cemen-otu.jpeg","type":"image\/jpeg"}],"author":"Admin","twitter_card":"summary_large_image","twitter_misc":{"Yazan:":"Admin","Tahmini okuma s\u00fcresi":"7 dakika"},"schema":{"@context":"https:\/\/schema.org","@graph":[{"@type":"Article","@id":"https:\/\/annelertoplandik.com\/blog\/cemen-otu-anne-sutunu-arttirir-mi\/#article","isPartOf":{"@id":"https:\/\/annelertoplandik.com\/blog\/cemen-otu-anne-sutunu-arttirir-mi\/"},"author":{"name":"Admin","@id":"https:\/\/annelertoplandik.com\/blog\/#\/schema\/person\/1fe572fbbce7ca9b1429e03f3fc0d0a8"},"headline":"\u00c7emen Otu Anne S\u00fct\u00fcn\u00fc Artt\u0131r\u0131r M\u0131?","datePublished":"2021-04-02T16:13:36+00:00","dateModified":"2021-04-03T16:00:17+00:00","mainEntityOfPage":{"@id":"https:\/\/annelertoplandik.com\/blog\/cemen-otu-anne-sutunu-arttirir-mi\/"},"wordCount":1501,"commentCount":0,"publisher":{"@id":"https:\/\/annelertoplandik.com\/blog\/#\/schema\/person\/1fe572fbbce7ca9b1429e03f3fc0d0a8"},"image":{"@id":"https:\/\/annelertoplandik.com\/blog\/cemen-otu-anne-sutunu-arttirir-mi\/#primaryimage"},"thumbnailUrl":"https:\/\/annelertoplandik.com\/blog\/wp-content\/uploads\/2021\/04\/cemen-otu.jpeg","articleSection":["Emzirme"],"inLanguage":"tr","potentialAction":[{"@type":"CommentAction","name":"Comment","target":["https:\/\/annelertoplandik.com\/blog\/cemen-otu-anne-sutunu-arttirir-mi\/#respond"]}]},{"@type":"WebPage","@id":"https:\/\/annelertoplandik.com\/blog\/cemen-otu-anne-sutunu-arttirir-mi\/","url":"https:\/\/annelertoplandik.com\/blog\/cemen-otu-anne-sutunu-arttirir-mi\/","name":"\u00c7emen Otu Anne S\u00fct\u00fcn\u00fc Artt\u0131r\u0131r M\u0131? | Anneler Topland\u0131k","isPartOf":{"@id":"https:\/\/annelertoplandik.com\/blog\/#website"},"primaryImageOfPage":{"@id":"https:\/\/annelertoplandik.com\/blog\/cemen-otu-anne-sutunu-arttirir-mi\/#primaryimage"},"image":{"@id":"https:\/\/annelertoplandik.com\/blog\/cemen-otu-anne-sutunu-arttirir-mi\/#primaryimage"},"thumbnailUrl":"https:\/\/annelertoplandik.com\/blog\/wp-content\/uploads\/2021\/04\/cemen-otu.jpeg","datePublished":"2021-04-02T16:13:36+00:00","dateModified":"2021-04-03T16:00:17+00:00","breadcrumb":{"@id":"https:\/\/annelertoplandik.com\/blog\/cemen-otu-anne-sutunu-arttirir-mi\/#breadcrumb"},"inLanguage":"tr","potentialAction":[{"@type":"ReadAction","target":["https:\/\/annelertoplandik.com\/blog\/cemen-otu-anne-sutunu-arttirir-mi\/"]}]},{"@type":"ImageObject","inLanguage":"tr","@id":"https:\/\/annelertoplandik.com\/blog\/cemen-otu-anne-sutunu-arttirir-mi\/#primaryimage","url":"https:\/\/annelertoplandik.com\/blog\/wp-content\/uploads\/2021\/04\/cemen-otu.jpeg","contentUrl":"https:\/\/annelertoplandik.com\/blog\/wp-content\/uploads\/2021\/04\/cemen-otu.jpeg","width":720,"height":480,"caption":"c\u0327emen otu"},{"@type":"BreadcrumbList","@id":"https:\/\/annelertoplandik.com\/blog\/cemen-otu-anne-sutunu-arttirir-mi\/#breadcrumb","itemListElement":[{"@type":"ListItem","position":1,"name":"Ana sayfa","item":"https:\/\/annelertoplandik.com\/blog\/"},{"@type":"ListItem","position":2,"name":"\u00c7emen Otu Anne S\u00fct\u00fcn\u00fc Artt\u0131r\u0131r M\u0131?"}]},{"@type":"WebSite","@id":"https:\/\/annelertoplandik.com\/blog\/#website","url":"https:\/\/annelertoplandik.com\/blog\/","name":"Anneler Topland\u0131k","description":"Annelerin sanal payla\u015f\u0131m merkezi","publisher":{"@id":"https:\/\/annelertoplandik.com\/blog\/#\/schema\/person\/1fe572fbbce7ca9b1429e03f3fc0d0a8"},"potentialAction":[{"@type":"SearchAction","target":{"@type":"EntryPoint","urlTemplate":"https:\/\/annelertoplandik.com\/blog\/?s={search_term_string}"},"query-input":{"@type":"PropertyValueSpecification","valueRequired":true,"valueName":"search_term_string"}}],"inLanguage":"tr"},{"@type":["Person","Organization"],"@id":"https:\/\/annelertoplandik.com\/blog\/#\/schema\/person\/1fe572fbbce7ca9b1429e03f3fc0d0a8","name":"Admin","image":{"@type":"ImageObject","inLanguage":"tr","@id":"https:\/\/annelertoplandik.com\/blog\/#\/schema\/person\/image\/","url":"https:\/\/annelertoplandik.com\/blog\/wp-content\/litespeed\/avatar\/b11040300c1fe933a5185741d40560b6.jpg?ver=1777032257","contentUrl":"https:\/\/annelertoplandik.com\/blog\/wp-content\/litespeed\/avatar\/b11040300c1fe933a5185741d40560b6.jpg?ver=1777032257","caption":"Admin"},"logo":{"@id":"https:\/\/annelertoplandik.com\/blog\/#\/schema\/person\/image\/"}}]}},"amp_enabled":true,"_links":{"self":[{"href":"https:\/\/annelertoplandik.com\/blog\/wp-json\/wp\/v2\/posts\/3930"}],"collection":[{"href":"https:\/\/annelertoplandik.com\/blog\/wp-json\/wp\/v2\/posts"}],"about":[{"href":"https:\/\/annelertoplandik.com\/blog\/wp-json\/wp\/v2\/types\/post"}],"author":[{"embeddable":true,"href":"https:\/\/annelertoplandik.com\/blog\/wp-json\/wp\/v2\/users\/1"}],"replies":[{"embeddable":true,"href":"https:\/\/annelertoplandik.com\/blog\/wp-json\/wp\/v2\/comments?post=3930"}],"version-history":[{"count":0,"href":"https:\/\/annelertoplandik.com\/blog\/wp-json\/wp\/v2\/posts\/3930\/revisions"}],"wp:featuredmedia":[{"embeddable":true,"href":"https:\/\/annelertoplandik.com\/blog\/wp-json\/wp\/v2\/media\/3932"}],"wp:attachment":[{"href":"https:\/\/annelertoplandik.com\/blog\/wp-json\/wp\/v2\/media?parent=3930"}],"wp:term":[{"taxonomy":"category","embeddable":true,"href":"https:\/\/annelertoplandik.com\/blog\/wp-json\/wp\/v2\/categories?post=3930"},{"taxonomy":"post_tag","embeddable":true,"href":"https:\/\/annelertoplandik.com\/blog\/wp-json\/wp\/v2\/tags?post=3930"}],"curies":[{"name":"wp","href":"https:\/\/api.w.org\/{rel}","templated":true}]}}