{"id":5142,"date":"2024-09-30T16:24:48","date_gmt":"2024-09-30T13:24:48","guid":{"rendered":"https:\/\/annelertoplandik.com\/blog\/?p=5142"},"modified":"2024-09-30T16:24:51","modified_gmt":"2024-09-30T13:24:51","slug":"koyu-mavi-elbisenin-ustune-hangi-renk-sal-gider","status":"publish","type":"post","link":"https:\/\/annelertoplandik.com\/blog\/koyu-mavi-elbisenin-ustune-hangi-renk-sal-gider\/","title":{"rendered":"Koyu Mavi Elbisenin \u00dcst\u00fcne Hangi Renk \u015eal Gider?"},"content":{"rendered":"\n<p>Kad\u0131nlar kombin yaparken yaln\u0131zca elbiselerinin tasar\u0131mlar\u0131na, kuma\u015flar\u0131na de\u011fil ayn\u0131 zamanda renklerine de dikkat etmektedir. \u00d6zellikle tesett\u00fcr giyimde kad\u0131nlar\u0131n en \u00e7ok dikkat etti\u011fi noktalardan birisi elbise ve \u015fal renklerinin uyumudur. Bundan \u00f6t\u00fcr\u00fc de pek \u00e7ok ki\u015fi elbise ve \u015fal renk kombinleri hakk\u0131nda ara\u015ft\u0131rmalar yapmaktad\u0131r. \u00d6rnek verecek olursak koyu mavi elbisenin \u00fczerine hangi renk \u015fal gider merak konusudur. Koyu mavi elbisenizle zarif bir g\u00f6r\u00fcn\u00fcme sahip olmak istiyorsan\u0131z uyumlu bir renk se\u00e7imi yapabilirsiniz. Canl\u0131 ve parlak renkleri tercih edebilirsiniz. Ayn\u0131 zamanda se\u00e7imlerinizi daha sade se\u00e7eneklerden yana kullanmak i\u00e7in krem, beyaz veyahut ekru gibi renkleri tercih edebilirsiniz.<\/p>\n\n\n\n<p>Koyu tonlu renkleri se\u00e7mek istiyorsan\u0131z koyu mavi ile lacivert, siyah gibi \u00e7e\u015fitli renk tonlar\u0131n\u0131 se\u00e7ebilirsiniz. Koyu mavi elbise \u00fczerine takaca\u011f\u0131n\u0131z \u015fal\u0131n\u0131z\u0131 dilerseniz desenli olarak da se\u00e7ebilirsiniz. Ancak desen se\u00e7imlerinizi abart\u0131l\u0131 desenlerden yana kullanmamal\u0131s\u0131n\u0131z. Bunun yerine daha sade ve minimal se\u00e7imler yapt\u0131\u011f\u0131n\u0131zdan emin olmal\u0131s\u0131n\u0131z. B\u00f6ylece \u00e7ok daha iyi ve etkileyici bir g\u00f6r\u00fcnt\u00fc elde etmi\u015f olursunuz. Arad\u0131\u011f\u0131n\u0131z renk \u00e7e\u015fitlili\u011fini y\u00fcksek kalite ile bulu\u015fturmak, farkl\u0131 \u015fal modellerini g\u00f6rebilmek i\u00e7in ise Fivescarf \u015fallar\u0131n\u0131 tercih edebilirsiniz.<\/p>\n\n\n\n<figure class=\"wp-block-image size-large\"><img loading=\"lazy\" decoding=\"async\" width=\"683\" height=\"1024\" src=\"https:\/\/annelertoplandik.com\/blog\/wp-content\/uploads\/2024\/09\/sal_resmi-683x1024.png\" alt=\"\" class=\"wp-image-5143\" srcset=\"https:\/\/annelertoplandik.com\/blog\/wp-content\/uploads\/2024\/09\/sal_resmi-683x1024.png 683w, https:\/\/annelertoplandik.com\/blog\/wp-content\/uploads\/2024\/09\/sal_resmi-333x500.png 333w, https:\/\/annelertoplandik.com\/blog\/wp-content\/uploads\/2024\/09\/sal_resmi-696x1044.png 696w, https:\/\/annelertoplandik.com\/blog\/wp-content\/uploads\/2024\/09\/sal_resmi.png 704w\" sizes=\"(max-width: 683px) 100vw, 683px\" \/><\/figure>\n\n\n\n<h2 class=\"wp-block-heading\">Koyu Mavi Elbise \u0130\u00e7in \u015eal \u00d6nerileri Nelerdir?<\/h2>\n\n\n\n<p>Koyu mavi elbiseniz i\u00e7in \u015fal se\u00e7meniz gerekti\u011finde farkl\u0131 renklerle, farkl\u0131 g\u00f6r\u00fcn\u00fcmler elde edebilece\u011finizi unutmamal\u0131s\u0131n\u0131z. Bunun i\u00e7in kombininizi nereye giderken giyece\u011finizi \u00f6nceden belirlemelisiniz. Daha a\u011f\u0131r bir g\u00f6r\u00fcn\u00fcm olu\u015fturman\u0131z gereken ortamlarda renk se\u00e7imlerinizi koyudan yana kullanabilirsiniz. G\u00fcnl\u00fck etkinliklerde ve \u00f6zel g\u00fcnlerde ise daha canl\u0131 renkleri tercih edebilirsiniz. Ayr\u0131ca \u015fal\u0131n\u0131z\u0131n d\u00fcz renkli mi yoksa desenli mi olaca\u011f\u0131na dikkat edebilirsiniz. B\u00f6ylece kombininizin puan\u0131n\u0131 y\u00fckseltebilirsiniz. Koyu mavi bir elbise i\u00e7in \u015fal arad\u0131\u011f\u0131n\u0131z zaman elbisenizin tasar\u0131m\u0131 da olduk\u00e7a \u00f6nemlidir. Elbisenizin zarif ve sade mi yoksa iddial\u0131 bir elbise mi oldu\u011funa g\u00f6re \u015fal modelinizi se\u00e7ebilirsiniz. Buna benzer daha bir\u00e7ok detay da \u015fal se\u00e7iminizde etkili olacakt\u0131r.<\/p>\n\n\n\n<p>Koyu mavi elbisenizi yaz aylar\u0131nda giymeyi d\u00fc\u015f\u00fcn\u00fcyorsan\u0131z beyaz, a\u00e7\u0131k mavi ve buna benzer renkli \u015fallarla kullanabilirsiniz. \u00d6zel g\u00fcnlerinizde elbisenizle ayn\u0131 tonda olan koyu mavi \u015fal tercih edebilirsiniz. Spor bir elbise giyecekseniz de hem a\u00e7\u0131k hem de koyu tonlarda \u00e7e\u015fitli renklerde \u015fal takabilirsiniz. Arad\u0131\u011f\u0131n\u0131z \u015fal modelleri ve geni\u015f renk se\u00e7enekleri i\u00e7in ise Fivescarf <a rel=\"dofollow noopener\" href=\"https:\/\/www.fivescarf.com\/sal\"><strong>\u015fal modelleri<\/strong><\/a> kategorisini inceleyebilirsiniz.<\/p>\n\n\n\n<h2 class=\"wp-block-heading\">Koyu Mavi Elbise \u00dczerine Hangi \u015eallar Yak\u0131\u015f\u0131r?<\/h2>\n\n\n\n<p>Detayl\u0131 olarak inceledi\u011finiz zaman koyu mavinin olduk\u00e7a \u015f\u0131k ve sakinlik veren bir renk oldu\u011funu g\u00f6rebilirsiniz. Bundan \u00f6t\u00fcr\u00fc koyu mavi elbiselerinizi farkl\u0131 bir\u00e7ok ortamda rahatl\u0131kla giyebilirsiniz. Koyu mavi elbiseleriniz ile \u015fallar\u0131n\u0131z aras\u0131nda uygun bir kombinasyon yapmak i\u00e7in ise baz\u0131 detaylara dikkat etmelisiniz. Koyu mavi elbise \u00fczerine beyaz \u015fal kullanabilirsiniz. Koyu mavi ve beyaz beraber kullan\u0131ld\u0131\u011f\u0131 daha ayd\u0131nl\u0131k ve taze bir g\u00f6r\u00fcn\u00fcm sunmaktad\u0131r. \u00d6zellikle g\u00fcndelik kombinlerde s\u0131kl\u0131kla tercih edilmektedir. \u00d6zel g\u00fcnlerde ve \u00e7e\u015fitli etkinliklerde koyu mavi ve gri yan yana gelmektedir. \u015e\u0131k bir kombin aray\u0131\u015f\u0131nda olanlar i\u00e7in gri, koyu maviyi en iyi \u015fekilde dengelemektedir. Bunun yan\u0131 s\u0131ra g\u00fcm\u00fc\u015f, siyah, mor ve bordo gibi pek \u00e7ok renk s\u0131ralamak da m\u00fcmk\u00fcnd\u00fcr. Arad\u0131\u011f\u0131n\u0131z renk se\u00e7eneklerini kaliteli ve kullan\u0131\u015fl\u0131 \u015fallarda bulabilmek i\u00e7in ise Fivescarf sitesinde yer alan \u015fal modellerine g\u00f6z atabilirsiniz.<\/p>\n","protected":false},"excerpt":{"rendered":"<p>Kad\u0131nlar kombin yaparken yaln\u0131zca elbiselerinin tasar\u0131mlar\u0131na, kuma\u015flar\u0131na de\u011fil ayn\u0131 zamanda renklerine de dikkat etmektedir. \u00d6zellikle tesett\u00fcr giyimde kad\u0131nlar\u0131n en \u00e7ok dikkat etti\u011fi noktalardan birisi elbise ve \u015fal renklerinin uyumudur. Bundan \u00f6t\u00fcr\u00fc de pek \u00e7ok ki\u015fi elbise ve \u015fal renk kombinleri hakk\u0131nda ara\u015ft\u0131rmalar yapmaktad\u0131r. \u00d6rnek verecek olursak koyu mavi elbisenin \u00fczerine hangi renk \u015fal gider merak [&hellip;]<\/p>\n","protected":false},"author":1,"featured_media":5144,"comment_status":"open","ping_status":"open","sticky":false,"template":"","format":"standard","meta":{"tdm_status":"","tdm_grid_status":"","footnotes":""},"categories":[511],"tags":[],"yoast_head":"<!-- This site is optimized with the Yoast SEO plugin v24.5 - https:\/\/yoast.com\/wordpress\/plugins\/seo\/ -->\n<title>Koyu Mavi Elbisenin \u00dcst\u00fcne Hangi Renk \u015eal Gider? | Anneler Topland\u0131k<\/title>\n<meta name=\"robots\" content=\"index, follow, max-snippet:-1, max-image-preview:large, max-video-preview:-1\" \/>\n<link rel=\"canonical\" href=\"https:\/\/annelertoplandik.com\/blog\/koyu-mavi-elbisenin-ustune-hangi-renk-sal-gider\/\" \/>\n<meta property=\"og:locale\" content=\"tr_TR\" \/>\n<meta property=\"og:type\" content=\"article\" \/>\n<meta property=\"og:title\" content=\"Koyu Mavi Elbisenin \u00dcst\u00fcne Hangi Renk \u015eal Gider? | Anneler Topland\u0131k\" \/>\n<meta property=\"og:description\" content=\"Kad\u0131nlar kombin yaparken yaln\u0131zca elbiselerinin tasar\u0131mlar\u0131na, kuma\u015flar\u0131na de\u011fil ayn\u0131 zamanda renklerine de dikkat etmektedir. \u00d6zellikle tesett\u00fcr giyimde kad\u0131nlar\u0131n en \u00e7ok dikkat etti\u011fi noktalardan birisi elbise ve \u015fal renklerinin uyumudur. Bundan \u00f6t\u00fcr\u00fc de pek \u00e7ok ki\u015fi elbise ve \u015fal renk kombinleri hakk\u0131nda ara\u015ft\u0131rmalar yapmaktad\u0131r. \u00d6rnek verecek olursak koyu mavi elbisenin \u00fczerine hangi renk \u015fal gider merak [&hellip;]\" \/>\n<meta property=\"og:url\" content=\"https:\/\/annelertoplandik.com\/blog\/koyu-mavi-elbisenin-ustune-hangi-renk-sal-gider\/\" \/>\n<meta property=\"og:site_name\" content=\"Anneler Topland\u0131k\" \/>\n<meta property=\"article:published_time\" content=\"2024-09-30T13:24:48+00:00\" \/>\n<meta property=\"article:modified_time\" content=\"2024-09-30T13:24:51+00:00\" \/>\n<meta property=\"og:image\" content=\"https:\/\/annelertoplandik.com\/blog\/wp-content\/uploads\/2024\/09\/dosya-1727699770-koyu-mavi.jpg\" \/>\n\t<meta property=\"og:image:width\" content=\"1440\" \/>\n\t<meta property=\"og:image:height\" content=\"810\" \/>\n\t<meta property=\"og:image:type\" content=\"image\/jpeg\" \/>\n<meta name=\"author\" content=\"Admin\" \/>\n<meta name=\"twitter:card\" content=\"summary_large_image\" \/>\n<meta name=\"twitter:label1\" content=\"Yazan:\" \/>\n\t<meta name=\"twitter:data1\" content=\"Admin\" \/>\n\t<meta name=\"twitter:label2\" content=\"Tahmini okuma s\u00fcresi\" \/>\n\t<meta name=\"twitter:data2\" content=\"3 dakika\" \/>\n<script type=\"application\/ld+json\" class=\"yoast-schema-graph\">{\"@context\":\"https:\/\/schema.org\",\"@graph\":[{\"@type\":\"Article\",\"@id\":\"https:\/\/annelertoplandik.com\/blog\/koyu-mavi-elbisenin-ustune-hangi-renk-sal-gider\/#article\",\"isPartOf\":{\"@id\":\"https:\/\/annelertoplandik.com\/blog\/koyu-mavi-elbisenin-ustune-hangi-renk-sal-gider\/\"},\"author\":{\"name\":\"Admin\",\"@id\":\"https:\/\/annelertoplandik.com\/blog\/#\/schema\/person\/1fe572fbbce7ca9b1429e03f3fc0d0a8\"},\"headline\":\"Koyu Mavi Elbisenin \u00dcst\u00fcne Hangi Renk \u015eal Gider?\",\"datePublished\":\"2024-09-30T13:24:48+00:00\",\"dateModified\":\"2024-09-30T13:24:51+00:00\",\"mainEntityOfPage\":{\"@id\":\"https:\/\/annelertoplandik.com\/blog\/koyu-mavi-elbisenin-ustune-hangi-renk-sal-gider\/\"},\"wordCount\":616,\"commentCount\":0,\"publisher\":{\"@id\":\"https:\/\/annelertoplandik.com\/blog\/#\/schema\/person\/1fe572fbbce7ca9b1429e03f3fc0d0a8\"},\"image\":{\"@id\":\"https:\/\/annelertoplandik.com\/blog\/koyu-mavi-elbisenin-ustune-hangi-renk-sal-gider\/#primaryimage\"},\"thumbnailUrl\":\"https:\/\/annelertoplandik.com\/blog\/wp-content\/uploads\/2024\/09\/dosya-1727699770-koyu-mavi.jpg\",\"articleSection\":[\"Sponsor\"],\"inLanguage\":\"tr\",\"potentialAction\":[{\"@type\":\"CommentAction\",\"name\":\"Comment\",\"target\":[\"https:\/\/annelertoplandik.com\/blog\/koyu-mavi-elbisenin-ustune-hangi-renk-sal-gider\/#respond\"]}]},{\"@type\":\"WebPage\",\"@id\":\"https:\/\/annelertoplandik.com\/blog\/koyu-mavi-elbisenin-ustune-hangi-renk-sal-gider\/\",\"url\":\"https:\/\/annelertoplandik.com\/blog\/koyu-mavi-elbisenin-ustune-hangi-renk-sal-gider\/\",\"name\":\"Koyu Mavi Elbisenin \u00dcst\u00fcne Hangi Renk \u015eal Gider? | Anneler Topland\u0131k\",\"isPartOf\":{\"@id\":\"https:\/\/annelertoplandik.com\/blog\/#website\"},\"primaryImageOfPage\":{\"@id\":\"https:\/\/annelertoplandik.com\/blog\/koyu-mavi-elbisenin-ustune-hangi-renk-sal-gider\/#primaryimage\"},\"image\":{\"@id\":\"https:\/\/annelertoplandik.com\/blog\/koyu-mavi-elbisenin-ustune-hangi-renk-sal-gider\/#primaryimage\"},\"thumbnailUrl\":\"https:\/\/annelertoplandik.com\/blog\/wp-content\/uploads\/2024\/09\/dosya-1727699770-koyu-mavi.jpg\",\"datePublished\":\"2024-09-30T13:24:48+00:00\",\"dateModified\":\"2024-09-30T13:24:51+00:00\",\"breadcrumb\":{\"@id\":\"https:\/\/annelertoplandik.com\/blog\/koyu-mavi-elbisenin-ustune-hangi-renk-sal-gider\/#breadcrumb\"},\"inLanguage\":\"tr\",\"potentialAction\":[{\"@type\":\"ReadAction\",\"target\":[\"https:\/\/annelertoplandik.com\/blog\/koyu-mavi-elbisenin-ustune-hangi-renk-sal-gider\/\"]}]},{\"@type\":\"ImageObject\",\"inLanguage\":\"tr\",\"@id\":\"https:\/\/annelertoplandik.com\/blog\/koyu-mavi-elbisenin-ustune-hangi-renk-sal-gider\/#primaryimage\",\"url\":\"https:\/\/annelertoplandik.com\/blog\/wp-content\/uploads\/2024\/09\/dosya-1727699770-koyu-mavi.jpg\",\"contentUrl\":\"https:\/\/annelertoplandik.com\/blog\/wp-content\/uploads\/2024\/09\/dosya-1727699770-koyu-mavi.jpg\",\"width\":1440,\"height\":810},{\"@type\":\"BreadcrumbList\",\"@id\":\"https:\/\/annelertoplandik.com\/blog\/koyu-mavi-elbisenin-ustune-hangi-renk-sal-gider\/#breadcrumb\",\"itemListElement\":[{\"@type\":\"ListItem\",\"position\":1,\"name\":\"Ana sayfa\",\"item\":\"https:\/\/annelertoplandik.com\/blog\/\"},{\"@type\":\"ListItem\",\"position\":2,\"name\":\"Koyu Mavi Elbisenin \u00dcst\u00fcne Hangi Renk \u015eal Gider?\"}]},{\"@type\":\"WebSite\",\"@id\":\"https:\/\/annelertoplandik.com\/blog\/#website\",\"url\":\"https:\/\/annelertoplandik.com\/blog\/\",\"name\":\"Anneler Topland\u0131k\",\"description\":\"Annelerin sanal payla\u015f\u0131m merkezi\",\"publisher\":{\"@id\":\"https:\/\/annelertoplandik.com\/blog\/#\/schema\/person\/1fe572fbbce7ca9b1429e03f3fc0d0a8\"},\"potentialAction\":[{\"@type\":\"SearchAction\",\"target\":{\"@type\":\"EntryPoint\",\"urlTemplate\":\"https:\/\/annelertoplandik.com\/blog\/?s={search_term_string}\"},\"query-input\":{\"@type\":\"PropertyValueSpecification\",\"valueRequired\":true,\"valueName\":\"search_term_string\"}}],\"inLanguage\":\"tr\"},{\"@type\":[\"Person\",\"Organization\"],\"@id\":\"https:\/\/annelertoplandik.com\/blog\/#\/schema\/person\/1fe572fbbce7ca9b1429e03f3fc0d0a8\",\"name\":\"Admin\",\"image\":{\"@type\":\"ImageObject\",\"inLanguage\":\"tr\",\"@id\":\"https:\/\/annelertoplandik.com\/blog\/#\/schema\/person\/image\/\",\"url\":\"https:\/\/annelertoplandik.com\/blog\/wp-content\/litespeed\/avatar\/b11040300c1fe933a5185741d40560b6.jpg?ver=1777637939\",\"contentUrl\":\"https:\/\/annelertoplandik.com\/blog\/wp-content\/litespeed\/avatar\/b11040300c1fe933a5185741d40560b6.jpg?ver=1777637939\",\"caption\":\"Admin\"},\"logo\":{\"@id\":\"https:\/\/annelertoplandik.com\/blog\/#\/schema\/person\/image\/\"}}]}<\/script>\n<!-- \/ Yoast SEO plugin. -->","yoast_head_json":{"title":"Koyu Mavi Elbisenin \u00dcst\u00fcne Hangi Renk \u015eal Gider? | Anneler Topland\u0131k","robots":{"index":"index","follow":"follow","max-snippet":"max-snippet:-1","max-image-preview":"max-image-preview:large","max-video-preview":"max-video-preview:-1"},"canonical":"https:\/\/annelertoplandik.com\/blog\/koyu-mavi-elbisenin-ustune-hangi-renk-sal-gider\/","og_locale":"tr_TR","og_type":"article","og_title":"Koyu Mavi Elbisenin \u00dcst\u00fcne Hangi Renk \u015eal Gider? | Anneler Topland\u0131k","og_description":"Kad\u0131nlar kombin yaparken yaln\u0131zca elbiselerinin tasar\u0131mlar\u0131na, kuma\u015flar\u0131na de\u011fil ayn\u0131 zamanda renklerine de dikkat etmektedir. \u00d6zellikle tesett\u00fcr giyimde kad\u0131nlar\u0131n en \u00e7ok dikkat etti\u011fi noktalardan birisi elbise ve \u015fal renklerinin uyumudur. Bundan \u00f6t\u00fcr\u00fc de pek \u00e7ok ki\u015fi elbise ve \u015fal renk kombinleri hakk\u0131nda ara\u015ft\u0131rmalar yapmaktad\u0131r. \u00d6rnek verecek olursak koyu mavi elbisenin \u00fczerine hangi renk \u015fal gider merak [&hellip;]","og_url":"https:\/\/annelertoplandik.com\/blog\/koyu-mavi-elbisenin-ustune-hangi-renk-sal-gider\/","og_site_name":"Anneler Topland\u0131k","article_published_time":"2024-09-30T13:24:48+00:00","article_modified_time":"2024-09-30T13:24:51+00:00","og_image":[{"width":1440,"height":810,"url":"https:\/\/annelertoplandik.com\/blog\/wp-content\/uploads\/2024\/09\/dosya-1727699770-koyu-mavi.jpg","type":"image\/jpeg"}],"author":"Admin","twitter_card":"summary_large_image","twitter_misc":{"Yazan:":"Admin","Tahmini okuma s\u00fcresi":"3 dakika"},"schema":{"@context":"https:\/\/schema.org","@graph":[{"@type":"Article","@id":"https:\/\/annelertoplandik.com\/blog\/koyu-mavi-elbisenin-ustune-hangi-renk-sal-gider\/#article","isPartOf":{"@id":"https:\/\/annelertoplandik.com\/blog\/koyu-mavi-elbisenin-ustune-hangi-renk-sal-gider\/"},"author":{"name":"Admin","@id":"https:\/\/annelertoplandik.com\/blog\/#\/schema\/person\/1fe572fbbce7ca9b1429e03f3fc0d0a8"},"headline":"Koyu Mavi Elbisenin \u00dcst\u00fcne Hangi Renk \u015eal Gider?","datePublished":"2024-09-30T13:24:48+00:00","dateModified":"2024-09-30T13:24:51+00:00","mainEntityOfPage":{"@id":"https:\/\/annelertoplandik.com\/blog\/koyu-mavi-elbisenin-ustune-hangi-renk-sal-gider\/"},"wordCount":616,"commentCount":0,"publisher":{"@id":"https:\/\/annelertoplandik.com\/blog\/#\/schema\/person\/1fe572fbbce7ca9b1429e03f3fc0d0a8"},"image":{"@id":"https:\/\/annelertoplandik.com\/blog\/koyu-mavi-elbisenin-ustune-hangi-renk-sal-gider\/#primaryimage"},"thumbnailUrl":"https:\/\/annelertoplandik.com\/blog\/wp-content\/uploads\/2024\/09\/dosya-1727699770-koyu-mavi.jpg","articleSection":["Sponsor"],"inLanguage":"tr","potentialAction":[{"@type":"CommentAction","name":"Comment","target":["https:\/\/annelertoplandik.com\/blog\/koyu-mavi-elbisenin-ustune-hangi-renk-sal-gider\/#respond"]}]},{"@type":"WebPage","@id":"https:\/\/annelertoplandik.com\/blog\/koyu-mavi-elbisenin-ustune-hangi-renk-sal-gider\/","url":"https:\/\/annelertoplandik.com\/blog\/koyu-mavi-elbisenin-ustune-hangi-renk-sal-gider\/","name":"Koyu Mavi Elbisenin \u00dcst\u00fcne Hangi Renk \u015eal Gider? | Anneler Topland\u0131k","isPartOf":{"@id":"https:\/\/annelertoplandik.com\/blog\/#website"},"primaryImageOfPage":{"@id":"https:\/\/annelertoplandik.com\/blog\/koyu-mavi-elbisenin-ustune-hangi-renk-sal-gider\/#primaryimage"},"image":{"@id":"https:\/\/annelertoplandik.com\/blog\/koyu-mavi-elbisenin-ustune-hangi-renk-sal-gider\/#primaryimage"},"thumbnailUrl":"https:\/\/annelertoplandik.com\/blog\/wp-content\/uploads\/2024\/09\/dosya-1727699770-koyu-mavi.jpg","datePublished":"2024-09-30T13:24:48+00:00","dateModified":"2024-09-30T13:24:51+00:00","breadcrumb":{"@id":"https:\/\/annelertoplandik.com\/blog\/koyu-mavi-elbisenin-ustune-hangi-renk-sal-gider\/#breadcrumb"},"inLanguage":"tr","potentialAction":[{"@type":"ReadAction","target":["https:\/\/annelertoplandik.com\/blog\/koyu-mavi-elbisenin-ustune-hangi-renk-sal-gider\/"]}]},{"@type":"ImageObject","inLanguage":"tr","@id":"https:\/\/annelertoplandik.com\/blog\/koyu-mavi-elbisenin-ustune-hangi-renk-sal-gider\/#primaryimage","url":"https:\/\/annelertoplandik.com\/blog\/wp-content\/uploads\/2024\/09\/dosya-1727699770-koyu-mavi.jpg","contentUrl":"https:\/\/annelertoplandik.com\/blog\/wp-content\/uploads\/2024\/09\/dosya-1727699770-koyu-mavi.jpg","width":1440,"height":810},{"@type":"BreadcrumbList","@id":"https:\/\/annelertoplandik.com\/blog\/koyu-mavi-elbisenin-ustune-hangi-renk-sal-gider\/#breadcrumb","itemListElement":[{"@type":"ListItem","position":1,"name":"Ana sayfa","item":"https:\/\/annelertoplandik.com\/blog\/"},{"@type":"ListItem","position":2,"name":"Koyu Mavi Elbisenin \u00dcst\u00fcne Hangi Renk \u015eal Gider?"}]},{"@type":"WebSite","@id":"https:\/\/annelertoplandik.com\/blog\/#website","url":"https:\/\/annelertoplandik.com\/blog\/","name":"Anneler Topland\u0131k","description":"Annelerin sanal payla\u015f\u0131m merkezi","publisher":{"@id":"https:\/\/annelertoplandik.com\/blog\/#\/schema\/person\/1fe572fbbce7ca9b1429e03f3fc0d0a8"},"potentialAction":[{"@type":"SearchAction","target":{"@type":"EntryPoint","urlTemplate":"https:\/\/annelertoplandik.com\/blog\/?s={search_term_string}"},"query-input":{"@type":"PropertyValueSpecification","valueRequired":true,"valueName":"search_term_string"}}],"inLanguage":"tr"},{"@type":["Person","Organization"],"@id":"https:\/\/annelertoplandik.com\/blog\/#\/schema\/person\/1fe572fbbce7ca9b1429e03f3fc0d0a8","name":"Admin","image":{"@type":"ImageObject","inLanguage":"tr","@id":"https:\/\/annelertoplandik.com\/blog\/#\/schema\/person\/image\/","url":"https:\/\/annelertoplandik.com\/blog\/wp-content\/litespeed\/avatar\/b11040300c1fe933a5185741d40560b6.jpg?ver=1777637939","contentUrl":"https:\/\/annelertoplandik.com\/blog\/wp-content\/litespeed\/avatar\/b11040300c1fe933a5185741d40560b6.jpg?ver=1777637939","caption":"Admin"},"logo":{"@id":"https:\/\/annelertoplandik.com\/blog\/#\/schema\/person\/image\/"}}]}},"amp_enabled":true,"_links":{"self":[{"href":"https:\/\/annelertoplandik.com\/blog\/wp-json\/wp\/v2\/posts\/5142"}],"collection":[{"href":"https:\/\/annelertoplandik.com\/blog\/wp-json\/wp\/v2\/posts"}],"about":[{"href":"https:\/\/annelertoplandik.com\/blog\/wp-json\/wp\/v2\/types\/post"}],"author":[{"embeddable":true,"href":"https:\/\/annelertoplandik.com\/blog\/wp-json\/wp\/v2\/users\/1"}],"replies":[{"embeddable":true,"href":"https:\/\/annelertoplandik.com\/blog\/wp-json\/wp\/v2\/comments?post=5142"}],"version-history":[{"count":1,"href":"https:\/\/annelertoplandik.com\/blog\/wp-json\/wp\/v2\/posts\/5142\/revisions"}],"predecessor-version":[{"id":5145,"href":"https:\/\/annelertoplandik.com\/blog\/wp-json\/wp\/v2\/posts\/5142\/revisions\/5145"}],"wp:featuredmedia":[{"embeddable":true,"href":"https:\/\/annelertoplandik.com\/blog\/wp-json\/wp\/v2\/media\/5144"}],"wp:attachment":[{"href":"https:\/\/annelertoplandik.com\/blog\/wp-json\/wp\/v2\/media?parent=5142"}],"wp:term":[{"taxonomy":"category","embeddable":true,"href":"https:\/\/annelertoplandik.com\/blog\/wp-json\/wp\/v2\/categories?post=5142"},{"taxonomy":"post_tag","embeddable":true,"href":"https:\/\/annelertoplandik.com\/blog\/wp-json\/wp\/v2\/tags?post=5142"}],"curies":[{"name":"wp","href":"https:\/\/api.w.org\/{rel}","templated":true}]}}