{"id":5239,"date":"2025-01-22T21:30:51","date_gmt":"2025-01-22T18:30:51","guid":{"rendered":"https:\/\/annelertoplandik.com\/blog\/?p=5239"},"modified":"2025-01-22T21:30:54","modified_gmt":"2025-01-22T18:30:54","slug":"cocuklar-termal-suya-girebilir-mi","status":"publish","type":"post","link":"https:\/\/annelertoplandik.com\/blog\/cocuklar-termal-suya-girebilir-mi\/","title":{"rendered":"\u00c7ocuklar Termal Suya Girebilir Mi?"},"content":{"rendered":"\n<p>Pek \u00e7ok faydas\u0131yla \u00f6ne \u00e7\u0131kan kapl\u0131calar, zihni ve v\u00fccudu dinlendirmek i\u00e7in en sa\u011fl\u0131kl\u0131 tercihlerden biridir. Termal su i\u00e7eri\u011findeki mineraller sayesinde gencinden ya\u015fl\u0131s\u0131na kadar farkl\u0131 ya\u015f aral\u0131\u011f\u0131ndaki insanlara \u015fifa vermesiyle bilinir. Peki bu \u015fifal\u0131 su, \u00e7ocuklar i\u00e7in yararl\u0131 m\u0131d\u0131r? <a rel=\"dofollow noopener\" href=\"https:\/\/www.termal-otel.com\/blog\/termal-suyun-faydalari\"><strong>Termal suyun faydalar\u0131<\/strong><\/a> kadar sa\u011fl\u0131\u011fa olumsuz etkileri de var m\u0131d\u0131r?<\/p>\n\n\n\n<h2 class=\"wp-block-heading\"><a><\/a>Termal Havuzlarda \u00c7ocuklar \u0130\u00e7in Ya\u015f S\u0131n\u0131r\u0131 Var<\/h2>\n\n\n\n<p>Termal otellerde yer alan havuzlar, yeti\u015fkinliklere ve belirli ya\u015f\u0131n \u00fczerindeki \u00e7ocuklara uygundur. Termal su i\u00e7in belirlenen ya\u015f s\u0131n\u0131r\u0131, 12 ya\u015ft\u0131r. Bu ya\u015ftan k\u00fc\u00e7\u00fck \u00e7ocuklar\u0131n termal suya giri\u015fini engelleyen birka\u00e7 risk mevcuttur. Bunlardan biri \u00e7ocuklar\u0131n v\u00fccut \u0131s\u0131s\u0131n\u0131 yeti\u015fkinlikler gibi kontrol edememesidir. \u00c7ocuklara olduk\u00e7a s\u0131cak gelebilecek termal su, uyum sa\u011flamay\u0131 da zorla\u015ft\u0131rabilir.<\/p>\n\n\n\n<p>A\u015f\u0131r\u0131 s\u0131cak su, \u00e7ocuklarda anl\u0131k yorgunlu\u011fa ve uyku sorunlar\u0131na neden olabilir. Ayr\u0131ca bebeklerin ve \u00e7ocuklar\u0131n cilt ge\u00e7irgenli\u011fi y\u00fcksek oldu\u011fundan, mineralli sudaki metaller \u00e7ocuklara zarar verebilir. Bu gibi sorunlar\u0131 ya\u015famamak ad\u0131na otel havuzunda ya\u015f s\u0131n\u0131r\u0131 varsa buna uymal\u0131 ve \u00e7ocuklar\u0131 havuzdan uzak tutmal\u0131s\u0131n\u0131z.<\/p>\n\n\n\n<figure class=\"wp-block-image size-large\"><img loading=\"lazy\" decoding=\"async\" width=\"1024\" height=\"682\" src=\"https:\/\/annelertoplandik.com\/blog\/wp-content\/uploads\/2025\/01\/termal-havuzda-bir-kadin-1024x682.jpg\" alt=\"\" class=\"wp-image-5240\" srcset=\"https:\/\/annelertoplandik.com\/blog\/wp-content\/uploads\/2025\/01\/termal-havuzda-bir-kadin-1024x682.jpg 1024w, https:\/\/annelertoplandik.com\/blog\/wp-content\/uploads\/2025\/01\/termal-havuzda-bir-kadin-500x333.jpg 500w, https:\/\/annelertoplandik.com\/blog\/wp-content\/uploads\/2025\/01\/termal-havuzda-bir-kadin-768x512.jpg 768w, https:\/\/annelertoplandik.com\/blog\/wp-content\/uploads\/2025\/01\/termal-havuzda-bir-kadin-696x464.jpg 696w, https:\/\/annelertoplandik.com\/blog\/wp-content\/uploads\/2025\/01\/termal-havuzda-bir-kadin-1068x712.jpg 1068w, https:\/\/annelertoplandik.com\/blog\/wp-content\/uploads\/2025\/01\/termal-havuzda-bir-kadin.jpg 1280w\" sizes=\"(max-width: 1024px) 100vw, 1024px\" \/><\/figure>\n\n\n\n<h2 class=\"wp-block-heading\"><a><\/a>Termal Suya Kimler Girmemeli?<\/h2>\n\n\n\n<p>Termal suyun faydalar\u0131 saymakla bitmese de bu \u015fifal\u0131 sulara herkesin girmesi \u00f6nerilmez. Bunun nedeni termal havuzlar\u0131n s\u0131cak suya sahip olmalar\u0131d\u0131r. Bu \u00f6zellik, bilhassa \u00e7ocuklar ve ya\u015fl\u0131lar a\u00e7\u0131s\u0131ndan riskli bir durum ta\u015f\u0131r. <a rel=\"dofollow noopener\" href=\"https:\/\/www.termal-otel.com\/\"><strong>Termal oteller<\/strong><\/a> ve kapl\u0131calarda bulunan termal su, kronik hastal\u0131\u011fa sahip ki\u015filer i\u00e7in de risklidir.<\/p>\n\n\n\n<p>Termal su, romatizma ve eklem a\u011fr\u0131lar\u0131na iyi gelse de kronikle\u015fen a\u011fr\u0131larda ba\u015fvurulacak bir \u00e7\u00f6z\u00fcm de\u011fildir. Yine kronik cilt rahats\u0131zl\u0131klar\u0131 s\u00f6z konusu oldu\u011funda da termal suya girmek sak\u0131ncal\u0131 olabilir. Bunun nedeni, a\u015f\u0131r\u0131 s\u0131cak ve mineralli suyun ciltte bir hassasiyete yol a\u00e7abilme riskidir. Dolay\u0131s\u0131yla termal havuz deneyiminden \u00f6nce mutlaka ilgili klini\u011fe ba\u015fvurmak ve g\u00f6r\u00fc\u015f almak gerekir.<\/p>\n\n\n\n<h2 class=\"wp-block-heading\"><a><\/a>Termal Su Pek \u00c7ok Hastal\u0131\u011fa Deva Oluyor<\/h2>\n\n\n\n<p>Il\u0131ca ve kapl\u0131calarda bulunan termal su, fiziksel ve psikolojik sorunlarda destekleyici tedavi sunuyor. \u00d6zellikle romatizmal a\u011fr\u0131larda kendini g\u00f6steren termal su; yumu\u015fak doku zedelenmesi, kire\u00e7lenme, bel-boyun a\u011fr\u0131lar\u0131 ve sinir sistemi rahats\u0131zl\u0131klar\u0131nda \u015fifas\u0131n\u0131 g\u00f6sterir. Ameliyat ve kaza sonras\u0131 olu\u015fan a\u011fr\u0131lar i\u00e7in de \u015fifal\u0131 termal su \u00f6nerilir.<\/p>\n\n\n\n<p>Termal suyun bir di\u011fer faydas\u0131 ise psikolojik k\u00f6kenli baz\u0131 sorunlara iyi gelmesidir. \u00d6rne\u011fin; stres, strese ba\u011fl\u0131 kas a\u011fr\u0131lar\u0131, yorgunluk, ba\u015f a\u011fr\u0131s\u0131 gibi sorunlara kar\u015f\u0131 da kapl\u0131ca suyunun \u015fifas\u0131n\u0131 deneyimlemek m\u00fcmk\u00fcnd\u00fcr.<\/p>\n\n\n\n<p>Termal suyu i\u00e7eren havuzlu oteller de ayn\u0131 faydalar\u0131 ta\u015f\u0131yarak sa\u011fl\u0131kl\u0131 bir tatil ihtiyac\u0131n\u0131 kar\u015f\u0131lar. T\u00fcrkiye\u2019nin pek \u00e7ok b\u00f6lgesinde deneyimleyebilece\u011finiz termal oteller arac\u0131l\u0131\u011f\u0131yla \u015fifal\u0131 s\u0131cak sular\u0131n faydas\u0131n\u0131 g\u00f6rebilirsiniz.<\/p>\n","protected":false},"excerpt":{"rendered":"<p>Pek \u00e7ok faydas\u0131yla \u00f6ne \u00e7\u0131kan kapl\u0131calar, zihni ve v\u00fccudu dinlendirmek i\u00e7in en sa\u011fl\u0131kl\u0131 tercihlerden biridir. Termal su i\u00e7eri\u011findeki mineraller sayesinde gencinden ya\u015fl\u0131s\u0131na kadar farkl\u0131 ya\u015f aral\u0131\u011f\u0131ndaki insanlara \u015fifa vermesiyle bilinir. Peki bu \u015fifal\u0131 su, \u00e7ocuklar i\u00e7in yararl\u0131 m\u0131d\u0131r? Termal suyun faydalar\u0131 kadar sa\u011fl\u0131\u011fa olumsuz etkileri de var m\u0131d\u0131r? Termal Havuzlarda \u00c7ocuklar \u0130\u00e7in Ya\u015f S\u0131n\u0131r\u0131 Var [&hellip;]<\/p>\n","protected":false},"author":1,"featured_media":5241,"comment_status":"open","ping_status":"open","sticky":false,"template":"","format":"standard","meta":{"tdm_status":"","tdm_grid_status":"","footnotes":""},"categories":[511],"tags":[],"yoast_head":"<!-- This site is optimized with the Yoast SEO plugin v24.5 - https:\/\/yoast.com\/wordpress\/plugins\/seo\/ -->\n<title>\u00c7ocuklar Termal Suya Girebilir Mi? | Anneler Topland\u0131k<\/title>\n<meta name=\"robots\" content=\"index, follow, max-snippet:-1, max-image-preview:large, max-video-preview:-1\" \/>\n<link rel=\"canonical\" href=\"https:\/\/annelertoplandik.com\/blog\/cocuklar-termal-suya-girebilir-mi\/\" \/>\n<meta property=\"og:locale\" content=\"tr_TR\" \/>\n<meta property=\"og:type\" content=\"article\" \/>\n<meta property=\"og:title\" content=\"\u00c7ocuklar Termal Suya Girebilir Mi? | Anneler Topland\u0131k\" \/>\n<meta property=\"og:description\" content=\"Pek \u00e7ok faydas\u0131yla \u00f6ne \u00e7\u0131kan kapl\u0131calar, zihni ve v\u00fccudu dinlendirmek i\u00e7in en sa\u011fl\u0131kl\u0131 tercihlerden biridir. Termal su i\u00e7eri\u011findeki mineraller sayesinde gencinden ya\u015fl\u0131s\u0131na kadar farkl\u0131 ya\u015f aral\u0131\u011f\u0131ndaki insanlara \u015fifa vermesiyle bilinir. Peki bu \u015fifal\u0131 su, \u00e7ocuklar i\u00e7in yararl\u0131 m\u0131d\u0131r? Termal suyun faydalar\u0131 kadar sa\u011fl\u0131\u011fa olumsuz etkileri de var m\u0131d\u0131r? Termal Havuzlarda \u00c7ocuklar \u0130\u00e7in Ya\u015f S\u0131n\u0131r\u0131 Var [&hellip;]\" \/>\n<meta property=\"og:url\" content=\"https:\/\/annelertoplandik.com\/blog\/cocuklar-termal-suya-girebilir-mi\/\" \/>\n<meta property=\"og:site_name\" content=\"Anneler Topland\u0131k\" \/>\n<meta property=\"article:published_time\" content=\"2025-01-22T18:30:51+00:00\" \/>\n<meta property=\"article:modified_time\" content=\"2025-01-22T18:30:54+00:00\" \/>\n<meta property=\"og:image\" content=\"https:\/\/annelertoplandik.com\/blog\/wp-content\/uploads\/2025\/01\/havuza-girmis-erkek-ve-kiz-cocugu.jpg\" \/>\n\t<meta property=\"og:image:width\" content=\"1280\" \/>\n\t<meta property=\"og:image:height\" content=\"853\" \/>\n\t<meta property=\"og:image:type\" content=\"image\/jpeg\" \/>\n<meta name=\"author\" content=\"Admin\" \/>\n<meta name=\"twitter:card\" content=\"summary_large_image\" \/>\n<meta name=\"twitter:label1\" content=\"Yazan:\" \/>\n\t<meta name=\"twitter:data1\" content=\"Admin\" \/>\n\t<meta name=\"twitter:label2\" content=\"Tahmini okuma s\u00fcresi\" \/>\n\t<meta name=\"twitter:data2\" content=\"3 dakika\" \/>\n<script type=\"application\/ld+json\" class=\"yoast-schema-graph\">{\"@context\":\"https:\/\/schema.org\",\"@graph\":[{\"@type\":\"Article\",\"@id\":\"https:\/\/annelertoplandik.com\/blog\/cocuklar-termal-suya-girebilir-mi\/#article\",\"isPartOf\":{\"@id\":\"https:\/\/annelertoplandik.com\/blog\/cocuklar-termal-suya-girebilir-mi\/\"},\"author\":{\"name\":\"Admin\",\"@id\":\"https:\/\/annelertoplandik.com\/blog\/#\/schema\/person\/1fe572fbbce7ca9b1429e03f3fc0d0a8\"},\"headline\":\"\u00c7ocuklar Termal Suya Girebilir Mi?\",\"datePublished\":\"2025-01-22T18:30:51+00:00\",\"dateModified\":\"2025-01-22T18:30:54+00:00\",\"mainEntityOfPage\":{\"@id\":\"https:\/\/annelertoplandik.com\/blog\/cocuklar-termal-suya-girebilir-mi\/\"},\"wordCount\":505,\"commentCount\":0,\"publisher\":{\"@id\":\"https:\/\/annelertoplandik.com\/blog\/#\/schema\/person\/1fe572fbbce7ca9b1429e03f3fc0d0a8\"},\"image\":{\"@id\":\"https:\/\/annelertoplandik.com\/blog\/cocuklar-termal-suya-girebilir-mi\/#primaryimage\"},\"thumbnailUrl\":\"https:\/\/annelertoplandik.com\/blog\/wp-content\/uploads\/2025\/01\/havuza-girmis-erkek-ve-kiz-cocugu.jpg\",\"articleSection\":[\"Sponsor\"],\"inLanguage\":\"tr\",\"potentialAction\":[{\"@type\":\"CommentAction\",\"name\":\"Comment\",\"target\":[\"https:\/\/annelertoplandik.com\/blog\/cocuklar-termal-suya-girebilir-mi\/#respond\"]}]},{\"@type\":\"WebPage\",\"@id\":\"https:\/\/annelertoplandik.com\/blog\/cocuklar-termal-suya-girebilir-mi\/\",\"url\":\"https:\/\/annelertoplandik.com\/blog\/cocuklar-termal-suya-girebilir-mi\/\",\"name\":\"\u00c7ocuklar Termal Suya Girebilir Mi? | Anneler Topland\u0131k\",\"isPartOf\":{\"@id\":\"https:\/\/annelertoplandik.com\/blog\/#website\"},\"primaryImageOfPage\":{\"@id\":\"https:\/\/annelertoplandik.com\/blog\/cocuklar-termal-suya-girebilir-mi\/#primaryimage\"},\"image\":{\"@id\":\"https:\/\/annelertoplandik.com\/blog\/cocuklar-termal-suya-girebilir-mi\/#primaryimage\"},\"thumbnailUrl\":\"https:\/\/annelertoplandik.com\/blog\/wp-content\/uploads\/2025\/01\/havuza-girmis-erkek-ve-kiz-cocugu.jpg\",\"datePublished\":\"2025-01-22T18:30:51+00:00\",\"dateModified\":\"2025-01-22T18:30:54+00:00\",\"breadcrumb\":{\"@id\":\"https:\/\/annelertoplandik.com\/blog\/cocuklar-termal-suya-girebilir-mi\/#breadcrumb\"},\"inLanguage\":\"tr\",\"potentialAction\":[{\"@type\":\"ReadAction\",\"target\":[\"https:\/\/annelertoplandik.com\/blog\/cocuklar-termal-suya-girebilir-mi\/\"]}]},{\"@type\":\"ImageObject\",\"inLanguage\":\"tr\",\"@id\":\"https:\/\/annelertoplandik.com\/blog\/cocuklar-termal-suya-girebilir-mi\/#primaryimage\",\"url\":\"https:\/\/annelertoplandik.com\/blog\/wp-content\/uploads\/2025\/01\/havuza-girmis-erkek-ve-kiz-cocugu.jpg\",\"contentUrl\":\"https:\/\/annelertoplandik.com\/blog\/wp-content\/uploads\/2025\/01\/havuza-girmis-erkek-ve-kiz-cocugu.jpg\",\"width\":1280,\"height\":853},{\"@type\":\"BreadcrumbList\",\"@id\":\"https:\/\/annelertoplandik.com\/blog\/cocuklar-termal-suya-girebilir-mi\/#breadcrumb\",\"itemListElement\":[{\"@type\":\"ListItem\",\"position\":1,\"name\":\"Ana sayfa\",\"item\":\"https:\/\/annelertoplandik.com\/blog\/\"},{\"@type\":\"ListItem\",\"position\":2,\"name\":\"\u00c7ocuklar Termal Suya Girebilir Mi?\"}]},{\"@type\":\"WebSite\",\"@id\":\"https:\/\/annelertoplandik.com\/blog\/#website\",\"url\":\"https:\/\/annelertoplandik.com\/blog\/\",\"name\":\"Anneler Topland\u0131k\",\"description\":\"Annelerin sanal payla\u015f\u0131m merkezi\",\"publisher\":{\"@id\":\"https:\/\/annelertoplandik.com\/blog\/#\/schema\/person\/1fe572fbbce7ca9b1429e03f3fc0d0a8\"},\"potentialAction\":[{\"@type\":\"SearchAction\",\"target\":{\"@type\":\"EntryPoint\",\"urlTemplate\":\"https:\/\/annelertoplandik.com\/blog\/?s={search_term_string}\"},\"query-input\":{\"@type\":\"PropertyValueSpecification\",\"valueRequired\":true,\"valueName\":\"search_term_string\"}}],\"inLanguage\":\"tr\"},{\"@type\":[\"Person\",\"Organization\"],\"@id\":\"https:\/\/annelertoplandik.com\/blog\/#\/schema\/person\/1fe572fbbce7ca9b1429e03f3fc0d0a8\",\"name\":\"Admin\",\"image\":{\"@type\":\"ImageObject\",\"inLanguage\":\"tr\",\"@id\":\"https:\/\/annelertoplandik.com\/blog\/#\/schema\/person\/image\/\",\"url\":\"https:\/\/annelertoplandik.com\/blog\/wp-content\/litespeed\/avatar\/b11040300c1fe933a5185741d40560b6.jpg?ver=1777637939\",\"contentUrl\":\"https:\/\/annelertoplandik.com\/blog\/wp-content\/litespeed\/avatar\/b11040300c1fe933a5185741d40560b6.jpg?ver=1777637939\",\"caption\":\"Admin\"},\"logo\":{\"@id\":\"https:\/\/annelertoplandik.com\/blog\/#\/schema\/person\/image\/\"}}]}<\/script>\n<!-- \/ Yoast SEO plugin. -->","yoast_head_json":{"title":"\u00c7ocuklar Termal Suya Girebilir Mi? | Anneler Topland\u0131k","robots":{"index":"index","follow":"follow","max-snippet":"max-snippet:-1","max-image-preview":"max-image-preview:large","max-video-preview":"max-video-preview:-1"},"canonical":"https:\/\/annelertoplandik.com\/blog\/cocuklar-termal-suya-girebilir-mi\/","og_locale":"tr_TR","og_type":"article","og_title":"\u00c7ocuklar Termal Suya Girebilir Mi? | Anneler Topland\u0131k","og_description":"Pek \u00e7ok faydas\u0131yla \u00f6ne \u00e7\u0131kan kapl\u0131calar, zihni ve v\u00fccudu dinlendirmek i\u00e7in en sa\u011fl\u0131kl\u0131 tercihlerden biridir. Termal su i\u00e7eri\u011findeki mineraller sayesinde gencinden ya\u015fl\u0131s\u0131na kadar farkl\u0131 ya\u015f aral\u0131\u011f\u0131ndaki insanlara \u015fifa vermesiyle bilinir. Peki bu \u015fifal\u0131 su, \u00e7ocuklar i\u00e7in yararl\u0131 m\u0131d\u0131r? Termal suyun faydalar\u0131 kadar sa\u011fl\u0131\u011fa olumsuz etkileri de var m\u0131d\u0131r? Termal Havuzlarda \u00c7ocuklar \u0130\u00e7in Ya\u015f S\u0131n\u0131r\u0131 Var [&hellip;]","og_url":"https:\/\/annelertoplandik.com\/blog\/cocuklar-termal-suya-girebilir-mi\/","og_site_name":"Anneler Topland\u0131k","article_published_time":"2025-01-22T18:30:51+00:00","article_modified_time":"2025-01-22T18:30:54+00:00","og_image":[{"width":1280,"height":853,"url":"https:\/\/annelertoplandik.com\/blog\/wp-content\/uploads\/2025\/01\/havuza-girmis-erkek-ve-kiz-cocugu.jpg","type":"image\/jpeg"}],"author":"Admin","twitter_card":"summary_large_image","twitter_misc":{"Yazan:":"Admin","Tahmini okuma s\u00fcresi":"3 dakika"},"schema":{"@context":"https:\/\/schema.org","@graph":[{"@type":"Article","@id":"https:\/\/annelertoplandik.com\/blog\/cocuklar-termal-suya-girebilir-mi\/#article","isPartOf":{"@id":"https:\/\/annelertoplandik.com\/blog\/cocuklar-termal-suya-girebilir-mi\/"},"author":{"name":"Admin","@id":"https:\/\/annelertoplandik.com\/blog\/#\/schema\/person\/1fe572fbbce7ca9b1429e03f3fc0d0a8"},"headline":"\u00c7ocuklar Termal Suya Girebilir Mi?","datePublished":"2025-01-22T18:30:51+00:00","dateModified":"2025-01-22T18:30:54+00:00","mainEntityOfPage":{"@id":"https:\/\/annelertoplandik.com\/blog\/cocuklar-termal-suya-girebilir-mi\/"},"wordCount":505,"commentCount":0,"publisher":{"@id":"https:\/\/annelertoplandik.com\/blog\/#\/schema\/person\/1fe572fbbce7ca9b1429e03f3fc0d0a8"},"image":{"@id":"https:\/\/annelertoplandik.com\/blog\/cocuklar-termal-suya-girebilir-mi\/#primaryimage"},"thumbnailUrl":"https:\/\/annelertoplandik.com\/blog\/wp-content\/uploads\/2025\/01\/havuza-girmis-erkek-ve-kiz-cocugu.jpg","articleSection":["Sponsor"],"inLanguage":"tr","potentialAction":[{"@type":"CommentAction","name":"Comment","target":["https:\/\/annelertoplandik.com\/blog\/cocuklar-termal-suya-girebilir-mi\/#respond"]}]},{"@type":"WebPage","@id":"https:\/\/annelertoplandik.com\/blog\/cocuklar-termal-suya-girebilir-mi\/","url":"https:\/\/annelertoplandik.com\/blog\/cocuklar-termal-suya-girebilir-mi\/","name":"\u00c7ocuklar Termal Suya Girebilir Mi? | Anneler Topland\u0131k","isPartOf":{"@id":"https:\/\/annelertoplandik.com\/blog\/#website"},"primaryImageOfPage":{"@id":"https:\/\/annelertoplandik.com\/blog\/cocuklar-termal-suya-girebilir-mi\/#primaryimage"},"image":{"@id":"https:\/\/annelertoplandik.com\/blog\/cocuklar-termal-suya-girebilir-mi\/#primaryimage"},"thumbnailUrl":"https:\/\/annelertoplandik.com\/blog\/wp-content\/uploads\/2025\/01\/havuza-girmis-erkek-ve-kiz-cocugu.jpg","datePublished":"2025-01-22T18:30:51+00:00","dateModified":"2025-01-22T18:30:54+00:00","breadcrumb":{"@id":"https:\/\/annelertoplandik.com\/blog\/cocuklar-termal-suya-girebilir-mi\/#breadcrumb"},"inLanguage":"tr","potentialAction":[{"@type":"ReadAction","target":["https:\/\/annelertoplandik.com\/blog\/cocuklar-termal-suya-girebilir-mi\/"]}]},{"@type":"ImageObject","inLanguage":"tr","@id":"https:\/\/annelertoplandik.com\/blog\/cocuklar-termal-suya-girebilir-mi\/#primaryimage","url":"https:\/\/annelertoplandik.com\/blog\/wp-content\/uploads\/2025\/01\/havuza-girmis-erkek-ve-kiz-cocugu.jpg","contentUrl":"https:\/\/annelertoplandik.com\/blog\/wp-content\/uploads\/2025\/01\/havuza-girmis-erkek-ve-kiz-cocugu.jpg","width":1280,"height":853},{"@type":"BreadcrumbList","@id":"https:\/\/annelertoplandik.com\/blog\/cocuklar-termal-suya-girebilir-mi\/#breadcrumb","itemListElement":[{"@type":"ListItem","position":1,"name":"Ana sayfa","item":"https:\/\/annelertoplandik.com\/blog\/"},{"@type":"ListItem","position":2,"name":"\u00c7ocuklar Termal Suya Girebilir Mi?"}]},{"@type":"WebSite","@id":"https:\/\/annelertoplandik.com\/blog\/#website","url":"https:\/\/annelertoplandik.com\/blog\/","name":"Anneler Topland\u0131k","description":"Annelerin sanal payla\u015f\u0131m merkezi","publisher":{"@id":"https:\/\/annelertoplandik.com\/blog\/#\/schema\/person\/1fe572fbbce7ca9b1429e03f3fc0d0a8"},"potentialAction":[{"@type":"SearchAction","target":{"@type":"EntryPoint","urlTemplate":"https:\/\/annelertoplandik.com\/blog\/?s={search_term_string}"},"query-input":{"@type":"PropertyValueSpecification","valueRequired":true,"valueName":"search_term_string"}}],"inLanguage":"tr"},{"@type":["Person","Organization"],"@id":"https:\/\/annelertoplandik.com\/blog\/#\/schema\/person\/1fe572fbbce7ca9b1429e03f3fc0d0a8","name":"Admin","image":{"@type":"ImageObject","inLanguage":"tr","@id":"https:\/\/annelertoplandik.com\/blog\/#\/schema\/person\/image\/","url":"https:\/\/annelertoplandik.com\/blog\/wp-content\/litespeed\/avatar\/b11040300c1fe933a5185741d40560b6.jpg?ver=1777637939","contentUrl":"https:\/\/annelertoplandik.com\/blog\/wp-content\/litespeed\/avatar\/b11040300c1fe933a5185741d40560b6.jpg?ver=1777637939","caption":"Admin"},"logo":{"@id":"https:\/\/annelertoplandik.com\/blog\/#\/schema\/person\/image\/"}}]}},"amp_enabled":true,"_links":{"self":[{"href":"https:\/\/annelertoplandik.com\/blog\/wp-json\/wp\/v2\/posts\/5239"}],"collection":[{"href":"https:\/\/annelertoplandik.com\/blog\/wp-json\/wp\/v2\/posts"}],"about":[{"href":"https:\/\/annelertoplandik.com\/blog\/wp-json\/wp\/v2\/types\/post"}],"author":[{"embeddable":true,"href":"https:\/\/annelertoplandik.com\/blog\/wp-json\/wp\/v2\/users\/1"}],"replies":[{"embeddable":true,"href":"https:\/\/annelertoplandik.com\/blog\/wp-json\/wp\/v2\/comments?post=5239"}],"version-history":[{"count":1,"href":"https:\/\/annelertoplandik.com\/blog\/wp-json\/wp\/v2\/posts\/5239\/revisions"}],"predecessor-version":[{"id":5242,"href":"https:\/\/annelertoplandik.com\/blog\/wp-json\/wp\/v2\/posts\/5239\/revisions\/5242"}],"wp:featuredmedia":[{"embeddable":true,"href":"https:\/\/annelertoplandik.com\/blog\/wp-json\/wp\/v2\/media\/5241"}],"wp:attachment":[{"href":"https:\/\/annelertoplandik.com\/blog\/wp-json\/wp\/v2\/media?parent=5239"}],"wp:term":[{"taxonomy":"category","embeddable":true,"href":"https:\/\/annelertoplandik.com\/blog\/wp-json\/wp\/v2\/categories?post=5239"},{"taxonomy":"post_tag","embeddable":true,"href":"https:\/\/annelertoplandik.com\/blog\/wp-json\/wp\/v2\/tags?post=5239"}],"curies":[{"name":"wp","href":"https:\/\/api.w.org\/{rel}","templated":true}]}}