{"id":713,"date":"2019-10-02T13:49:17","date_gmt":"2019-10-02T10:49:17","guid":{"rendered":"https:\/\/annelertoplandik.com\/blog\/?p=713"},"modified":"2023-01-15T12:31:10","modified_gmt":"2023-01-15T09:31:10","slug":"ikizlere-hamile-kalmanin-riskleri","status":"publish","type":"post","link":"https:\/\/annelertoplandik.com\/blog\/ikizlere-hamile-kalmanin-riskleri\/","title":{"rendered":"\u0130kizlere Hamile Kalman\u0131n Riskleri"},"content":{"rendered":"\r\n<p>Belki \u00e7o\u011fu ailenin hayali olan ikiz bebeklere sahip olma olay\u0131 bilindi\u011fi \u00fczere annenin +2 can ta\u015f\u0131mas\u0131yla olu\u015fmaktad\u0131r. Haliyle de anne normal gebeliklerden daha fazla yorulacakt\u0131r. \u00c7o\u011ful gebelik hem sizleri mutlu ederken hem de kayg\u0131land\u0131racakt\u0131r. \u00c7o\u011ful gebelik t\u0131pta en riskli gebeliklerden biridir. Bu riskler anne, fet\u00fcs, do\u011fum sonras\u0131 i\u00e7in olduk\u00e7a b\u00fcy\u00fck zaman dilimlerinde ortaya \u00e7\u0131kabilir. Bunlar gibi bir \u00e7ok <strong>ikizlere hamile kalman\u0131n riskleri <\/strong>hakk\u0131nda sizlere bilgi verece\u011fiz.<\/p>\r\n\r\n\r\n\r\n<h3 class=\"wp-block-heading\">\u00c7o\u011ful Gebeli\u011fin Getirdi\u011fi Sorunlar<\/h3>\r\n\r\n\r\n\r\n<p>\u00c7o\u011ful gebelikler asl\u0131nda bir nevi riskli gebelikler demektir. \u00c7o\u011ful gebeli\u011fin beraberinde getirebilece\u011fi sorunlar\u0131 sizlere anlataca\u011f\u0131z. Fakat bu risklerin hepsi sizlerde bulunacak diye bir kaide yok. Sizler mutlu olduk\u00e7a bebeklerinize pozitif enerji vererek, g\u00fczel bir do\u011fum sa\u011flayabilirsiniz.<\/p>\r\n\r\n\r\n\r\n<figure class=\"wp-block-image\"><img loading=\"lazy\" decoding=\"async\" width=\"511\" height=\"340\" class=\"wp-image-881\" src=\"https:\/\/annelertoplandik.com\/blog\/wp-content\/uploads\/2019\/10\/twins-821215__340.jpg\" alt=\"\" srcset=\"https:\/\/annelertoplandik.com\/blog\/wp-content\/uploads\/2019\/10\/twins-821215__340.jpg 511w, https:\/\/annelertoplandik.com\/blog\/wp-content\/uploads\/2019\/10\/twins-821215__340-300x200.jpg 300w\" sizes=\"(max-width: 511px) 100vw, 511px\" \/>\r\n<figcaption><em>\u0130kizlere Hamile Kalman\u0131n Riskleri<\/em><\/figcaption>\r\n<\/figure>\r\n\r\n\r\n\r\n<h4 class=\"wp-block-heading\"><strong>Anneye Ait Sorunlar:<\/strong><\/h4>\r\n\r\n\r\n\r\n<ul>\r\n<li>Gebeli\u011fe ba\u011fl\u0131 y\u00fcksek tansiyon. (Pek \u00e7ok gebelikte g\u00f6r\u00fclebilen bir durumdur. Bu y\u00fczden \u00e7ok dikkat etmeniz gereken bir konudur. Y\u00fcksek tansiyon sa\u011fl\u0131k a\u00e7\u0131s\u0131ndan b\u00fcy\u00fck bir sorun olmas\u0131n\u0131n yan\u0131nda ikiz gebelikte eklenince risk 2&#8217;ye katlanacakt\u0131r.)<\/li>\r\n<li>\u015eeker hastal\u0131\u011f\u0131. (Gebeli\u011fe ba\u011fl\u0131 olarak, \u015feker hastal\u0131\u011f\u0131n\u0131z \u00e7\u0131kabilir bu y\u00fczden s\u00fcrekli kontorllerinize aksatmadan gitmelisiniz.)<\/li>\r\n<li>Kans\u0131zl\u0131k.<\/li>\r\n<li>\u0130drar Yolu Enfeksiyonu. (Normalde de dikkat etmeniz gereken bu konuyu, gebelik d\u00f6neminizde daha da dikkat ederek ge\u00e7irmelisiniz. Hijyen konusunda kesinlikle dikkatli olmal\u0131s\u0131n\u0131z. Hem sizin hem de bebekleriniz i\u00e7in olduk\u00e7a \u00f6nemli bir konudur.)<\/li>\r\n<\/ul>\r\n\r\n\r\n\r\n<h4 class=\"wp-block-heading\"><strong>Bebe\u011fe Ait Sorunlar:<\/strong><\/h4>\r\n\r\n\r\n\r\n<p><strong>\u0130kizlere hamile kalman\u0131n riskleri<\/strong> genelde bebekler \u00fczerinedir.<\/p>\r\n\r\n\r\n\r\n<ul>\r\n<li>Kromozal anomiler.<\/li>\r\n<li>\u0130zole malformasyonlar.<\/li>\r\n<li>\u00c7ift yumurta ikizlerinde anne ya\u015f\u0131 da s\u00f6z konusu olunca down sendromlu bebekler d\u00fcnyaya gelebilirler. Ayr\u0131ca tek fet\u00fcsl\u00fc 35 ya\u015f\u0131ndaki bir kad\u0131n\u0131n, \u00e7ift fet\u00fcsl\u00fc bir 28 ya\u015f\u0131ndaki bir kad\u0131ndan riski daha azd\u0131r.<\/li>\r\n<li>Monozigotlar ilk 3 g\u00fcn i\u00e7erisinde olu\u015fursa, iki ayr\u0131 kese i\u00e7inde iki ayr\u0131 plesanta olu\u015fur.<\/li>\r\n<li>B\u00f6l\u00fcnme 4-8 g\u00fcnde olu\u015fursa iki kese tek plasenta olu\u015fur.<\/li>\r\n<li>14. g\u00fcnden sonra b\u00f6l\u00fcnme ger\u00e7ekle\u015fir ise siyam ikizleri (Yap\u0131\u015f\u0131k ikizler) meydana gelir.<\/li>\r\n<li>Tek yumurta ikizlerinde, ayr\u0131lma i\u015flemi s\u0131ras\u0131nda bel k\u0131sm\u0131 sakatl\u0131klar\u0131,omurgaya, nefes ve yemek borusuna ait anomaliler, \u00fcrolojik malformasyanlar olu\u015fma s\u00f6z konusudur.<\/li>\r\n<\/ul>\r\n\r\n\r\n\r\n<h3 class=\"wp-block-heading\">Yard\u0131mc\u0131 \u00dcreme Teknikleri<\/h3>\r\n\r\n\r\n\r\n<p>Yard\u0131mc\u0131 \u00fcreme teknikleri ile hamile kalan anne adaylar\u0131, kroniksel anomaliler konusunda endi\u015fe etmelerine gerek yoktur. \u00c7\u00fcnk\u00fc yard\u0131mc\u0131 \u00fcreme teknikleriyle hamile kalan bireylerin, hamileliklerinde bu riskler daha fazlad\u0131r gibi verilere ula\u015f\u0131lmam\u0131\u015ft\u0131r.<\/p>\r\n\r\n\r\n\r\n<p>Tek plesantal\u0131 ikizlerde ise anastomozdan dolay\u0131 (plasentada ki damarsal ili\u015fkiler), bebekten bebe\u011fe kan ge\u00e7i\u015fi olabilir. Bu nedenle de kan veren fetus geli\u015femezken, kan alan fetus ise normalden daha h\u0131zl\u0131 bir \u015fekilde irile\u015febilir. Bunun yan\u0131nda h\u0131zla b\u00fcy\u00fcyen fetus kalp yetmezli\u011fine girebilir.<\/p>\r\n\r\n\r\n\r\n<figure class=\"wp-block-image\">\r\n<figure id=\"attachment_665\" aria-describedby=\"caption-attachment-665\" style=\"width: 250px\" class=\"wp-caption alignnone\"><img loading=\"lazy\" decoding=\"async\" class=\"wp-image-665 size-medium\" src=\"https:\/\/annelertoplandik.com\/blog\/wp-content\/uploads\/2019\/09\/baby-772439__340-250x300.jpg\" alt=\"\u0130kiz Bebek\" width=\"250\" height=\"300\" srcset=\"https:\/\/annelertoplandik.com\/blog\/wp-content\/uploads\/2019\/09\/baby-772439__340-250x300.jpg 250w, https:\/\/annelertoplandik.com\/blog\/wp-content\/uploads\/2019\/09\/baby-772439__340.jpg 283w\" sizes=\"(max-width: 250px) 100vw, 250px\" \/><figcaption id=\"caption-attachment-665\" class=\"wp-caption-text\">\u0130kiz Bebek<\/figcaption><\/figure>\r\n<figcaption>\u0130kizlere Hamile Kalman\u0131n Riskleri<\/figcaption>\r\n<\/figure>\r\n\r\n\r\n\r\n<h3 class=\"wp-block-heading\">Erken Do\u011fum Riski<\/h3>\r\n\r\n\r\n\r\n<p>Genellikle \u00e7o\u011ful gebelikler normalden daha \u00f6nce do\u011fabilirler. Do\u011fumun normal do\u011fum mu yoksa sezaryen do\u011fum mu olaca\u011f\u0131na bebe\u011fin son durumuna kar\u015f\u0131n karar verilir. \u0130kinci do\u011fan bebekte daha fazla riskler vard\u0131r. (Kordon s\u0131k\u0131\u015fmas\u0131, asfiksi, perinatal depresyon, uzun anestezi)<\/p>\r\n\r\n\r\n\r\n<h2 class=\"wp-block-heading\">\u00c7o\u011ful Gebelik Risklerinden Nas\u0131l Korunmal\u0131?<\/h2>\r\n\r\n\r\n\r\n<ul>\r\n<li>Yard\u0131mc\u0131 \u00fcreme teknikleriyle ikiden fazla embriyo transferi yap\u0131lmamal\u0131.<\/li>\r\n<li>\u0130kiden daha fazla gebelik var ise birinin sonland\u0131rma i\u015flemi yap\u0131lmal\u0131d\u0131r.<\/li>\r\n<li>\u00c7o\u011ful gebelik takipleri daha s\u0131k ve hassas bir \u015fekilde yap\u0131lmal\u0131d\u0131r.<\/li>\r\n<li>24. Haftadan itibaren yeni do\u011fan yo\u011fum bak\u0131m merkezlerine yak\u0131n yerlerde bulunulmal\u0131.<\/li>\r\n<li>Di\u011fer hamileliklerde de oldu\u011fu gibi sigara alkol gibi k\u00f6t\u00fc al\u0131\u015fkanl\u0131klardan uzak durulmal\u0131.<\/li>\r\n<li>Ayn\u0131 \u015fekilde baba da bu al\u0131\u015fkanl\u0131klardan uzak durarak do\u011facak bebeklerin sa\u011fl\u0131\u011f\u0131n\u0131 riske atmamal\u0131.<\/li>\r\n<\/ul>\r\n\r\n\r\n\r\n<p>Di\u011fer \u00e7o\u011ful gebelik makaleleri i\u00e7in <a href=\"https:\/\/annelertoplandik.com\/blog\/category\/hamilelik\/cogul-gebelik\/\">t\u0131klay\u0131n<\/a>.<\/p>\r\n","protected":false},"excerpt":{"rendered":"<p>Belki \u00e7o\u011fu ailenin hayali olan ikiz bebeklere sahip olma olay\u0131 bilindi\u011fi \u00fczere annenin +2 can ta\u015f\u0131mas\u0131yla olu\u015fmaktad\u0131r. Haliyle de anne normal gebeliklerden daha fazla yorulacakt\u0131r. \u00c7o\u011ful gebelik hem sizleri mutlu ederken hem de kayg\u0131land\u0131racakt\u0131r. \u00c7o\u011ful gebelik t\u0131pta en riskli gebeliklerden biridir. Bu riskler anne, fet\u00fcs, do\u011fum sonras\u0131 i\u00e7in olduk\u00e7a b\u00fcy\u00fck zaman dilimlerinde ortaya \u00e7\u0131kabilir. Bunlar [&hellip;]<\/p>\n","protected":false},"author":2,"featured_media":666,"comment_status":"open","ping_status":"open","sticky":false,"template":"","format":"standard","meta":{"tdm_status":"","tdm_grid_status":"","footnotes":""},"categories":[30,25],"tags":[170,169,168,167],"yoast_head":"<!-- This site is optimized with the Yoast SEO plugin v24.5 - https:\/\/yoast.com\/wordpress\/plugins\/seo\/ -->\n<title>\u0130kizlere Hamile Kalman\u0131n Riskleri | Anneler Topland\u0131k<\/title>\n<meta name=\"description\" content=\"Sizlere erken do\u011fum, down sendromu, yap\u0131\u015f\u0131k ikizler gibi bir \u00e7ok ikizlere hamile kalman\u0131n riskleri hakk\u0131nda sizlere bilgi verece\u011fiz.\" \/>\n<meta name=\"robots\" content=\"index, follow, max-snippet:-1, max-image-preview:large, max-video-preview:-1\" \/>\n<link rel=\"canonical\" href=\"https:\/\/annelertoplandik.com\/blog\/ikizlere-hamile-kalmanin-riskleri\/\" \/>\n<meta property=\"og:locale\" content=\"tr_TR\" \/>\n<meta property=\"og:type\" content=\"article\" \/>\n<meta property=\"og:title\" content=\"\u0130kizlere Hamile Kalman\u0131n Riskleri | Anneler Topland\u0131k\" \/>\n<meta property=\"og:description\" content=\"Sizlere erken do\u011fum, down sendromu, yap\u0131\u015f\u0131k ikizler gibi bir \u00e7ok ikizlere hamile kalman\u0131n riskleri hakk\u0131nda sizlere bilgi verece\u011fiz.\" \/>\n<meta property=\"og:url\" content=\"https:\/\/annelertoplandik.com\/blog\/ikizlere-hamile-kalmanin-riskleri\/\" \/>\n<meta property=\"og:site_name\" content=\"Anneler Topland\u0131k\" \/>\n<meta property=\"article:published_time\" content=\"2019-10-02T10:49:17+00:00\" \/>\n<meta property=\"article:modified_time\" content=\"2023-01-15T09:31:10+00:00\" \/>\n<meta property=\"og:image\" content=\"https:\/\/annelertoplandik.com\/blog\/wp-content\/uploads\/2019\/09\/twins-1628843_960_720.jpg\" \/>\n\t<meta property=\"og:image:width\" content=\"960\" \/>\n\t<meta property=\"og:image:height\" content=\"636\" \/>\n\t<meta property=\"og:image:type\" content=\"image\/jpeg\" \/>\n<meta name=\"author\" content=\"Emine Yan\u0131k\" \/>\n<meta name=\"twitter:card\" content=\"summary_large_image\" \/>\n<meta name=\"twitter:label1\" content=\"Yazan:\" \/>\n\t<meta name=\"twitter:data1\" content=\"Emine Yan\u0131k\" \/>\n\t<meta name=\"twitter:label2\" content=\"Tahmini okuma s\u00fcresi\" \/>\n\t<meta name=\"twitter:data2\" content=\"3 dakika\" \/>\n<script type=\"application\/ld+json\" class=\"yoast-schema-graph\">{\"@context\":\"https:\/\/schema.org\",\"@graph\":[{\"@type\":\"Article\",\"@id\":\"https:\/\/annelertoplandik.com\/blog\/ikizlere-hamile-kalmanin-riskleri\/#article\",\"isPartOf\":{\"@id\":\"https:\/\/annelertoplandik.com\/blog\/ikizlere-hamile-kalmanin-riskleri\/\"},\"author\":{\"name\":\"Emine Yan\u0131k\",\"@id\":\"https:\/\/annelertoplandik.com\/blog\/#\/schema\/person\/85b8f45b42ffaf0524181a29077be893\"},\"headline\":\"\u0130kizlere Hamile Kalman\u0131n Riskleri\",\"datePublished\":\"2019-10-02T10:49:17+00:00\",\"dateModified\":\"2023-01-15T09:31:10+00:00\",\"mainEntityOfPage\":{\"@id\":\"https:\/\/annelertoplandik.com\/blog\/ikizlere-hamile-kalmanin-riskleri\/\"},\"wordCount\":665,\"commentCount\":0,\"publisher\":{\"@id\":\"https:\/\/annelertoplandik.com\/blog\/#\/schema\/person\/1fe572fbbce7ca9b1429e03f3fc0d0a8\"},\"image\":{\"@id\":\"https:\/\/annelertoplandik.com\/blog\/ikizlere-hamile-kalmanin-riskleri\/#primaryimage\"},\"thumbnailUrl\":\"https:\/\/annelertoplandik.com\/blog\/wp-content\/uploads\/2019\/09\/twins-1628843_960_720.jpg\",\"keywords\":[\"\u00e7o\u011ful gebelik\",\"hamilelik\",\"\u0130kizler\",\"\u0130kizlere Hamile Kalman\u0131n Riskleri\"],\"articleSection\":[\"\u00c7o\u011ful Gebelik\",\"Hamilelik\"],\"inLanguage\":\"tr\",\"potentialAction\":[{\"@type\":\"CommentAction\",\"name\":\"Comment\",\"target\":[\"https:\/\/annelertoplandik.com\/blog\/ikizlere-hamile-kalmanin-riskleri\/#respond\"]}]},{\"@type\":\"WebPage\",\"@id\":\"https:\/\/annelertoplandik.com\/blog\/ikizlere-hamile-kalmanin-riskleri\/\",\"url\":\"https:\/\/annelertoplandik.com\/blog\/ikizlere-hamile-kalmanin-riskleri\/\",\"name\":\"\u0130kizlere Hamile Kalman\u0131n Riskleri | Anneler Topland\u0131k\",\"isPartOf\":{\"@id\":\"https:\/\/annelertoplandik.com\/blog\/#website\"},\"primaryImageOfPage\":{\"@id\":\"https:\/\/annelertoplandik.com\/blog\/ikizlere-hamile-kalmanin-riskleri\/#primaryimage\"},\"image\":{\"@id\":\"https:\/\/annelertoplandik.com\/blog\/ikizlere-hamile-kalmanin-riskleri\/#primaryimage\"},\"thumbnailUrl\":\"https:\/\/annelertoplandik.com\/blog\/wp-content\/uploads\/2019\/09\/twins-1628843_960_720.jpg\",\"datePublished\":\"2019-10-02T10:49:17+00:00\",\"dateModified\":\"2023-01-15T09:31:10+00:00\",\"description\":\"Sizlere erken do\u011fum, down sendromu, yap\u0131\u015f\u0131k ikizler gibi bir \u00e7ok ikizlere hamile kalman\u0131n riskleri hakk\u0131nda sizlere bilgi verece\u011fiz.\",\"breadcrumb\":{\"@id\":\"https:\/\/annelertoplandik.com\/blog\/ikizlere-hamile-kalmanin-riskleri\/#breadcrumb\"},\"inLanguage\":\"tr\",\"potentialAction\":[{\"@type\":\"ReadAction\",\"target\":[\"https:\/\/annelertoplandik.com\/blog\/ikizlere-hamile-kalmanin-riskleri\/\"]}]},{\"@type\":\"ImageObject\",\"inLanguage\":\"tr\",\"@id\":\"https:\/\/annelertoplandik.com\/blog\/ikizlere-hamile-kalmanin-riskleri\/#primaryimage\",\"url\":\"https:\/\/annelertoplandik.com\/blog\/wp-content\/uploads\/2019\/09\/twins-1628843_960_720.jpg\",\"contentUrl\":\"https:\/\/annelertoplandik.com\/blog\/wp-content\/uploads\/2019\/09\/twins-1628843_960_720.jpg\",\"width\":960,\"height\":636,\"caption\":\"\u0130kiz Bebek\"},{\"@type\":\"BreadcrumbList\",\"@id\":\"https:\/\/annelertoplandik.com\/blog\/ikizlere-hamile-kalmanin-riskleri\/#breadcrumb\",\"itemListElement\":[{\"@type\":\"ListItem\",\"position\":1,\"name\":\"Ana sayfa\",\"item\":\"https:\/\/annelertoplandik.com\/blog\/\"},{\"@type\":\"ListItem\",\"position\":2,\"name\":\"\u0130kizlere Hamile Kalman\u0131n Riskleri\"}]},{\"@type\":\"WebSite\",\"@id\":\"https:\/\/annelertoplandik.com\/blog\/#website\",\"url\":\"https:\/\/annelertoplandik.com\/blog\/\",\"name\":\"Anneler Topland\u0131k\",\"description\":\"Annelerin sanal payla\u015f\u0131m merkezi\",\"publisher\":{\"@id\":\"https:\/\/annelertoplandik.com\/blog\/#\/schema\/person\/1fe572fbbce7ca9b1429e03f3fc0d0a8\"},\"potentialAction\":[{\"@type\":\"SearchAction\",\"target\":{\"@type\":\"EntryPoint\",\"urlTemplate\":\"https:\/\/annelertoplandik.com\/blog\/?s={search_term_string}\"},\"query-input\":{\"@type\":\"PropertyValueSpecification\",\"valueRequired\":true,\"valueName\":\"search_term_string\"}}],\"inLanguage\":\"tr\"},{\"@type\":[\"Person\",\"Organization\"],\"@id\":\"https:\/\/annelertoplandik.com\/blog\/#\/schema\/person\/1fe572fbbce7ca9b1429e03f3fc0d0a8\",\"name\":\"Admin\",\"image\":{\"@type\":\"ImageObject\",\"inLanguage\":\"tr\",\"@id\":\"https:\/\/annelertoplandik.com\/blog\/#\/schema\/person\/image\/\",\"url\":\"https:\/\/annelertoplandik.com\/blog\/wp-content\/litespeed\/avatar\/b11040300c1fe933a5185741d40560b6.jpg?ver=1777032257\",\"contentUrl\":\"https:\/\/annelertoplandik.com\/blog\/wp-content\/litespeed\/avatar\/b11040300c1fe933a5185741d40560b6.jpg?ver=1777032257\",\"caption\":\"Admin\"},\"logo\":{\"@id\":\"https:\/\/annelertoplandik.com\/blog\/#\/schema\/person\/image\/\"}},{\"@type\":\"Person\",\"@id\":\"https:\/\/annelertoplandik.com\/blog\/#\/schema\/person\/85b8f45b42ffaf0524181a29077be893\",\"name\":\"Emine Yan\u0131k\",\"image\":{\"@type\":\"ImageObject\",\"inLanguage\":\"tr\",\"@id\":\"https:\/\/annelertoplandik.com\/blog\/#\/schema\/person\/image\/\",\"url\":\"https:\/\/annelertoplandik.com\/blog\/wp-content\/litespeed\/avatar\/6e598086e66105118ab1299dea226fc9.jpg?ver=1777033936\",\"contentUrl\":\"https:\/\/annelertoplandik.com\/blog\/wp-content\/litespeed\/avatar\/6e598086e66105118ab1299dea226fc9.jpg?ver=1777033936\",\"caption\":\"Emine Yan\u0131k\"}}]}<\/script>\n<!-- \/ Yoast SEO plugin. -->","yoast_head_json":{"title":"\u0130kizlere Hamile Kalman\u0131n Riskleri | Anneler Topland\u0131k","description":"Sizlere erken do\u011fum, down sendromu, yap\u0131\u015f\u0131k ikizler gibi bir \u00e7ok ikizlere hamile kalman\u0131n riskleri hakk\u0131nda sizlere bilgi verece\u011fiz.","robots":{"index":"index","follow":"follow","max-snippet":"max-snippet:-1","max-image-preview":"max-image-preview:large","max-video-preview":"max-video-preview:-1"},"canonical":"https:\/\/annelertoplandik.com\/blog\/ikizlere-hamile-kalmanin-riskleri\/","og_locale":"tr_TR","og_type":"article","og_title":"\u0130kizlere Hamile Kalman\u0131n Riskleri | Anneler Topland\u0131k","og_description":"Sizlere erken do\u011fum, down sendromu, yap\u0131\u015f\u0131k ikizler gibi bir \u00e7ok ikizlere hamile kalman\u0131n riskleri hakk\u0131nda sizlere bilgi verece\u011fiz.","og_url":"https:\/\/annelertoplandik.com\/blog\/ikizlere-hamile-kalmanin-riskleri\/","og_site_name":"Anneler Topland\u0131k","article_published_time":"2019-10-02T10:49:17+00:00","article_modified_time":"2023-01-15T09:31:10+00:00","og_image":[{"width":960,"height":636,"url":"https:\/\/annelertoplandik.com\/blog\/wp-content\/uploads\/2019\/09\/twins-1628843_960_720.jpg","type":"image\/jpeg"}],"author":"Emine Yan\u0131k","twitter_card":"summary_large_image","twitter_misc":{"Yazan:":"Emine Yan\u0131k","Tahmini okuma s\u00fcresi":"3 dakika"},"schema":{"@context":"https:\/\/schema.org","@graph":[{"@type":"Article","@id":"https:\/\/annelertoplandik.com\/blog\/ikizlere-hamile-kalmanin-riskleri\/#article","isPartOf":{"@id":"https:\/\/annelertoplandik.com\/blog\/ikizlere-hamile-kalmanin-riskleri\/"},"author":{"name":"Emine Yan\u0131k","@id":"https:\/\/annelertoplandik.com\/blog\/#\/schema\/person\/85b8f45b42ffaf0524181a29077be893"},"headline":"\u0130kizlere Hamile Kalman\u0131n Riskleri","datePublished":"2019-10-02T10:49:17+00:00","dateModified":"2023-01-15T09:31:10+00:00","mainEntityOfPage":{"@id":"https:\/\/annelertoplandik.com\/blog\/ikizlere-hamile-kalmanin-riskleri\/"},"wordCount":665,"commentCount":0,"publisher":{"@id":"https:\/\/annelertoplandik.com\/blog\/#\/schema\/person\/1fe572fbbce7ca9b1429e03f3fc0d0a8"},"image":{"@id":"https:\/\/annelertoplandik.com\/blog\/ikizlere-hamile-kalmanin-riskleri\/#primaryimage"},"thumbnailUrl":"https:\/\/annelertoplandik.com\/blog\/wp-content\/uploads\/2019\/09\/twins-1628843_960_720.jpg","keywords":["\u00e7o\u011ful gebelik","hamilelik","\u0130kizler","\u0130kizlere Hamile Kalman\u0131n Riskleri"],"articleSection":["\u00c7o\u011ful Gebelik","Hamilelik"],"inLanguage":"tr","potentialAction":[{"@type":"CommentAction","name":"Comment","target":["https:\/\/annelertoplandik.com\/blog\/ikizlere-hamile-kalmanin-riskleri\/#respond"]}]},{"@type":"WebPage","@id":"https:\/\/annelertoplandik.com\/blog\/ikizlere-hamile-kalmanin-riskleri\/","url":"https:\/\/annelertoplandik.com\/blog\/ikizlere-hamile-kalmanin-riskleri\/","name":"\u0130kizlere Hamile Kalman\u0131n Riskleri | Anneler Topland\u0131k","isPartOf":{"@id":"https:\/\/annelertoplandik.com\/blog\/#website"},"primaryImageOfPage":{"@id":"https:\/\/annelertoplandik.com\/blog\/ikizlere-hamile-kalmanin-riskleri\/#primaryimage"},"image":{"@id":"https:\/\/annelertoplandik.com\/blog\/ikizlere-hamile-kalmanin-riskleri\/#primaryimage"},"thumbnailUrl":"https:\/\/annelertoplandik.com\/blog\/wp-content\/uploads\/2019\/09\/twins-1628843_960_720.jpg","datePublished":"2019-10-02T10:49:17+00:00","dateModified":"2023-01-15T09:31:10+00:00","description":"Sizlere erken do\u011fum, down sendromu, yap\u0131\u015f\u0131k ikizler gibi bir \u00e7ok ikizlere hamile kalman\u0131n riskleri hakk\u0131nda sizlere bilgi verece\u011fiz.","breadcrumb":{"@id":"https:\/\/annelertoplandik.com\/blog\/ikizlere-hamile-kalmanin-riskleri\/#breadcrumb"},"inLanguage":"tr","potentialAction":[{"@type":"ReadAction","target":["https:\/\/annelertoplandik.com\/blog\/ikizlere-hamile-kalmanin-riskleri\/"]}]},{"@type":"ImageObject","inLanguage":"tr","@id":"https:\/\/annelertoplandik.com\/blog\/ikizlere-hamile-kalmanin-riskleri\/#primaryimage","url":"https:\/\/annelertoplandik.com\/blog\/wp-content\/uploads\/2019\/09\/twins-1628843_960_720.jpg","contentUrl":"https:\/\/annelertoplandik.com\/blog\/wp-content\/uploads\/2019\/09\/twins-1628843_960_720.jpg","width":960,"height":636,"caption":"\u0130kiz Bebek"},{"@type":"BreadcrumbList","@id":"https:\/\/annelertoplandik.com\/blog\/ikizlere-hamile-kalmanin-riskleri\/#breadcrumb","itemListElement":[{"@type":"ListItem","position":1,"name":"Ana sayfa","item":"https:\/\/annelertoplandik.com\/blog\/"},{"@type":"ListItem","position":2,"name":"\u0130kizlere Hamile Kalman\u0131n Riskleri"}]},{"@type":"WebSite","@id":"https:\/\/annelertoplandik.com\/blog\/#website","url":"https:\/\/annelertoplandik.com\/blog\/","name":"Anneler Topland\u0131k","description":"Annelerin sanal payla\u015f\u0131m merkezi","publisher":{"@id":"https:\/\/annelertoplandik.com\/blog\/#\/schema\/person\/1fe572fbbce7ca9b1429e03f3fc0d0a8"},"potentialAction":[{"@type":"SearchAction","target":{"@type":"EntryPoint","urlTemplate":"https:\/\/annelertoplandik.com\/blog\/?s={search_term_string}"},"query-input":{"@type":"PropertyValueSpecification","valueRequired":true,"valueName":"search_term_string"}}],"inLanguage":"tr"},{"@type":["Person","Organization"],"@id":"https:\/\/annelertoplandik.com\/blog\/#\/schema\/person\/1fe572fbbce7ca9b1429e03f3fc0d0a8","name":"Admin","image":{"@type":"ImageObject","inLanguage":"tr","@id":"https:\/\/annelertoplandik.com\/blog\/#\/schema\/person\/image\/","url":"https:\/\/annelertoplandik.com\/blog\/wp-content\/litespeed\/avatar\/b11040300c1fe933a5185741d40560b6.jpg?ver=1777032257","contentUrl":"https:\/\/annelertoplandik.com\/blog\/wp-content\/litespeed\/avatar\/b11040300c1fe933a5185741d40560b6.jpg?ver=1777032257","caption":"Admin"},"logo":{"@id":"https:\/\/annelertoplandik.com\/blog\/#\/schema\/person\/image\/"}},{"@type":"Person","@id":"https:\/\/annelertoplandik.com\/blog\/#\/schema\/person\/85b8f45b42ffaf0524181a29077be893","name":"Emine Yan\u0131k","image":{"@type":"ImageObject","inLanguage":"tr","@id":"https:\/\/annelertoplandik.com\/blog\/#\/schema\/person\/image\/","url":"https:\/\/annelertoplandik.com\/blog\/wp-content\/litespeed\/avatar\/6e598086e66105118ab1299dea226fc9.jpg?ver=1777033936","contentUrl":"https:\/\/annelertoplandik.com\/blog\/wp-content\/litespeed\/avatar\/6e598086e66105118ab1299dea226fc9.jpg?ver=1777033936","caption":"Emine Yan\u0131k"}}]}},"amp_enabled":true,"_links":{"self":[{"href":"https:\/\/annelertoplandik.com\/blog\/wp-json\/wp\/v2\/posts\/713"}],"collection":[{"href":"https:\/\/annelertoplandik.com\/blog\/wp-json\/wp\/v2\/posts"}],"about":[{"href":"https:\/\/annelertoplandik.com\/blog\/wp-json\/wp\/v2\/types\/post"}],"author":[{"embeddable":true,"href":"https:\/\/annelertoplandik.com\/blog\/wp-json\/wp\/v2\/users\/2"}],"replies":[{"embeddable":true,"href":"https:\/\/annelertoplandik.com\/blog\/wp-json\/wp\/v2\/comments?post=713"}],"version-history":[{"count":0,"href":"https:\/\/annelertoplandik.com\/blog\/wp-json\/wp\/v2\/posts\/713\/revisions"}],"wp:featuredmedia":[{"embeddable":true,"href":"https:\/\/annelertoplandik.com\/blog\/wp-json\/wp\/v2\/media\/666"}],"wp:attachment":[{"href":"https:\/\/annelertoplandik.com\/blog\/wp-json\/wp\/v2\/media?parent=713"}],"wp:term":[{"taxonomy":"category","embeddable":true,"href":"https:\/\/annelertoplandik.com\/blog\/wp-json\/wp\/v2\/categories?post=713"},{"taxonomy":"post_tag","embeddable":true,"href":"https:\/\/annelertoplandik.com\/blog\/wp-json\/wp\/v2\/tags?post=713"}],"curies":[{"name":"wp","href":"https:\/\/api.w.org\/{rel}","templated":true}]}}